{"id":170471,"date":"2025-06-12T09:40:10","date_gmt":"2025-06-12T09:40:10","guid":{"rendered":"https:\/\/www.europesays.com\/fr\/170471\/"},"modified":"2025-06-12T09:40:10","modified_gmt":"2025-06-12T09:40:10","slug":"cyril-hanouna-et-kelly-vedovelli-cest-fini-la-chroniqueuse-repond-sans-detour","status":"publish","type":"post","link":"https:\/\/www.europesays.com\/fr\/170471\/","title":{"rendered":"Cyril Hanouna et Kelly Vedovelli, c\u2019est fini ? La chroniqueuse r\u00e9pond sans d\u00e9tour"},"content":{"rendered":"<p>      R\u00e9sum\u00e9<\/p>\n<p>Cyril Hanouna fera-t-il confiance \u00e0 Kelly Vedovelli pour sa nouvelle \u00e9mission sur W9 \u00e0 la rentr\u00e9e ? La chroniqueuse a d\u00e9voil\u00e9 qu&rsquo;elle n&rsquo;en savait rien pour le moment.<\/p>\n<p>        Sommaire<\/p>\n<p>Ce ne sont<strong> pas encore les vacances<\/strong> pour Cyril Hanouna. En effet, <a href=\"https:\/\/www.public.fr\/kelly-vedovelli-bientot-maman-la-chroniqueuse-de-cyril-hanouna-revele-ses-projets\" target=\"_blank\" rel=\"noopener\">l&rsquo;animateur<\/a> est actuellement <strong>\u00e0 l&rsquo;antenne sur Europe 1<\/strong> tous les apr\u00e8s-midis de 16h \u00e0 18h avec son \u00e9mission \u00ab\u00a0On marche sur la t\u00eate\u00a0\u00bb. Une aventure qu&rsquo;il abandonnera \u00e0 la fin de la saison. Et pour cause&#8230; En int\u00e9grant le groupe M6, c&rsquo;est tout naturellement qu&rsquo;il pr\u00e9sentera une <strong>\u00e9mission sur Fun Radio<\/strong>. Par ailleurs, exit \u00ab\u00a0Touche pas \u00e0 mon poste\u00a0\u00bb et C8. D\u00e8s le 1er septembre, <a href=\"https:\/\/www.public.fr\/cyril-hanouna-lanimateur-clashe-severement-lea-salame-gene-par-une-sequence-dans-quelle-epoque\" target=\"_blank\" rel=\"noopener\">le trublion du PAF<\/a> animera un nouveau programme intitul\u00e9 <strong>\u00ab\u00a0Tout beau, tout neuf\u00a0\u00bb<\/strong> (TBT9) sur W9 qui sera <strong>dans la m\u00eame veine que \u00ab\u00a0TPMP\u00a0\u00bb<\/strong>, a-t-il assur\u00e9.<\/p>\n<p>Si l&rsquo;on sait que l&rsquo;\u00e9mission d\u00e9marrera \u00e0 18h45 p\u00e9tante, il reste <strong>une inconnue de taille<\/strong> : <strong>la liste compl\u00e8te des chroniqueurs<\/strong> qui auront la chance de faire partie de cette nouvelle aventure. Le 13 mai dernier,<a href=\"https:\/\/www.public.fr\/cyril-hanouna-affirme-ne-jamais-avoir-regarde-noubliez-pas-les-paroles-la-prod-balance-une-archive-genante\" target=\"_blank\" rel=\"noopener\"> le p\u00e8re de Lino et Bianca<\/a> a fait quelques annonces concernant celles et ceux qui ont d\u00e9j\u00e0 \u00e9t\u00e9 confirm\u00e9s. \u00ab\u00a0Ce n&rsquo;est un secret pour personne que <strong><a href=\"https:\/\/www.public.fr\/thierry-ardisson-compare-gaza-a-auschwitz-dans-quelle-epoque-valerie-benaim-explose-tous-les-invites-se-sont-tus\" target=\"_blank\" rel=\"noopener\">Val\u00e9rie B\u00e9na\u00efm<\/a>, bien entendu, travaillera avec moi \u00e0 la t\u00e9l\u00e9 \u00e0 la rentr\u00e9e<\/strong>\u00ab\u00a0, a-t-il lanc\u00e9 laissant planer le doute concernant son amie <strong>G\u00e9raldine Maillet<\/strong>.<\/p>\n<p>Par ailleurs, concernant <strong>Jordan de Luxe<\/strong>, Cyril Hanouna a laiss\u00e9 entendre qu&rsquo;il serait bien autour de la table. Quant \u00e0 Guillaume Genton, Gilles Verdez, Jean-Michel Maire ou encore <strong>Kelly Vedovelli,<\/strong> l&rsquo;avenir semble plus incertain. Cette derni\u00e8re, qui a commenc\u00e9 en tant que <strong><a href=\"https:\/\/www.public.fr\/kelly-vedovelli-celibataire-sa-reponse-ne-laisse-plus-de-place-au-doute\" target=\"_blank\" rel=\"noopener\">Djette dans \u00ab\u00a0TPMP\u00a0\u00bb<\/a> en 2017<\/strong>, s&rsquo;est alors exprim\u00e9e sans filtre sur sa rentr\u00e9e. Pour le moment, il semblerait qu&rsquo;elle soit dans <strong>le flou le plus total.<\/strong><\/p>\n<p>Cyril Hanouna fera-t-il appel \u00e0 Kelly Vedovelli pour sa rentr\u00e9e ?<\/p>\n<p>Ce mercredi 11 juin, Kelly Vedovelli \u00e9tait <strong>invit\u00e9e sur le plateau du Buzz TV<\/strong>. <a href=\"https:\/\/www.google.com\/url?sa=t&amp;source=web&amp;rct=j&amp;opi=89978449&amp;url=https:\/\/vsd.fr\/79065-kelly-vedovelli-en-malaisie-elle-saffiche-avec-un-mysterieux-jeune-homme-son-nouvel-amoureux\/&amp;ved=2ahUKEwjUsuyCseuNAxUnUqQEHfa9CdgQFnoECBUQAQ&amp;usg=AOvVaw3YgvWfw4RJLDp_jlkf18r9\" target=\"_blank\" rel=\"noopener\">L&rsquo;ex-chroniqueuse<\/a> a notamment \u00e9voqu\u00e9 le nouveau projet de Cyril Hanouna sur W9. \u00ab\u00a0Est-ce que vous lui conseillerez de rester sur le Touche pas \u00e0 mon post tel qu&rsquo;on l\u2019a connu jusque-l\u00e0 (&#8230;) ou bien, sur toute autre chose ?\u00a0\u00bb, lui a alors demand\u00e9 Damien Canivez. <strong>\u00ab\u00a0Je pense qu\u2019il n\u2019a besoin des conseils de personne et il sait qu&rsquo;il a besoin des conseils de personne<\/strong> [&#8230;] Apr\u00e8s nous, on peut donner notre humble avis, mais qui sera entre nous et pour ceux qui veulent l&rsquo;entendre\u00a0\u00bb, a commenc\u00e9 par lancer <a href=\"https:\/\/www.google.com\/url?sa=t&amp;source=web&amp;rct=j&amp;opi=89978449&amp;url=https:\/\/vsd.fr\/77748-je-laime-et-je-laimerai-toujours-cyril-hanouna-sa-verite-sur-la-disparition-soudaine-de-kelly-vedovelli\/&amp;ved=2ahUKEwjUsuyCseuNAxUnUqQEHfa9CdgQFnoECBQQAQ&amp;usg=AOvVaw2yIGAWfcSpSBGRb5XBK8jk\" target=\"_blank\" rel=\"noopener\">la Bella de Gims<\/a>.<\/p>\n<p>Mais alors <a href=\"https:\/\/www.google.com\/url?sa=t&amp;source=web&amp;rct=j&amp;opi=89978449&amp;url=https:\/\/vsd.fr\/77381-kelly-vedovelli-et-geraldine-maillet-des-cachets-astronomiques-jackpot-grace-a-cyril-hanouna\/&amp;ved=2ahUKEwjUsuyCseuNAxUnUqQEHfa9CdgQFnoECC8QAQ&amp;usg=AOvVaw1xdfXKfFaPPRHlUdb0ME6l\" target=\"_blank\" rel=\"noopener\">la jeune femme de 35 ans<\/a> fera-t-elle partie de l&rsquo;aventure W9 ? <strong>Elle n&rsquo;en sait strictement rien <\/strong>selon ses dires : \u00ab\u00a0Nous, notre carri\u00e8re, moi, j&rsquo;appelle \u00e7a un amusement, on l&rsquo;a toujours v\u00e9cu au jour le jour. Donc<strong> ce qu&rsquo;on va faire demain, on n&rsquo;est pas au courant<\/strong>\u00ab\u00a0. En revanche, \u00e0 la question, \u00ab\u00a0est-ce que vous avez envie de faire partie de cette aventure ?\u00a0\u00bb, l\u00e0 aucun doute pour elle. <strong>\u00ab\u00a0Comme toute aventure, c&rsquo;est g\u00e9nial en fait. On s\u2019\u00e9clate l\u00e0-bas, qui n\u2019aurait pas envie de s\u2019amuser et de retrouver ses copains\u00a0?\u00a0\u00bb<\/strong>, a assur\u00e9 <a href=\"https:\/\/www.google.com\/url?sa=t&amp;source=web&amp;rct=j&amp;opi=89978449&amp;url=https:\/\/vsd.fr\/75023-kelly-vedovelli-la-muse-de-cyril-hanouna-face-a-un-chroniqueur-emblematique-fou-amoureux\/&amp;ved=2ahUKEwjUsuyCseuNAxUnUqQEHfa9CdgQFnoECDEQAQ&amp;usg=AOvVaw09tXbM_ZIC3GR-JvFkrn8_\" target=\"_blank\" rel=\"noopener\">la jolie blonde<\/a>. \u00c0 bon entendeur&#8230;<\/p>\n<p>      Mentionn\u00e9s dans cet article<\/p>\n<p>\u00c0 lire aussi<\/p>\n","protected":false},"excerpt":{"rendered":"R\u00e9sum\u00e9 Cyril Hanouna fera-t-il confiance \u00e0 Kelly Vedovelli pour sa nouvelle \u00e9mission sur W9 \u00e0 la rentr\u00e9e ?&hellip;\n","protected":false},"author":2,"featured_media":170472,"comment_status":"","ping_status":"","sticky":false,"template":"","format":"standard","meta":{"footnotes":""},"categories":[8],"tags":[5586,3721,1083,58,59,1011,27,1675,494,22498,22497,2395],"class_list":{"0":"post-170471","1":"post","2":"type-post","3":"status-publish","4":"format-standard","5":"has-post-thumbnail","7":"category-divertissement","8":"tag-animateur-de-television","9":"tag-chroniqueur","10":"tag-cyril-hanouna","11":"tag-divertissement","12":"tag-entertainment","13":"tag-fr","14":"tag-france","15":"tag-kelly-vedovelli","16":"tag-m6","17":"tag-tout-9-tbt9","18":"tag-tout-beau","19":"tag-w9"},"share_on_mastodon":{"url":"https:\/\/pubeurope.com\/@fr\/114669736628703776","error":""},"_links":{"self":[{"href":"https:\/\/www.europesays.com\/fr\/wp-json\/wp\/v2\/posts\/170471","targetHints":{"allow":["GET"]}}],"collection":[{"href":"https:\/\/www.europesays.com\/fr\/wp-json\/wp\/v2\/posts"}],"about":[{"href":"https:\/\/www.europesays.com\/fr\/wp-json\/wp\/v2\/types\/post"}],"author":[{"embeddable":true,"href":"https:\/\/www.europesays.com\/fr\/wp-json\/wp\/v2\/users\/2"}],"replies":[{"embeddable":true,"href":"https:\/\/www.europesays.com\/fr\/wp-json\/wp\/v2\/comments?post=170471"}],"version-history":[{"count":0,"href":"https:\/\/www.europesays.com\/fr\/wp-json\/wp\/v2\/posts\/170471\/revisions"}],"wp:featuredmedia":[{"embeddable":true,"href":"https:\/\/www.europesays.com\/fr\/wp-json\/wp\/v2\/media\/170472"}],"wp:attachment":[{"href":"https:\/\/www.europesays.com\/fr\/wp-json\/wp\/v2\/media?parent=170471"}],"wp:term":[{"taxonomy":"category","embeddable":true,"href":"https:\/\/www.europesays.com\/fr\/wp-json\/wp\/v2\/categories?post=170471"},{"taxonomy":"post_tag","embeddable":true,"href":"https:\/\/www.europesays.com\/fr\/wp-json\/wp\/v2\/tags?post=170471"}],"curies":[{"name":"wp","href":"https:\/\/api.w.org\/{rel}","templated":true}]}}