{"id":170475,"date":"2025-06-12T09:42:09","date_gmt":"2025-06-12T09:42:09","guid":{"rendered":"https:\/\/www.europesays.com\/fr\/170475\/"},"modified":"2025-06-12T09:42:09","modified_gmt":"2025-06-12T09:42:09","slug":"les-vehicules-diesel-et-a-essence-font-de-la-resistance-en-france","status":"publish","type":"post","link":"https:\/\/www.europesays.com\/fr\/170475\/","title":{"rendered":"Les v\u00e9hicules diesel et \u00e0 essence font de la r\u00e9sistance en France"},"content":{"rendered":"<p>Pour l\u2019achat de leur prochain v\u00e9hicule, seuls 9% des Fran\u00e7ais sont pr\u00eats \u00e0 sauter le pas avec un mod\u00e8le \u00e0 batteries, tandis que 44% d\u2019entre eux opteraient pour une motorisation thermique.<\/p>\n<p class=\"fig-paragraph\">Les Fran\u00e7ais ne sont pas press\u00e9s de s\u2019acheter\u00a0<a href=\"http:\/\/www.lefigaro.fr\/economie\/les-vehicules-electriques-abordables-peinent-a-arriver-sur-le-marche-20241014\" data-fig-type=\"Article\" data-gtm-custom-categorie=\"navigation\" data-gtm-custom-action=\"crossclick\" data-gtm-custom-label=\"Contextuel\" data-gtm-event=\"customEventSPE\" data-fig-domain=\"LEFIGARO\" target=\"_blank\" rel=\"noopener\">un mod\u00e8le \u00e9lectrique<\/a>. Seulement 9% souhaiteraient le faire pour leur prochain v\u00e9hicule, soit autant que l\u2019an dernier, selon la nouvelle \u00e9tude de Deloitte sur les tendances de consommation dans l\u2019automobile. Pire, leur int\u00e9r\u00eat pour les mod\u00e8les diesel et \u00e0 essence progresse l\u00e9g\u00e8rement\u00a0: 44% (41% en 2023) les privil\u00e9gieraient lors de l\u2019achat de leur prochain v\u00e9hicule. \u00ab Ce n\u2019est pas comme cela que l\u2019histoire \u00e9tait \u00e9crite, commente Guillaume Crunelle, associ\u00e9 responsable automobile et mobilit\u00e9 chez Deloitte. L\u2019objectif fix\u00e9 en Europe \u00e9tait d\u2019atteindre 25% du mix en 100% \u00e9lectrique en 2025. Nous n\u2019en sommes qu\u2019\u00e0 15,3% en Europe, rappelle le consultant. Cela donne une id\u00e9e de l\u2019\u00e9quilibre financier que doivent trouver les constructeurs qui se sont largement engag\u00e9s et ont investi dans l\u2019\u00e9lectrique. En revanche, le \u201cfull hybride\u201d &#8211; l\u2019hybride non rechargeable \u2013 marche tr\u00e8s bien. \u00bb Et cette motorisation s\u00e9duirait 21% des personnes interrog\u00e9es pour\u2026<\/p>\n<p class=\"fig-premium-paywall__infos\">\n        Cet article est r\u00e9serv\u00e9 aux abonn\u00e9s.        Il vous reste 75% \u00e0 d\u00e9couvrir.\n    <\/p>\n<p>                <img  data- alt=\"Le Figaro\" class=\"fig-img--complete fig-img\"\/><\/p>\n<p class=\"fig-premium-paywall__title\">Vente Flash<\/p>\n<p class=\"fig-premium-paywall__subtitle\">3,99\u20ac par mois pendant 12 mois. Sans engagement.<\/p>\n<p class=\"fig-premium-paywall__connect\">\n                D\u00e9j\u00e0 abonn\u00e9\u00a0?                <a class=\"fig-premium-paywall__connect-link\" href=\"https:\/\/connect.lefigaro.fr\/login?client=horizon_web&amp;type=main&amp;redirect_uri=https%3A%2F%2Fwww.lefigaro.fr%2Fsocietes%2Fles-vehicules-diesel-et-a-essence-font-de-la-resistance-en-france-20250612\" data-js-gtm=\"{&quot;customCategorie&quot;: &quot;conversion&quot;, &quot;customAction&quot;: &quot;before_Landing_Connexion_paywall_auto&quot;, &quot;customLabel&quot;: &quot;bGVmaWdhcm8uZnJfXzFmMDQ2ZDU1LWQxY2ItNjU2OC05ZWU1LTgzOTBjNWI5NjliMF9fTmV3c0ZsYXNo_Les v\u00e9hicules diesel et \u00e0 essence font de la r\u00e9sistance en France_1000&quot;, &quot;customIDSPE&quot;: &quot;bGVmaWdhcm8uZnJfXzFmMDQ2ZDU1LWQxY2ItNjU2OC05ZWU1LTgzOTBjNWI5NjliMF9fTmV3c0ZsYXNo&quot;, &quot;event&quot;: &quot;customEventSPE&quot;}\" target=\"_blank\" rel=\"noopener\"><br \/>\n                    Connectez-vous<br \/>\n                <\/a>\n            <\/p>\n","protected":false},"excerpt":{"rendered":"Pour l\u2019achat de leur prochain v\u00e9hicule, seuls 9% des Fran\u00e7ais sont pr\u00eats \u00e0 sauter le pas avec un&hellip;\n","protected":false},"author":2,"featured_media":170476,"comment_status":"","ping_status":"","sticky":false,"template":"","format":"standard","meta":{"footnotes":""},"categories":[6],"tags":[631,627,630,340,398,35,343,634,405,629,636,33,34,632,638,1011,27,637,399,639,635,401,628,3889,633,407],"class_list":{"0":"post-170475","1":"post","2":"type-post","3":"status-publish","4":"format-standard","5":"has-post-thumbnail","7":"category-economie","8":"tag-action","9":"tag-actions-francaise","10":"tag-actualite-bourse","11":"tag-bourse","12":"tag-bourse-de-paris","13":"tag-business","14":"tag-cac-40","15":"tag-cotation","16":"tag-cotations","17":"tag-cours-des-societes-francaises","18":"tag-devises","19":"tag-economie","20":"tag-economy","21":"tag-fcp","22":"tag-figaro","23":"tag-fr","24":"tag-france","25":"tag-indices","26":"tag-investissement","27":"tag-le-figaro","28":"tag-marches","29":"tag-sicav","30":"tag-societes-etrangeres","31":"tag-voitures-electriques","32":"tag-warrant","33":"tag-warrants"},"share_on_mastodon":{"url":"https:\/\/pubeurope.com\/@fr\/114669744482303356","error":""},"_links":{"self":[{"href":"https:\/\/www.europesays.com\/fr\/wp-json\/wp\/v2\/posts\/170475","targetHints":{"allow":["GET"]}}],"collection":[{"href":"https:\/\/www.europesays.com\/fr\/wp-json\/wp\/v2\/posts"}],"about":[{"href":"https:\/\/www.europesays.com\/fr\/wp-json\/wp\/v2\/types\/post"}],"author":[{"embeddable":true,"href":"https:\/\/www.europesays.com\/fr\/wp-json\/wp\/v2\/users\/2"}],"replies":[{"embeddable":true,"href":"https:\/\/www.europesays.com\/fr\/wp-json\/wp\/v2\/comments?post=170475"}],"version-history":[{"count":0,"href":"https:\/\/www.europesays.com\/fr\/wp-json\/wp\/v2\/posts\/170475\/revisions"}],"wp:featuredmedia":[{"embeddable":true,"href":"https:\/\/www.europesays.com\/fr\/wp-json\/wp\/v2\/media\/170476"}],"wp:attachment":[{"href":"https:\/\/www.europesays.com\/fr\/wp-json\/wp\/v2\/media?parent=170475"}],"wp:term":[{"taxonomy":"category","embeddable":true,"href":"https:\/\/www.europesays.com\/fr\/wp-json\/wp\/v2\/categories?post=170475"},{"taxonomy":"post_tag","embeddable":true,"href":"https:\/\/www.europesays.com\/fr\/wp-json\/wp\/v2\/tags?post=170475"}],"curies":[{"name":"wp","href":"https:\/\/api.w.org\/{rel}","templated":true}]}}