{"id":170479,"date":"2025-06-12T09:44:09","date_gmt":"2025-06-12T09:44:09","guid":{"rendered":"https:\/\/www.europesays.com\/fr\/170479\/"},"modified":"2025-06-12T09:44:09","modified_gmt":"2025-06-12T09:44:09","slug":"il-faut-arreter-avec-le-concours-lepine-des-propositions-les-plus-stupides-cingle-marine-le-pen","status":"publish","type":"post","link":"https:\/\/www.europesays.com\/fr\/170479\/","title":{"rendered":"\u00abIl faut arr\u00eater avec le concours L\u00e9pine des propositions les plus stupides\u00bb, cingle Marine Le\u00a0Pen"},"content":{"rendered":"<p>Invit\u00e9e sur France Inter, la leader du Rassemblement national a d\u00e9taill\u00e9 les propositions de son parti pour r\u00e9pondre au fl\u00e9au des armes blanches \u00e0 l\u2019\u00e9cole.<\/p>\n<p class=\"fig-paragraph\">\u00abMadame P\u00e9cresse en rajoute dans l\u2019absurdit\u00e9&#8230;\u00bb\u00a0<a href=\"http:\/\/www.lefigaro.fr\/politique\/dans-le-loiret-marine-le-pen-et-jordan-bardella-rejouent-leur-derniere-victoire-20250609\" data-fig-type=\"Article\" data-gtm-custom-categorie=\"navigation\" data-gtm-custom-action=\"crossclick\" data-gtm-custom-label=\"Contextuel\" data-gtm-event=\"customEventSPE\" data-fig-domain=\"LEFIGARO\" target=\"_blank\" rel=\"noopener\">Marine Le\u00a0Pen<\/a>\u00a0a manqu\u00e9 de s\u2019\u00e9touffer en entendant la pr\u00e9sidente de la r\u00e9gion \u00cele-de-France proposer que les conseils de discipline aient lieu en mairie avec le chef d\u2019\u00e9tablissement et le maire. \u00abLouis Aliot [maire de Perpignan] va \u00eatre content\u00a0! Il a 100.000 habitants, s\u2019il passe sa vie \u00e0 faire des conseils de discipline, il n\u2019est pas sorti de l\u2019auberge\u00bb, a plaisant\u00e9 la leader du RN, avant d\u2019appeler \u00e0 \u00abarr\u00eater avec le concours L\u00e9pine des propositions les plus stupides\u00bb.<\/p>\n<p class=\"fig-paragraph\">Au micro de France Inter ce jeudi, la d\u00e9put\u00e9e du Pas-de-Calais a d\u00e9taill\u00e9 les mesures de son parti pour r\u00e9pondre au\u00a0<a href=\"http:\/\/www.lefigaro.fr\/actualite-france\/portiques-interdiction-de-vente-de-couteaux-restriction-des-reseaux-sociaux-que-valent-les-pistes-evoquees-pour-endiguer-la-violence-des-mineurs-20250611\" data-fig-type=\"NewsFlash\" data-gtm-custom-categorie=\"navigation\" data-gtm-custom-action=\"crossclick\" data-gtm-custom-label=\"Contextuel\" data-gtm-event=\"customEventSPE\" data-fig-domain=\"LEFIGARO\" target=\"_blank\" rel=\"noopener\">fl\u00e9au des couteaux<\/a>, devenu un v\u00e9ritable \u00abfait de soci\u00e9t\u00e9\u00bb, d\u2019apr\u00e8s elle. \u00abOn ne peut pas consid\u00e9rer comme anodin le fait de porter une arme blanche dans l\u2019espace public\u00bb, estime la triple candidate \u00e0 l\u2019\u00e9lection pr\u00e9sidentielle, plaidant en faveur d\u2019une \u00abr\u00e9ponse extr\u00eamement ferme et rapide\u00bb. Pour Marine Le\u00a0Pen, il faut \u00abappliquer la l\u00e9gislation sur le port d\u2019arme ill\u00e9gal\u00bb et envoyer devant le tribunal correctionnel les fautifs.<\/p>\n<p>\u00abResponsabilisation des parents\u00bb<\/p>\n<p class=\"fig-paragraph\">La chef du groupe RN \u00e0 l\u2019Assembl\u00e9e nationale consid\u00e8re \u00e9galement que \u00abvouloir \u00e0 tout prix les \u00e9l\u00e8ves violents et gravement perturbateurs dans l\u2019enseignement classique\u00bb est une erreur et plaide pour les \u00abdiriger vers des \u00e9tablissements adapt\u00e9s aux probl\u00e8mes de discipline\u00bb. \u00abJe suis tr\u00e8s attach\u00e9e \u00e0 ce qu\u2019il y ait un grand processus de resacralisation de l\u2019int\u00e9grit\u00e9 physique\u00bb, a ajout\u00e9 Marine Le\u00a0Pen, partisane de \u00abpeines courtes mais fermes d\u00e8s le premier d\u00e9lit grave pour les mineurs\u00bb.<\/p>\n<p class=\"fig-paragraph\">Enfin, Marine Le\u00a0Pen a soulev\u00e9 la question de la \u00abresponsabilisation des parents\u00bb et brandi l\u2019article 227-17 du Code p\u00e9nal qui punit un parent ne remplissant pas ses obligations l\u00e9gales \u00e0 l\u2019\u00e9gard de son enfant. \u00abOn a un arsenal juridique, utilisons-le et arr\u00eatons de vouloir inventer de nouvelles choses qui sont, de surcro\u00eet, inefficaces\u00bb, a expliqu\u00e9 la leader du RN, sceptique quant \u00e0\u00a0<a href=\"http:\/\/www.lefigaro.fr\/secteur\/high-tech\/reseaux-sociaux-est-il-vraiment-possible-d-interdire-l-acces-aux-moins-de-15-ans-comme-le-souhaite-emmanuel-macron-20250611\" data-fig-type=\"Article\" data-gtm-custom-categorie=\"navigation\" data-gtm-custom-action=\"crossclick\" data-gtm-custom-label=\"Contextuel\" data-gtm-event=\"customEventSPE\" data-fig-domain=\"LEFIGARO\" target=\"_blank\" rel=\"noopener\">l\u2019interdiction des r\u00e9seaux sociaux<\/a>\u00a0aux moins de 15 ans, promis par Emmanuel Macron.<\/p>\n","protected":false},"excerpt":{"rendered":"Invit\u00e9e sur France Inter, la leader du Rassemblement national a d\u00e9taill\u00e9 les propositions de son parti pour r\u00e9pondre&hellip;\n","protected":false},"author":2,"featured_media":170480,"comment_status":"","ping_status":"","sticky":false,"template":"","format":"standard","meta":{"footnotes":""},"categories":[4],"tags":[11,426,427,422,423,1011,27,418,424,425,420,421,430,12,419,316,429,25,428],"class_list":{"0":"post-170479","1":"post","2":"type-post","3":"status-publish","4":"format-standard","5":"has-post-thumbnail","7":"category-france","8":"tag-actualites","9":"tag-candidat","10":"tag-candidats","11":"tag-depute","12":"tag-deputes","13":"tag-fr","14":"tag-france","15":"tag-gouvernement","16":"tag-institution","17":"tag-institutions","18":"tag-loi","19":"tag-lois","20":"tag-marine-le-pen","21":"tag-news","22":"tag-opposition","23":"tag-politique","24":"tag-ps","25":"tag-republique-francaise","26":"tag-ump"},"share_on_mastodon":{"url":"https:\/\/pubeurope.com\/@fr\/114669752445053027","error":""},"_links":{"self":[{"href":"https:\/\/www.europesays.com\/fr\/wp-json\/wp\/v2\/posts\/170479","targetHints":{"allow":["GET"]}}],"collection":[{"href":"https:\/\/www.europesays.com\/fr\/wp-json\/wp\/v2\/posts"}],"about":[{"href":"https:\/\/www.europesays.com\/fr\/wp-json\/wp\/v2\/types\/post"}],"author":[{"embeddable":true,"href":"https:\/\/www.europesays.com\/fr\/wp-json\/wp\/v2\/users\/2"}],"replies":[{"embeddable":true,"href":"https:\/\/www.europesays.com\/fr\/wp-json\/wp\/v2\/comments?post=170479"}],"version-history":[{"count":0,"href":"https:\/\/www.europesays.com\/fr\/wp-json\/wp\/v2\/posts\/170479\/revisions"}],"wp:featuredmedia":[{"embeddable":true,"href":"https:\/\/www.europesays.com\/fr\/wp-json\/wp\/v2\/media\/170480"}],"wp:attachment":[{"href":"https:\/\/www.europesays.com\/fr\/wp-json\/wp\/v2\/media?parent=170479"}],"wp:term":[{"taxonomy":"category","embeddable":true,"href":"https:\/\/www.europesays.com\/fr\/wp-json\/wp\/v2\/categories?post=170479"},{"taxonomy":"post_tag","embeddable":true,"href":"https:\/\/www.europesays.com\/fr\/wp-json\/wp\/v2\/tags?post=170479"}],"curies":[{"name":"wp","href":"https:\/\/api.w.org\/{rel}","templated":true}]}}