{"id":170507,"date":"2025-06-12T10:01:12","date_gmt":"2025-06-12T10:01:12","guid":{"rendered":"https:\/\/www.europesays.com\/fr\/170507\/"},"modified":"2025-06-12T10:01:12","modified_gmt":"2025-06-12T10:01:12","slug":"strasbourg-un-enfant-de-9-ans-blesse-dans-un-accident-de-trottinette","status":"publish","type":"post","link":"https:\/\/www.europesays.com\/fr\/170507\/","title":{"rendered":"Strasbourg. Un enfant de 9 ans bless\u00e9 dans un accident de trottinette"},"content":{"rendered":"<p>La collision s\u2019est produite vers 14\u00a0h\u00a030, mercredi 11\u00a0juin, alors qu\u2019un enfant de neuf ans circulait en trottinette sur le trottoir, accompagn\u00e9 plus loin par son oncle en quad. En voulant se d\u00e9placer sur la chauss\u00e9e, le jeune gar\u00e7on, par manque d\u2019attention, s\u2019est fait percuter par une voiture, rue Otto-Back, \u00e0 Strasbourg.<\/p>\n<p>Transport\u00e9 au CHU de Hautepierre, il souffrait de douleurs \u00e0 la hanche droite, au genou et d\u2019une arcade sourcili\u00e8re ouverte.<\/p>\n","protected":false},"excerpt":{"rendered":"La collision s\u2019est produite vers 14\u00a0h\u00a030, mercredi 11\u00a0juin, alors qu\u2019un enfant de neuf ans circulait en trottinette sur&hellip;\n","protected":false},"author":2,"featured_media":170508,"comment_status":"","ping_status":"","sticky":false,"template":"","format":"standard","meta":{"footnotes":""},"categories":[2820],"tags":[119,1111,11,2880,1777,674,274,107,1011,27,775,12,25,640,2879],"class_list":{"0":"post-170507","1":"post","2":"type-post","3":"status-publish","4":"format-standard","5":"has-post-thumbnail","7":"category-strasbourg","8":"tag-accident","9":"tag-actu","10":"tag-actualites","11":"tag-edition-strasbourg","12":"tag-eu","13":"tag-europe","14":"tag-faits-divers-justice","15":"tag-fil-info","16":"tag-fr","17":"tag-france","18":"tag-grand-est","19":"tag-news","20":"tag-republique-francaise","21":"tag-strasbourg","22":"tag-strasbourg-ville"},"share_on_mastodon":{"url":"https:\/\/pubeurope.com\/@fr\/114669819254606308","error":""},"_links":{"self":[{"href":"https:\/\/www.europesays.com\/fr\/wp-json\/wp\/v2\/posts\/170507","targetHints":{"allow":["GET"]}}],"collection":[{"href":"https:\/\/www.europesays.com\/fr\/wp-json\/wp\/v2\/posts"}],"about":[{"href":"https:\/\/www.europesays.com\/fr\/wp-json\/wp\/v2\/types\/post"}],"author":[{"embeddable":true,"href":"https:\/\/www.europesays.com\/fr\/wp-json\/wp\/v2\/users\/2"}],"replies":[{"embeddable":true,"href":"https:\/\/www.europesays.com\/fr\/wp-json\/wp\/v2\/comments?post=170507"}],"version-history":[{"count":0,"href":"https:\/\/www.europesays.com\/fr\/wp-json\/wp\/v2\/posts\/170507\/revisions"}],"wp:featuredmedia":[{"embeddable":true,"href":"https:\/\/www.europesays.com\/fr\/wp-json\/wp\/v2\/media\/170508"}],"wp:attachment":[{"href":"https:\/\/www.europesays.com\/fr\/wp-json\/wp\/v2\/media?parent=170507"}],"wp:term":[{"taxonomy":"category","embeddable":true,"href":"https:\/\/www.europesays.com\/fr\/wp-json\/wp\/v2\/categories?post=170507"},{"taxonomy":"post_tag","embeddable":true,"href":"https:\/\/www.europesays.com\/fr\/wp-json\/wp\/v2\/tags?post=170507"}],"curies":[{"name":"wp","href":"https:\/\/api.w.org\/{rel}","templated":true}]}}