{"id":170511,"date":"2025-06-12T10:03:09","date_gmt":"2025-06-12T10:03:09","guid":{"rendered":"https:\/\/www.europesays.com\/fr\/170511\/"},"modified":"2025-06-12T10:03:09","modified_gmt":"2025-06-12T10:03:09","slug":"meteo-a-nice-une-plume-de-chaleur-avec-des-temperatures-extremes-annoncee","status":"publish","type":"post","link":"https:\/\/www.europesays.com\/fr\/170511\/","title":{"rendered":"M\u00e9t\u00e9o \u00e0 Nice. Une \u00ab\u00a0plume de chaleur\u00a0\u00bb avec des temp\u00e9ratures extr\u00eames annonc\u00e9e"},"content":{"rendered":"<p>            Par<br \/>\n        <strong><br \/>\n            <a href=\"https:\/\/actu.fr\/auteur\/redaction-nice\" title=\"Consulter tous les articles de R\u00e9daction Nice\" rel=\"nofollow noopener\" target=\"_blank\">R\u00e9daction Nice<\/a><br \/>\n        <\/strong><\/p>\n<p>        Publi\u00e9 le<\/p>\n<p>            12 juin 2025 \u00e0 11h43        <\/p>\n<p>Les temp\u00e9ratures vont grimper dans les prochains jours. Alors que l\u2019\u00e9t\u00e9 d\u00e9butera officiellement samedi 21\u00a0juin, une <strong>vague de chaleur<\/strong> est attendue en cette fin de semaine dans les <a href=\"https:\/\/actu.fr\/provence-alpes-cote-d-azur\/alpes-maritimes_06\" rel=\"nofollow noopener\" target=\"_blank\">Alpes-Maritimes<\/a>. \u00c0 <a href=\"https:\/\/actu.fr\/nice\/\" rel=\"nofollow noopener\" target=\"_blank\">Nice<\/a>, M\u00e9t\u00e9o-France annonce ce vendredi des temp\u00e9ratures atteignant les 29\u00b0C avec un ressenti maximal \u00e0 36\u00b0C. Avec un <a href=\"https:\/\/actu.fr\/meteo\/indice-uv-a-partir-de-quand-doit-on-se-proteger-du-soleil_59372090.html\" rel=\"nofollow noopener\" target=\"_blank\">indice UV pr\u00e9vu \u00e0 9<\/a> dans la matin\u00e9e, lunettes de soleil et cr\u00e8me solaire sont vivement recommand\u00e9s.<\/p>\n<p class=\" wall-content\">Ce week-end, les temp\u00e9ratures grimperont <strong>jusqu\u2019\u00e0 31\u00b0C <\/strong>le samedi et 29\u00b0C le dimanche. Quelques nuages sont attendus.<\/p>\n<p>Un \u00e9v\u00e9nement extr\u00eame de plus en plus commun<\/p>\n<p class=\" wall-content\">Le ph\u00e9nom\u00e8ne, pr\u00e9sent\u00e9 comme exceptionnel, devient monnaie courante depuis quelques ann\u00e9es. En 2022 d\u00e9j\u00e0, une <strong>vague de chaleur similaire<\/strong> avait d\u00e9ferl\u00e9 sur le sud de la France, d\u00e8s les deux premi\u00e8res semaines du mois de juin.<\/p>\n<p class=\" wall-content\">\u00ab\u2009Il y a eu trois fois plus de vagues de chaleur ces 30 derni\u00e8res ann\u00e9es que durant les 42 pr\u00e9c\u00e9dentes\u2009\u00bb, pr\u00e9cisaient d\u00e9j\u00e0 cette ann\u00e9e-l\u00e0 nos confr\u00e8res d\u2019Ici.<\/p>\n<p>Une \u00ab\u2009plume de chaleur\u2009\u00bb<\/p>\n<p class=\" wall-content\">Pour cet \u00e9pisode, il s\u2019agit d\u2019une \u00ab\u2009plume de chaleur\u2009\u00bb qui ressemble sur de nombreux points \u00e0 une canicule. Mais il s\u2019agit d\u2019une remont\u00e9e d\u2019air chaud provenant du Sud et non d\u2019un d\u00f4me de chaleur. Ce ph\u00e9nom\u00e8ne est dynamique, et non statique au-dessus d\u2019une zone limit\u00e9e.<\/p>\n<p>Vid\u00e9os : en ce moment sur Actu<\/p>\n<p class=\" wall-content\">Dans les autres r\u00e9gions, des ph\u00e9nom\u00e8nes orageux sont attendus. M\u00e9t\u00e9o France a m\u00eame plac\u00e9 <a href=\"https:\/\/actu.fr\/meteo\/orages-violents-et-canicule-ce-mercredi-meteo-france-place-de-nombreux-departements-en-vigilance_62751896.html\" rel=\"nofollow noopener\" target=\"_blank\">quatre d\u00e9partements en vigilance orange<\/a>.<\/p>\n<p class=\" wall-content\"><strong>Par Florine Amenta<\/strong><\/p>\n<p class=\" wall-content\">Suivez toute l\u2019actualit\u00e9 de vos villes et m\u00e9dias favoris en vous inscrivant \u00e0 <a href=\"https:\/\/moncompte.actu.fr\" title=\"D\u00e9couvez Mon Actu\" rel=\"nofollow noopener\" data-trk=\"{&quot;cta&quot;:{&quot;action&quot;:&quot;https:\\\/\\\/moncompte.actu.fr&quot;,&quot;category&quot;:&quot;mon compte&quot;,&quot;from&quot;:&quot;article footer&quot;,&quot;name&quot;:&quot;Mon actu&quot;,&quot;type&quot;:&quot;cta&quot;}}\" target=\"_blank\">Mon Actu<\/a>.<\/p>\n","protected":false},"excerpt":{"rendered":"Par R\u00e9daction Nice Publi\u00e9 le 12 juin 2025 \u00e0 11h43 Les temp\u00e9ratures vont grimper dans les prochains jours.&hellip;\n","protected":false},"author":2,"featured_media":4877,"comment_status":"","ping_status":"","sticky":false,"template":"","format":"standard","meta":{"footnotes":""},"categories":[2819],"tags":[1111,11,1777,674,1011,27,2487,2357,12,2401,882,25],"class_list":{"0":"post-170511","1":"post","2":"type-post","3":"status-publish","4":"format-standard","5":"has-post-thumbnail","7":"category-nice","8":"tag-actu","9":"tag-actualites","10":"tag-eu","11":"tag-europe","12":"tag-fr","13":"tag-france","14":"tag-meteo","15":"tag-meteo-france","16":"tag-news","17":"tag-nice","18":"tag-provence-alpes-cote-dazur","19":"tag-republique-francaise"},"share_on_mastodon":{"url":"https:\/\/pubeurope.com\/@fr\/114669827127216176","error":""},"_links":{"self":[{"href":"https:\/\/www.europesays.com\/fr\/wp-json\/wp\/v2\/posts\/170511","targetHints":{"allow":["GET"]}}],"collection":[{"href":"https:\/\/www.europesays.com\/fr\/wp-json\/wp\/v2\/posts"}],"about":[{"href":"https:\/\/www.europesays.com\/fr\/wp-json\/wp\/v2\/types\/post"}],"author":[{"embeddable":true,"href":"https:\/\/www.europesays.com\/fr\/wp-json\/wp\/v2\/users\/2"}],"replies":[{"embeddable":true,"href":"https:\/\/www.europesays.com\/fr\/wp-json\/wp\/v2\/comments?post=170511"}],"version-history":[{"count":0,"href":"https:\/\/www.europesays.com\/fr\/wp-json\/wp\/v2\/posts\/170511\/revisions"}],"wp:featuredmedia":[{"embeddable":true,"href":"https:\/\/www.europesays.com\/fr\/wp-json\/wp\/v2\/media\/4877"}],"wp:attachment":[{"href":"https:\/\/www.europesays.com\/fr\/wp-json\/wp\/v2\/media?parent=170511"}],"wp:term":[{"taxonomy":"category","embeddable":true,"href":"https:\/\/www.europesays.com\/fr\/wp-json\/wp\/v2\/categories?post=170511"},{"taxonomy":"post_tag","embeddable":true,"href":"https:\/\/www.europesays.com\/fr\/wp-json\/wp\/v2\/tags?post=170511"}],"curies":[{"name":"wp","href":"https:\/\/api.w.org\/{rel}","templated":true}]}}