{"id":170514,"date":"2025-06-12T10:05:17","date_gmt":"2025-06-12T10:05:17","guid":{"rendered":"https:\/\/www.europesays.com\/fr\/170514\/"},"modified":"2025-06-12T10:05:17","modified_gmt":"2025-06-12T10:05:17","slug":"un-laboratoire-nantais-propose-une-solution-innovante-de-guidage-pour-les-malvoyants","status":"publish","type":"post","link":"https:\/\/www.europesays.com\/fr\/170514\/","title":{"rendered":"Un laboratoire nantais propose une solution\u00a0innovante de guidage pour les malvoyants"},"content":{"rendered":"<tr wp_automatic_readability=\"5.8758620689655\">\n<td valign=\"middle\" align=\"center\" class=\"col-logo\" wp_automatic_readability=\"5\">\n    <img decoding=\"async\" src=\"https:\/\/maville.com\/design\/images\/logo-of-monetise.svg?version=20130627\" alt=\"logo Ouest-France\" height=\"66\"\/><\/p>\n<p>Contenu r\u00e9serv\u00e9 aux abonn\u00e9s<\/p>\n<\/td>\n<td class=\"col-titre\">\n\t\t\tJeudi 12 juin 2025 10:00<br \/>\n\t\t\t<a class=\"icon-bulle sizeL count\" href=\"#ancreAvis\"><br \/>\n\t&#8230;<br \/>\n<\/a><\/td>\n<\/tr>\n<p>\t\t<a class=\"mavillebox2 elmt-photo\" href=\"https:\/\/maville.com\/photosmvi\/2025\/06\/12\/P35285861D6850223G.jpg\" title=\" Les chercheurs du projet Inmob ont analys\u00e9 les donn\u00e9es collect\u00e9es lors d\u2019essai, comme celui-ci avec Catherine sur la piste test du campus de l\u2019Universit\u00e9 Gustave Eiffel.  \u00a9  Laboratoire GEOLOC - projet Inmob  &lt;!--TAG-BLC credit--&gt;\" rel=\"galerie_actu noopener\" target=\"_blank\"><br \/>\n\t<img decoding=\"async\" src=\"https:\/\/www.europesays.com\/fr\/wp-content\/uploads\/2025\/06\/P35285861D6850223G_crop_640-330_.jpg\" alt=\"photo  les chercheurs du projet inmob ont analys\u00e9 les donn\u00e9es collect\u00e9es lors d\u2019essai, comme celui-ci avec catherine sur la piste test du campus de l\u2019universit\u00e9 gustave eiffel.  \u00a9  laboratoire geoloc - projet inmob \"\/><br \/>\n\t1<br \/>\n<\/a><\/p>\n<p class=\"elmt-legende\"> Les chercheurs du projet Inmob ont analys\u00e9 les donn\u00e9es collect\u00e9es lors d\u2019essai, comme celui-ci avec Catherine sur la piste test du campus de l\u2019Universit\u00e9 Gustave Eiffel.  \u00a9  Laboratoire GEOLOC &#8211; projet Inmob  <\/p>\n<p>\t\tApr\u00e8s cinq ans de recherches pour am\u00e9liorer les solutions de guidage pour les d\u00e9ficients visuels, le projet Inmob touche \u00e0 sa fin. La technologie de g\u00e9olocalisation ne s\u2019appuie plus sur le GPS, mais sur des estimations de pas et du style de marche. Une innovation pour les chercheurs. Un espoir pour les malvoyants et les aveugles.<\/p>\n<p><b>Cet article est r\u00e9serv\u00e9 aux abonn\u00e9s<\/b><\/p>\n<p>Pour un acc\u00e8s imm\u00e9diat, abonnez-vous<\/p>\n<p><b>1\u00e8re semaine offerte<\/b><\/p>\n<p>\t\t Janice BOHUON. \u00a0\u00a0<br \/>\n\t\tOuest-France<\/p>\n<p>Retrouvez d&rsquo;autres actus sur les communes de :<\/p>\n<p>\t\t&#13;<\/p>\n","protected":false},"excerpt":{"rendered":"Contenu r\u00e9serv\u00e9 aux abonn\u00e9s Jeudi 12 juin 2025 10:00 &#8230; 1 Les chercheurs du projet Inmob ont analys\u00e9&hellip;\n","protected":false},"author":2,"featured_media":170515,"comment_status":"","ping_status":"","sticky":false,"template":"","format":"standard","meta":{"footnotes":""},"categories":[2818],"tags":[1111,11,1777,674,1011,27,30501,8036,7141,30502,4715,766,12,2636,6088,25,9451],"class_list":{"0":"post-170514","1":"post","2":"type-post","3":"status-publish","4":"format-standard","5":"has-post-thumbnail","7":"category-nantes","8":"tag-actu","9":"tag-actualites","10":"tag-eu","11":"tag-europe","12":"tag-fr","13":"tag-france","14":"tag-guidage","15":"tag-innovante","16":"tag-laboratoire","17":"tag-malvoyants","18":"tag-nantais","19":"tag-nantes","20":"tag-news","21":"tag-pays-de-la-loire","22":"tag-propose","23":"tag-republique-francaise","24":"tag-solution"},"share_on_mastodon":{"url":"https:\/\/pubeurope.com\/@fr\/114669835159529062","error":""},"_links":{"self":[{"href":"https:\/\/www.europesays.com\/fr\/wp-json\/wp\/v2\/posts\/170514","targetHints":{"allow":["GET"]}}],"collection":[{"href":"https:\/\/www.europesays.com\/fr\/wp-json\/wp\/v2\/posts"}],"about":[{"href":"https:\/\/www.europesays.com\/fr\/wp-json\/wp\/v2\/types\/post"}],"author":[{"embeddable":true,"href":"https:\/\/www.europesays.com\/fr\/wp-json\/wp\/v2\/users\/2"}],"replies":[{"embeddable":true,"href":"https:\/\/www.europesays.com\/fr\/wp-json\/wp\/v2\/comments?post=170514"}],"version-history":[{"count":0,"href":"https:\/\/www.europesays.com\/fr\/wp-json\/wp\/v2\/posts\/170514\/revisions"}],"wp:featuredmedia":[{"embeddable":true,"href":"https:\/\/www.europesays.com\/fr\/wp-json\/wp\/v2\/media\/170515"}],"wp:attachment":[{"href":"https:\/\/www.europesays.com\/fr\/wp-json\/wp\/v2\/media?parent=170514"}],"wp:term":[{"taxonomy":"category","embeddable":true,"href":"https:\/\/www.europesays.com\/fr\/wp-json\/wp\/v2\/categories?post=170514"},{"taxonomy":"post_tag","embeddable":true,"href":"https:\/\/www.europesays.com\/fr\/wp-json\/wp\/v2\/tags?post=170514"}],"curies":[{"name":"wp","href":"https:\/\/api.w.org\/{rel}","templated":true}]}}