{"id":170524,"date":"2025-06-12T10:10:11","date_gmt":"2025-06-12T10:10:11","guid":{"rendered":"https:\/\/www.europesays.com\/fr\/170524\/"},"modified":"2025-06-12T10:10:11","modified_gmt":"2025-06-12T10:10:11","slug":"la-ville-comme-terrain-de-jeu-a-velo-pour-les-enfants","status":"publish","type":"post","link":"https:\/\/www.europesays.com\/fr\/170524\/","title":{"rendered":"la ville comme terrain de jeu \u00e0 v\u00e9lo pour les enfants"},"content":{"rendered":"<p>Le samedi 14 juin prochain, la Maison du V\u00e9lo de Toulouse et le festival Rio Loco organisent une Kidical Mass version haute en couleur. Objectif : faire rouler les enfants, dans la joie, mais aussi pour revendiquer leur place en ville. Une manifestation joyeuse \u00e0 deux roues qui se veut autant festive que politique.<\/p>\n<p>Kidical Mass Toulouse : une parade \u00e0 v\u00e9lo pour les enfants<\/p>\n<p><a href=\"https:\/\/weelz.ouest-france.fr\/wp-content\/uploads\/2025\/06\/d654gd654g6df46g4df6g4fd6-png.webp\" target=\"_blank\" rel=\"noopener\"><img loading=\"lazy\" decoding=\"async\" width=\"1448\" height=\"2048\" src=\"data:image\/gif;base64,R0lGODlhAQABAIAAAAAAAP\/\/\/yH5BAEAAAAALAAAAAABAAEAAAIBRAA7\" data-lazy-type=\"image\" data-lazy-src=\"https:\/\/www.europesays.com\/fr\/wp-content\/uploads\/2025\/06\/d654gd654g6df46g4df6g4fd6-1448x2048.webp.webp\" alt=\"Kidical Mass Toulouse : une parade \u00e0 v\u00e9lo pour les enfants\" class=\"lazy lazy-hidden wp-image-66661\" data-lazy- data-lazy-\/><\/a>Kidical Mass Toulouse : une parade \u00e0 v\u00e9lo pour les enfants<\/p>\n<p>N\u00e9e en Allemagne, la Kidical Mass s\u2019inspire directement de la Critical Mass, version enfants. Si vous n&rsquo;\u00eates pas bien au fait sur la question, vous pouvez relire <a href=\"https:\/\/weelz.ouest-france.fr\/kidical-mass-redonner-une-place-aux-enfants-a-velo-en-ville\/\" target=\"_blank\" rel=\"noopener\">notre article juste ici<\/a>. L\u2019id\u00e9e est simple : se r\u00e9approprier l\u2019espace public \u00e0 v\u00e9lo, et rappeler que la rue appartient aussi aux plus jeunes.<\/p>\n<p>\u00c0 Toulouse, l\u2019\u00e9dition 2025 prend une tournure plus festive encore gr\u00e2ce \u00e0 l\u2019association de la Maison du V\u00e9lo et du festival Rio Loco. Le mot d\u2019ordre reste le m\u00eame : faire entendre la voix des cyclistes en herbe, trop souvent oubli\u00e9s dans l\u2019am\u00e9nagement urbain.<\/p>\n<p>Ce samedi 14 juin, le parvis de la gare Matabiau deviendra le terrain de jeu des petits cyclistes. Ateliers de customisation de v\u00e9lo, maquillage, cr\u00e9ation de pancartes et smoothies mix\u00e9s \u00e0 la force des mollets\u2026 la mise en jambes est annonc\u00e9e. \u00c0 15h30, le cort\u00e8ge s\u2019\u00e9lancera en musique, guid\u00e9 par un v\u00e9lo-cargo sonoris\u00e9, direction les berges de la Garonne.<\/p>\n<p>Un trajet s\u00e9curis\u00e9 \u00e0 v\u00e9lo triple A : tous \u00e2ges bienvenus<\/p>\n<p>Pas besoin d\u2019\u00eatre un cycliste aguerri pour participer : l\u2019\u00e9v\u00e9nement est pens\u00e9 pour les familles. Le parcours est plat, le rythme adapt\u00e9 aux plus petits et tous les engins roulants sont les bienvenus, du v\u00e9lo cargo \u00e0 la draisienne en passant par la remorque et la trottinette. Aucune inscription requise, juste un v\u00e9lo en \u00e9tat de marche et un peu d\u2019\u00e9nergie.<\/p>\n<p><a href=\"https:\/\/www.europesays.com\/fr\/wp-content\/uploads\/2025\/06\/g56df46gf4d6g4df6g4.webp.webp\"><img loading=\"lazy\" decoding=\"async\" width=\"612\" height=\"766\" src=\"data:image\/gif;base64,R0lGODlhAQABAIAAAAAAAP\/\/\/yH5BAEAAAAALAAAAAABAAEAAAIBRAA7\" data-lazy-type=\"image\" data-lazy-src=\"https:\/\/www.europesays.com\/fr\/wp-content\/uploads\/2025\/06\/g56df46gf4d6g4df6g4.webp.webp\" alt=\"Kidical Mass : affichage offert par la mairie de Toulouse, sympa !\" class=\"lazy lazy-hidden wp-image-66662\" data-lazy- data-lazy-\/><\/a>Kidical Mass : affichage offert par la mairie de Toulouse, sympa !<\/p>\n<p>Cette balade familiale veut rappeler une \u00e9vidence : les enfants aussi ont droit \u00e0 une mobilit\u00e9 active, s\u00fbre et autonome. En bloquant temporairement quelques boulevards toulousains, les organisateurs offrent une d\u00e9monstration concr\u00e8te de ce que pourrait \u00eatre une ville cyclable, accessible \u00e0 toutes et tous.<\/p>\n<p>Direction le festival Rio Loco<\/p>\n<p><a href=\"https:\/\/www.europesays.com\/fr\/wp-content\/uploads\/2025\/06\/rio-loco-scene-pont-neuf-c-patrice-nin-mairiedetoulouse-666876bc9dc51575587574-scaled.webp.webp\"><img loading=\"lazy\" decoding=\"async\" width=\"2048\" height=\"1365\" src=\"data:image\/gif;base64,R0lGODlhAQABAIAAAAAAAP\/\/\/yH5BAEAAAAALAAAAAABAAEAAAIBRAA7\" data-lazy-type=\"image\" data-lazy-src=\"https:\/\/www.europesays.com\/fr\/wp-content\/uploads\/2025\/06\/rio-loco-scene-pont-neuf-c-patrice-nin-mairiedetoulouse-666876bc9dc51575587574-scaled.webp.webp\" alt=\"\" class=\"lazy lazy-hidden wp-image-66663\" data-lazy- data-lazy-\/><\/a><\/p>\n<p>Une fois le cort\u00e8ge arriv\u00e9 au festival Rio Loco, la f\u00eate continue. L\u2019\u00e9v\u00e9nement, qui se tient sur la Prairie des Filtres, pr\u00e9voit animations, jeux et ateliers pour enfants. \u00c0 18h30, la chanteuse Ang\u00e9lique Kidjo, invit\u00e9e phare de cette \u00e9dition 2025, proposera un concert participatif pour les familles. Une fa\u00e7on de prolonger l\u2019ambiance joyeuse de la parade tout en ouvrant les oreilles des pitchouns aux sonorit\u00e9s du monde.<\/p>\n<p>\u00c0 noter : l\u2019acc\u00e8s \u00e0 la Kidical Mass est gratuit. Pour assister aux activit\u00e9s du festival, il faut un billet (10 \u20ac en pr\u00e9vente, gratuit pour les moins de 12 ans).<\/p>\n<p>La Maison du V\u00e9lo, moteur de la mobilit\u00e9 douce \u00e0 Toulouse<\/p>\n<p>Actrice bien connue des cyclistes toulousains, la Maison du V\u00e9lo \u0153uvre depuis pr\u00e8s de vingt ans pour une ville plus cyclable. Location de v\u00e9los, v\u00e9lo-\u00e9cole, atelier participatif, animations\u2026 l\u2019association d\u00e9veloppe une approche concr\u00e8te et inclusive du v\u00e9lo urbain. Avec cette Kidical Mass, elle affirme encore une fois son engagement : promouvoir un usage quotidien et accessible du v\u00e9lo, pour tous, d\u00e8s le plus jeune \u00e2ge.<\/p>\n<p><strong>Vous avez aim\u00e9 cet article ?<\/strong> N&rsquo;h\u00e9sitez-pas \u00e0 <a href=\"https:\/\/weelz.ouest-france.fr\/newsletter-velo\/\" target=\"_blank\" rel=\"noopener\">vous abonner \u00e0 notre newsletter<\/a>. Vous pouvez aussi nous ajouter en favoris directement dans <a href=\"https:\/\/news.google.com\/publications\/CAAqBwgKMJ3Eugswqt_RAw?hl=fr&amp;gl=FR&amp;ceid=FR%3Afr\" rel=\"external noopener\" target=\"_blank\">Google News<\/a> ou encore nous suivre via <a href=\"https:\/\/bit.ly\/weelz-whatsapp\" target=\"_blank\" rel=\"noopener\">notre chaine WhatsApp<\/a>. Une question, une remarque ? <a href=\"https:\/\/weelz.ouest-france.fr\/contacter-weelz\/\" target=\"_blank\" rel=\"noopener\">Contactez-nous<\/a>.<\/p>\n","protected":false},"excerpt":{"rendered":"Le samedi 14 juin prochain, la Maison du V\u00e9lo de Toulouse et le festival Rio Loco organisent une&hellip;\n","protected":false},"author":2,"featured_media":170525,"comment_status":"","ping_status":"","sticky":false,"template":"","format":"standard","meta":{"footnotes":""},"categories":[2816],"tags":[1111,11,847,1777,674,1011,27,30503,12,2680,25,2312],"class_list":{"0":"post-170524","1":"post","2":"type-post","3":"status-publish","4":"format-standard","5":"has-post-thumbnail","7":"category-toulouse","8":"tag-actu","9":"tag-actualites","10":"tag-enfant","11":"tag-eu","12":"tag-europe","13":"tag-fr","14":"tag-france","15":"tag-masse-critique","16":"tag-news","17":"tag-occitanie","18":"tag-republique-francaise","19":"tag-toulouse"},"share_on_mastodon":{"url":"https:\/\/pubeurope.com\/@fr\/114669854722586966","error":""},"_links":{"self":[{"href":"https:\/\/www.europesays.com\/fr\/wp-json\/wp\/v2\/posts\/170524","targetHints":{"allow":["GET"]}}],"collection":[{"href":"https:\/\/www.europesays.com\/fr\/wp-json\/wp\/v2\/posts"}],"about":[{"href":"https:\/\/www.europesays.com\/fr\/wp-json\/wp\/v2\/types\/post"}],"author":[{"embeddable":true,"href":"https:\/\/www.europesays.com\/fr\/wp-json\/wp\/v2\/users\/2"}],"replies":[{"embeddable":true,"href":"https:\/\/www.europesays.com\/fr\/wp-json\/wp\/v2\/comments?post=170524"}],"version-history":[{"count":0,"href":"https:\/\/www.europesays.com\/fr\/wp-json\/wp\/v2\/posts\/170524\/revisions"}],"wp:featuredmedia":[{"embeddable":true,"href":"https:\/\/www.europesays.com\/fr\/wp-json\/wp\/v2\/media\/170525"}],"wp:attachment":[{"href":"https:\/\/www.europesays.com\/fr\/wp-json\/wp\/v2\/media?parent=170524"}],"wp:term":[{"taxonomy":"category","embeddable":true,"href":"https:\/\/www.europesays.com\/fr\/wp-json\/wp\/v2\/categories?post=170524"},{"taxonomy":"post_tag","embeddable":true,"href":"https:\/\/www.europesays.com\/fr\/wp-json\/wp\/v2\/tags?post=170524"}],"curies":[{"name":"wp","href":"https:\/\/api.w.org\/{rel}","templated":true}]}}