{"id":170528,"date":"2025-06-12T10:12:10","date_gmt":"2025-06-12T10:12:10","guid":{"rendered":"https:\/\/www.europesays.com\/fr\/170528\/"},"modified":"2025-06-12T10:12:10","modified_gmt":"2025-06-12T10:12:10","slug":"au-sud-de-lille-lautoroute-a1-va-etre-totalement-fermee-durant-plusieurs-semaines-attention-aux-bouchons","status":"publish","type":"post","link":"https:\/\/www.europesays.com\/fr\/170528\/","title":{"rendered":"Au sud de Lille, l&rsquo;autoroute A1 va \u00eatre totalement ferm\u00e9e durant plusieurs semaines : attention aux bouchons"},"content":{"rendered":"<p>            Par<br \/>\n        <strong><br \/>\n            <a href=\"https:\/\/actu.fr\/auteur\/nicolas-demollien\" title=\"Consulter tous les articles de Nicolas Demollien\" target=\"_blank\" rel=\"noopener\">Nicolas Demollien<\/a><br \/>\n        <\/strong><\/p>\n<p>        Publi\u00e9 le<\/p>\n<p>            12 juin 2025 \u00e0 11h33        <\/p>\n<p>La <a href=\"https:\/\/actu.fr\/tag\/circulation\" target=\"_blank\" rel=\"noopener\">circulation<\/a> promet d\u2019\u00eatre <b>difficile<\/b> sur l\u2019<a href=\"https:\/\/actu.fr\/tag\/autoroute-1-a1\" target=\"_blank\" rel=\"noopener\">autoroute A1<\/a> aux abords de <a href=\"https:\/\/actu.fr\/hauts-de-france\/lille_59350\" target=\"_blank\" rel=\"noopener\">Lille<\/a> (Nord) durant l\u2019<b>\u00e9t\u00e9 2025<\/b>. D\u2019<b>importants travaux<\/b> vont en effet \u00eatre men\u00e9s dans le secteur de <a href=\"https:\/\/actu.fr\/hauts-de-france\/ronchin_59507\" target=\"_blank\" rel=\"noopener\">Ronchin<\/a>, entra\u00eenant la <b>fermeture d\u2019un tron\u00e7on cl\u00e9<\/b> de l\u2019agglom\u00e9ration.<\/p>\n<p>Un tron\u00e7on de l\u2019A1 ferm\u00e9 au sud de Lille, des d\u00e9viations mises en place<\/p>\n<p class=\" wall-content\">Ces travaux seront men\u00e9s plus pr\u00e9cis\u00e9ment des le <b>sens Lille \u2013 Paris<\/b>, du <b>9 juillet au 19 ao\u00fbt 2025<\/b>, dans les secteurs de Ronchin et de <a href=\"https:\/\/actu.fr\/hauts-de-france\/lezennes_59346\" target=\"_blank\" rel=\"noopener\">Lezennes<\/a>. Le secteur ferm\u00e9 est le tronc commun qui permet la <b>jonction entre les autoroutes A25 et A1.<\/b> \u00ab\u00a0Les travaux auront lieu de jour comme de nuit et entra\u00eeneront la fermeture totale de l\u2019axe\u00a0\u00bb. Pour m\u00e9moire, des travaux similaires avaient \u00e9t\u00e9 <a href=\"https:\/\/actu.fr\/hauts-de-france\/ronchin_59507\/lautoroute-a1-vers-lille-totalement-fermee-pour-de-gros-travaux-cet-ete_59751254.html\" target=\"_blank\" rel=\"noopener\">men\u00e9s en 2023, dans l\u2019autre sens<\/a>.<\/p>\n<p data-end=\"1390\" class=\" wall-content\">Concr\u00e8tement, les <b>liaisons depuis la RN356 et l\u2019A25 en direction de Paris seront ainsi ferm\u00e9es<\/b>. Des <b>d\u00e9viations<\/b> sont mises en place :<\/p>\n<ul class=\" wall-content\">\n<li data-end=\"1517\"><b>Depuis Dunkerque via l\u2019A25<\/b>, si vous souhaitez rejoindre Paris, il est conseill\u00e9 de prendre la RN41 en direction de Lens ;<\/li>\n<li data-end=\"1636\"><b>Depuis l\u2019A25 au sud de Lille<\/b>, il faudra emprunter la RN356 et la RN227 pour retrouver l\u2019A1 en direction de Paris ;<\/li>\n<li data-end=\"1759\"><b>Depuis la Belgique et le nord de la m\u00e9tropole lilloise<\/b> <b>sur l\u2019A22<\/b>, il faudra suivre la RN227 pour ensuite retrouver l\u2019A1.<\/li>\n<\/ul>\n<p>Vid\u00e9os : en ce moment sur Actu13 M\u20ac de travaux men\u00e9s sur l\u2019A1<\/p>\n<p class=\" wall-content\">Les travaux men\u00e9es permettront de <b>r\u00e9nover les chauss\u00e9es<\/b> et de travailler \u00e0 la r<b>\u00e9habilitation de six ponts<\/b>, pour un <b>montant total de 13 M\u20ac<\/b>. Des travaux devenues n\u00e9cessaires au regard d\u2019une chauss\u00e9e vieillissante et de ponts \u00e0 r\u00e9nover. \u00ab\u00a0Nous sommes conscients que cela va engendrer des difficult\u00e9s de circulation et qu<b>\u2018il n\u2019y a pas de bons moments concernant les travaux pour les automobilistes<\/b>. Mais ces travaux sont n\u00e9cessaires\u00a0\u00bb, comment Pierre Molager, secr\u00e9taire g\u00e9n\u00e9ral de la pr\u00e9fecture du Nord.<\/p>\n<p data-end=\"1041\" class=\" wall-content\">L\u2019autoroute A1 supporte \u00e0 l\u2019entr\u00e9e de Lille un <b>trafic de 200 000 v\u00e9hicules par jour dans les deux sens<\/b>, dont 13 % de poids lourds. La Direction des routes Nord (DIR Nord) compte sur la compr\u00e9hension des usagers et les invite \u00e0 emprunter avant tout le r\u00e9seau autoroutier national en suivant les d\u00e9viations.<\/p>\n<p data-end=\"1041\" class=\" wall-content\">\u00ab\u00a0Notre r\u00e9seau est configur\u00e9 pour cela. Selon nos pr\u00e9visions, le trafic devrait \u00eatre <b>\u00e9quivalent \u00e0 ce que nous connaissons actuellement en ce mois de juin, sans travaux<\/b>, pr\u00e9dit Nathalie Degryse, directrice interd\u00e9partementale des routes Nord. M\u00eame s\u2019il y aura s\u00fbrement davantage de difficult\u00e9s la premi\u00e8re semaine, le temps que chacun puisse s\u2019adapter aux restrictions mises en place.<\/p>\n<p data-end=\"1041\" class=\" wall-content\">Plus d\u2019infos sur le site <a href=\"https:\/\/www.dir.nord.developpement-durable.gouv.fr\/spip.php?page=sommaire\" target=\"_blank\" rel=\"noopener\">dir.nord.developpement-durable.gouv.fr<\/a><\/p>\n<p class=\" wall-content\">Suivez toute l\u2019actualit\u00e9 de vos villes et m\u00e9dias favoris en vous inscrivant \u00e0 <a href=\"https:\/\/moncompte.actu.fr\" title=\"D\u00e9couvez Mon Actu\" rel=\"nofollow noopener\" data-trk=\"{&quot;cta&quot;:{&quot;action&quot;:&quot;https:\\\/\\\/moncompte.actu.fr&quot;,&quot;category&quot;:&quot;mon compte&quot;,&quot;from&quot;:&quot;article footer&quot;,&quot;name&quot;:&quot;Mon actu&quot;,&quot;type&quot;:&quot;cta&quot;}}\" target=\"_blank\">Mon Actu<\/a>.<\/p>\n<ul class=\"ac-article-tag wall-content\">\n<li><a href=\"https:\/\/actu.fr\/tag\/autoroute-1-a1\" data-trk=\"{&quot;cta&quot;:{&quot;action&quot;:&quot;Autoroute 1 (A1)&quot;,&quot;category&quot;:&quot;tag&quot;,&quot;from&quot;:&quot;article footer&quot;,&quot;name&quot;:&quot;Autoroute 1 (A1)&quot;,&quot;type&quot;:&quot;cta&quot;}}\" target=\"_blank\" rel=\"noopener\">#Autoroute 1 (A1)<\/a><\/li>\n<li><a href=\"https:\/\/actu.fr\/tag\/circulation\" data-trk=\"{&quot;cta&quot;:{&quot;action&quot;:&quot;Circulation&quot;,&quot;category&quot;:&quot;tag&quot;,&quot;from&quot;:&quot;article footer&quot;,&quot;name&quot;:&quot;Circulation&quot;,&quot;type&quot;:&quot;cta&quot;}}\" target=\"_blank\" rel=\"noopener\">#Circulation<\/a><\/li>\n<\/ul>\n","protected":false},"excerpt":{"rendered":"Par Nicolas Demollien Publi\u00e9 le 12 juin 2025 \u00e0 11h33 La circulation promet d\u2019\u00eatre difficile sur l\u2019autoroute A1&hellip;\n","protected":false},"author":2,"featured_media":170529,"comment_status":"","ping_status":"","sticky":false,"template":"","format":"standard","meta":{"footnotes":""},"categories":[2815],"tags":[1111,11,9904,3542,1777,674,1011,27,811,1307,12,25,104],"class_list":{"0":"post-170528","1":"post","2":"type-post","3":"status-publish","4":"format-standard","5":"has-post-thumbnail","7":"category-lille","8":"tag-actu","9":"tag-actualites","10":"tag-autoroute-1-a1","11":"tag-circulation","12":"tag-eu","13":"tag-europe","14":"tag-fr","15":"tag-france","16":"tag-hauts-de-france","17":"tag-lille","18":"tag-news","19":"tag-republique-francaise","20":"tag-societe"},"share_on_mastodon":{"url":"https:\/\/pubeurope.com\/@fr\/114669862479104646","error":""},"_links":{"self":[{"href":"https:\/\/www.europesays.com\/fr\/wp-json\/wp\/v2\/posts\/170528","targetHints":{"allow":["GET"]}}],"collection":[{"href":"https:\/\/www.europesays.com\/fr\/wp-json\/wp\/v2\/posts"}],"about":[{"href":"https:\/\/www.europesays.com\/fr\/wp-json\/wp\/v2\/types\/post"}],"author":[{"embeddable":true,"href":"https:\/\/www.europesays.com\/fr\/wp-json\/wp\/v2\/users\/2"}],"replies":[{"embeddable":true,"href":"https:\/\/www.europesays.com\/fr\/wp-json\/wp\/v2\/comments?post=170528"}],"version-history":[{"count":0,"href":"https:\/\/www.europesays.com\/fr\/wp-json\/wp\/v2\/posts\/170528\/revisions"}],"wp:featuredmedia":[{"embeddable":true,"href":"https:\/\/www.europesays.com\/fr\/wp-json\/wp\/v2\/media\/170529"}],"wp:attachment":[{"href":"https:\/\/www.europesays.com\/fr\/wp-json\/wp\/v2\/media?parent=170528"}],"wp:term":[{"taxonomy":"category","embeddable":true,"href":"https:\/\/www.europesays.com\/fr\/wp-json\/wp\/v2\/categories?post=170528"},{"taxonomy":"post_tag","embeddable":true,"href":"https:\/\/www.europesays.com\/fr\/wp-json\/wp\/v2\/tags?post=170528"}],"curies":[{"name":"wp","href":"https:\/\/api.w.org\/{rel}","templated":true}]}}