{"id":170531,"date":"2025-06-12T10:14:09","date_gmt":"2025-06-12T10:14:09","guid":{"rendered":"https:\/\/www.europesays.com\/fr\/170531\/"},"modified":"2025-06-12T10:14:09","modified_gmt":"2025-06-12T10:14:09","slug":"entre-petanque-et-tour-de-tuk-tuk-rose-les-coulisses-de-leur-rencontre","status":"publish","type":"post","link":"https:\/\/www.europesays.com\/fr\/170531\/","title":{"rendered":"entre p\u00e9tanque et tour de tuk-tuk rose, les coulisses de leur rencontre"},"content":{"rendered":"<p><a href=\"https:\/\/www.laprovence.com\/article\/culture-loisirs\/35171801634410\/ed-sheeran-au-velodrome-lartiste-devoile-sapphire-son-nouveau-morceau\" target=\"_blank\" rel=\"noopener\">\u00ab\u00a0C\u2019est Marseille b\u00e9b\u00e9\u00a0\u00bb, lan\u00e7ait Ed Sheeran \u00e0 plusieurs reprises lors de ses concerts au V\u00e9lodrome les 6 et 7\u00a0juin derniers<\/a>. Marseille ou sa capacit\u00e9 \u00e0 offrir des sc\u00e8nes de vie incongrues\u00a0: on ne voit pas tous les jours en effet <a href=\"https:\/\/www.laprovence.com\/article\/culture-loisirs\/7098175658924314\/ed-sheeran-apercu-avec-le-maillot-de-lom-et-jouant-a-la-petanque-en-compagnie-de-soprano-a-marseille\" target=\"_blank\" rel=\"noopener\">Ed Sheeran et Soprano ensemble, visitant la ville en tuk-tuk rose et jouant \u00e0 la p\u00e9tanque\u2026 <\/a>Le chanteur anglais portant m\u00eame un maillot de l\u2019OM.<\/p>\n<p>Tout est parti d\u2019une connexion\u00a0: leur maison de disques. Ed Sheeran \u00e9tant sign\u00e9 chez Warner Music Group, tandis que Soprano est produit par Rec118, cellule autonome au sein du label Parlophone, lui-m\u00eame sous l\u2019\u00e9gide de la maison Warner. Mais malgr\u00e9 ce lien, les deux artistes ne se connaissaient pas personnellement. L\u2019un anglophone, l\u2019autre parlant un \u00ab\u00a0anglais approximatif\u00a0\u00bb, selon les propres termes de Soprano. Mais la rencontre a quand m\u00eame eu lieu.<\/p>\n<p>\u00ab\u00a0C\u2019\u00e9tait bien de voir un mec tr\u00e8s connu comme lui, totalement normal\u00a0\u00bb<\/p>\n<p>\u00ab\u00a0\u00c0 chaque fois que la maison de disques cherchait \u00e0 faire des connexions entre artistes, elle me proposait des gens avec lesquels je n\u2019avais pas les m\u00eames valeurs, nous expliquait <a href=\"https:\/\/www.laprovence.com\/article\/culture-loisirs\/1073215139850215\/soprano-gardien-de-marseille-pour-son-premier-role-principal-au-cinema\" target=\"_blank\" rel=\"noopener\">le rappeur marseillais lors de l\u2019avant-premi\u00e8re du film Marius et les gardiens de la cit\u00e9 phoc\u00e9enne, dans lequel il tient son premier grand r\u00f4le<\/a>. Quand j\u2019ai rencontr\u00e9 Ed Sheeran, j\u2019ai eu une tr\u00e8s bonne impression. C\u2019\u00e9tait bien de voir un mec tr\u00e8s connu comme lui, totalement normal, qui aime la vie et qui n\u2019est pas dans le bling-bling.\u00a0\u00bb<\/p>\n<p>Entre partie de p\u00e9tanque et vid\u00e9o film\u00e9e dans un tuk-tuk rose en pleine journ\u00e9e, Soprano a pu faire profiter du climat m\u00e9diterran\u00e9en au natif de Halifax dans le Yorkshire. Lien nou\u00e9, le rappeur raconte\u00a0qu\u2019Ed Sheeran lui \u00ab\u00a0a propos\u00e9 de monter sur sc\u00e8ne pour chanter avec lui En feu\u00a0!\u00a0\u00bb. \u00ab\u00a0Quand il m\u2019a dit \u00e7a, je me suis dit qu\u2019il n\u2019\u00e9tait pas tr\u00e8s conscient de ce qui allait se passer\u00a0\u00bb, s\u2019amusait le Marseillais. En effet, \u00e0 en croire Soprano, \u00ab\u00a0les gens ne s\u2019y attendaient pas et quand il a dit mon nom, j\u2019ai vu leurs t\u00eates \u00e9bahies dans le public. Le fait de l\u2019entendre dire \u00ab\u00a0C\u2019est Marseille, b\u00e9b\u00e9\u00a0\u00bb, \u00e7a a surpris tout le monde\u00a0\u00bb.<\/p>\n<p>Preuve qu\u2019Ed Sheeran a bien int\u00e9gr\u00e9 la culture marseillaise.<\/p>\n","protected":false},"excerpt":{"rendered":"\u00ab\u00a0C\u2019est Marseille b\u00e9b\u00e9\u00a0\u00bb, lan\u00e7ait Ed Sheeran \u00e0 plusieurs reprises lors de ses concerts au V\u00e9lodrome les 6 et&hellip;\n","protected":false},"author":2,"featured_media":170532,"comment_status":"","ping_status":"","sticky":false,"template":"","format":"standard","meta":{"footnotes":""},"categories":[2814],"tags":[17,1111,11,251,2834,1777,674,1011,27,884,12,6426,882,25,22248,10826,3584,30504],"class_list":{"0":"post-170531","1":"post","2":"type-post","3":"status-publish","4":"format-standard","5":"has-post-thumbnail","7":"category-marseille","8":"tag-17","9":"tag-actu","10":"tag-actualites","11":"tag-culture","12":"tag-entre","13":"tag-eu","14":"tag-europe","15":"tag-fr","16":"tag-france","17":"tag-marseille","18":"tag-news","19":"tag-petanque","20":"tag-provence-alpes-cote-dazur","21":"tag-republique-francaise","22":"tag-sheeran","23":"tag-soprano","24":"tag-tour","25":"tag-tuk-tuk"},"share_on_mastodon":{"url":"https:\/\/pubeurope.com\/@fr\/114669870600839960","error":""},"_links":{"self":[{"href":"https:\/\/www.europesays.com\/fr\/wp-json\/wp\/v2\/posts\/170531","targetHints":{"allow":["GET"]}}],"collection":[{"href":"https:\/\/www.europesays.com\/fr\/wp-json\/wp\/v2\/posts"}],"about":[{"href":"https:\/\/www.europesays.com\/fr\/wp-json\/wp\/v2\/types\/post"}],"author":[{"embeddable":true,"href":"https:\/\/www.europesays.com\/fr\/wp-json\/wp\/v2\/users\/2"}],"replies":[{"embeddable":true,"href":"https:\/\/www.europesays.com\/fr\/wp-json\/wp\/v2\/comments?post=170531"}],"version-history":[{"count":0,"href":"https:\/\/www.europesays.com\/fr\/wp-json\/wp\/v2\/posts\/170531\/revisions"}],"wp:featuredmedia":[{"embeddable":true,"href":"https:\/\/www.europesays.com\/fr\/wp-json\/wp\/v2\/media\/170532"}],"wp:attachment":[{"href":"https:\/\/www.europesays.com\/fr\/wp-json\/wp\/v2\/media?parent=170531"}],"wp:term":[{"taxonomy":"category","embeddable":true,"href":"https:\/\/www.europesays.com\/fr\/wp-json\/wp\/v2\/categories?post=170531"},{"taxonomy":"post_tag","embeddable":true,"href":"https:\/\/www.europesays.com\/fr\/wp-json\/wp\/v2\/tags?post=170531"}],"curies":[{"name":"wp","href":"https:\/\/api.w.org\/{rel}","templated":true}]}}