{"id":170533,"date":"2025-06-12T10:15:15","date_gmt":"2025-06-12T10:15:15","guid":{"rendered":"https:\/\/www.europesays.com\/fr\/170533\/"},"modified":"2025-06-12T10:15:15","modified_gmt":"2025-06-12T10:15:15","slug":"lyon-les-groupuscules-lyonnais-la-jeune-garde-et-lyon-populaire-dissous-en-conseil-des-ministres","status":"publish","type":"post","link":"https:\/\/www.europesays.com\/fr\/170533\/","title":{"rendered":"Lyon. Les groupuscules lyonnais La Jeune Garde et Lyon Populaire dissous en conseil des ministres"},"content":{"rendered":"<p>Le 29\u00a0avril dernier, le ministre de l\u2019Int\u00e9rieur <a href=\"https:\/\/www.leprogres.fr\/p\/bruno-retailleau\" target=\"_blank\" rel=\"nofollow noopener\">Bruno Retailleau<\/a> avait annonc\u00e9 le lancement d\u2019une proc\u00e9dure contradictoire ayant pour but la dissolution de la Jeune Garde antifasciste. Le collectif d\u2019extr\u00eame gauche lyonnais, cofond\u00e9 par le d\u00e9put\u00e9 insoumis <a href=\"https:\/\/www.leprogres.fr\/p\/raphael-arnault\" target=\"_blank\" rel=\"nofollow noopener\">Rapha\u00ebl Arnault<\/a> en 2018, est soup\u00e7onn\u00e9 de troubles \u00e0 l\u2019ordre public, et plusieurs de ses membres ont d\u00e9j\u00e0 \u00e9t\u00e9 mis en examen pour des faits de violence.<\/p>\n<p>Lors de la manifestation du 1er \u00a0mai \u00e0 Lyon, o\u00f9 plusieurs d\u00e9put\u00e9s insoumis du Rh\u00f4ne \u00e9taient pr\u00e9sents pour soutenir la Jeune Garde, Rapha\u00ebl Arnault soup\u00e7onnait Bruno Retailleau, qui a \u00e9t\u00e9 depuis \u00e9t\u00e9 intronis\u00e9 \u00e0 la t\u00eate du parti Les R\u00e9publicains, de vouloir, par cette action, <a href=\"https:\/\/www.leprogres.fr\/politique\/2025\/05\/02\/en-s-attaquant-a-la-jeune-garde-on-s-attaque-a-tout-notre-camp-raphael-arnault-defend-le-mouvement-antifa\" target=\"_blank\" rel=\"nofollow noopener\">\u00ab\u00a0remplir un agenda politique \u00bb<\/a>.<\/p>\n<p>  Apologie de la collaboration avec le nazisme<\/p>\n<p>Le 30\u00a0avril, le ministre annon\u00e7ait avoir <a href=\"https:\/\/www.leprogres.fr\/politique\/2025\/04\/30\/le-groupe-urgence-palestine-bientot-dissous-annonce-bruno-retailleau?tblci=GiCB1zUhoFgvr2ioyV2nt09a6HyhPNM08oozPkJxXHrW1SDFjlQo9_rEoaaYicneAQ\" target=\"_blank\" rel=\"nofollow noopener\">un autre groupuscule lyonnais<\/a> dans son viseur. Lyon populaire, mouvement d\u2019extr\u00eame droite fond\u00e9 en 2019 apr\u00e8s la dissolution du groupe Bastion social cette m\u00eame ann\u00e9e, auquel le ministre reproche \u00ab\u00a0de faire l\u2019apologie de la collaboration avec le nazisme et de provoquer \u00e0 la haine, \u00e0 la violence et \u00e0 la discrimination envers les \u00e9trangers\u00a0\u00bb.<\/p>\n<p>De fait, le leader pr\u00e9sum\u00e9 du groupement, Eliot Bertin, a \u00e9t\u00e9 mis en cause dans l\u2019agression d\u2019un lyc\u00e9en en 2022\u00a0et d\u2019avoir particip\u00e9 \u00e0 l\u2019attaque d\u2019un local o\u00f9 se tenait une conf\u00e9rence sur Gaza, le 11\u00a0novembre 2023.<\/p>\n<p>Via ses r\u00e9seaux sociaux, Lyon Populaire \u00e0 d\u2019ores et d\u00e9j\u00e0 annonc\u00e9 <a href=\"https:\/\/www.leprogres.fr\/faits-divers-justice\/2025\/05\/02\/procedure-de-dissolution-contre-lyon-populaire-le-groupuscule-d-ultradroite-ne-fera-pas-appel?tblci=GiCB1zUhoFgvr2ioyV2nt09a6HyhPNM08oozPkJxXHrW1SDFjlQo9_rEoaaYicneAQ\" target=\"_blank\" rel=\"nofollow noopener\">ne pas vouloir faire appel de cette d\u00e9cision<\/a>.<\/p>\n<p>Ce contenu est bloqu\u00e9 car vous n&rsquo;avez pas accept\u00e9 les cookies et autres traceurs.<\/p>\n<p>En cliquant sur \u00ab J\u2019accepte \u00bb, les cookies et autres traceurs seront d\u00e9pos\u00e9s et vous pourrez visualiser les contenus  (<a href=\"\" class=\"consentModule_policy\" target=\"_blank\" title=\"Consulter la politique de protection des donn\u00e9es du fournisseur\">plus d&rsquo;informations<\/a>).<\/p>\n<p>En cliquant sur \u00ab J\u2019accepte tous les cookies \u00bb, vous autorisez des d\u00e9p\u00f4ts de cookies et autres traceurs pour le stockage de vos donn\u00e9es sur nos sites et applications \u00e0 des fins de personnalisation et de ciblage publicitaire.<\/p>\n<p class=\"consentModule_secondaryText\">Vous gardez la possibilit\u00e9 de retirer votre consentement \u00e0 tout moment en consultant notre <a href=\"https:\/\/www.leprogres.fr\/protection-des-donnees\" target=\"_blank\" title=\"Consulter notre politique de protection des donn\u00e9es\" rel=\"nofollow noopener\">politique de protection des donn\u00e9es<\/a>. <br \/>&#13;<br \/>\n            <a href=\"https:\/\/www.leprogres.fr\/faits-divers-justice\/2025\/06\/12\/javascript:Didomi.notice.show()\" class=\"consentModule_cmp\" rel=\"nofollow noopener\" target=\"_blank\">G\u00e9rer mes choix<\/a>&#13;\n        <\/p>\n<p>&#13;<br \/>\n                        J&rsquo;accepte&#13;<br \/>\n            J&rsquo;accepte tous les cookies&#13;\n        <\/p>\n<p>Dans le\u00a0cadre de proc\u00e9dures contradictoires mises en place, \u00ab\u00a0les responsables de ces groupements ont pu pr\u00e9senter leurs observations dans le d\u00e9lai qui leur \u00e9tait imparti, \u00e9crivait le Minist\u00e8re de l\u2019Int\u00e9rieur <a href=\"https:\/\/www.leprogres.fr\/politique\/2025\/05\/16\/la-jeune-garde-lyon-populaire-et-urgence-palestine-vers-une-triple-dissolution-mercredi-prochain\" target=\"_blank\" rel=\"nofollow noopener\">dans un communiqu\u00e9 publi\u00e9 vendredi 16\u00a0mai<\/a>.Celles-ci ont fait l\u2019objet d\u2019un examen approfondi, qui n\u2019a toutefois pas conduit \u00e0 remettre en cause les faits tr\u00e8s graves qui leur \u00e9taient reproch\u00e9s.\u00a0\u00bb<\/p>\n<p>Lors du Conseil des ministres de ce 12\u00a0juin, la dissolution des deux groupes lyonnais a donc \u00e9t\u00e9 act\u00e9e.<\/p>\n","protected":false},"excerpt":{"rendered":"Le 29\u00a0avril dernier, le ministre de l\u2019Int\u00e9rieur Bruno Retailleau avait annonc\u00e9 le lancement d\u2019une proc\u00e9dure contradictoire ayant pour&hellip;\n","protected":false},"author":2,"featured_media":170534,"comment_status":"","ping_status":"","sticky":false,"template":"","format":"standard","meta":{"footnotes":""},"categories":[1889],"tags":[1111,11,2430,271,272,2757,1777,674,274,107,1011,27,6319,2428,2756,12,316,25,2429],"class_list":{"0":"post-170533","1":"post","2":"type-post","3":"status-publish","4":"format-standard","5":"has-post-thumbnail","7":"category-lyon","8":"tag-actu","9":"tag-actualites","10":"tag-auvergne-rhone-alpes","11":"tag-crime","12":"tag-delit-et-contravention","13":"tag-edition-lyon-villeurbanne","14":"tag-eu","15":"tag-europe","16":"tag-faits-divers-justice","17":"tag-fil-info","18":"tag-fr","19":"tag-france","20":"tag-les-republicains","21":"tag-lyon","22":"tag-lyon-bassin","23":"tag-news","24":"tag-politique","25":"tag-republique-francaise","26":"tag-rhone"},"share_on_mastodon":{"url":"https:\/\/pubeurope.com\/@fr\/114669874354442219","error":""},"_links":{"self":[{"href":"https:\/\/www.europesays.com\/fr\/wp-json\/wp\/v2\/posts\/170533","targetHints":{"allow":["GET"]}}],"collection":[{"href":"https:\/\/www.europesays.com\/fr\/wp-json\/wp\/v2\/posts"}],"about":[{"href":"https:\/\/www.europesays.com\/fr\/wp-json\/wp\/v2\/types\/post"}],"author":[{"embeddable":true,"href":"https:\/\/www.europesays.com\/fr\/wp-json\/wp\/v2\/users\/2"}],"replies":[{"embeddable":true,"href":"https:\/\/www.europesays.com\/fr\/wp-json\/wp\/v2\/comments?post=170533"}],"version-history":[{"count":0,"href":"https:\/\/www.europesays.com\/fr\/wp-json\/wp\/v2\/posts\/170533\/revisions"}],"wp:featuredmedia":[{"embeddable":true,"href":"https:\/\/www.europesays.com\/fr\/wp-json\/wp\/v2\/media\/170534"}],"wp:attachment":[{"href":"https:\/\/www.europesays.com\/fr\/wp-json\/wp\/v2\/media?parent=170533"}],"wp:term":[{"taxonomy":"category","embeddable":true,"href":"https:\/\/www.europesays.com\/fr\/wp-json\/wp\/v2\/categories?post=170533"},{"taxonomy":"post_tag","embeddable":true,"href":"https:\/\/www.europesays.com\/fr\/wp-json\/wp\/v2\/tags?post=170533"}],"curies":[{"name":"wp","href":"https:\/\/api.w.org\/{rel}","templated":true}]}}