{"id":170535,"date":"2025-06-12T10:16:09","date_gmt":"2025-06-12T10:16:09","guid":{"rendered":"https:\/\/www.europesays.com\/fr\/170535\/"},"modified":"2025-06-12T10:16:09","modified_gmt":"2025-06-12T10:16:09","slug":"en-presquile-klaxons-et-rodeos-urbains-continuent-de-pourrir-les-nuits-des-habitants","status":"publish","type":"post","link":"https:\/\/www.europesays.com\/fr\/170535\/","title":{"rendered":"en Presqu&rsquo;\u00eele, klaxons et rod\u00e9os urbains continuent de pourrir les nuits des habitants"},"content":{"rendered":"<p>            Par<br \/>\n        <strong><br \/>\n            <a href=\"https:\/\/actu.fr\/auteur\/ludivine-caporal\" title=\"Consulter tous les articles de Ludivine Caporal\" target=\"_blank\" rel=\"noopener\">Ludivine Caporal<\/a><br \/>\n        <\/strong><\/p>\n<p>        Publi\u00e9 le<\/p>\n<p>            12 juin 2025 \u00e0 12h11        <\/p>\n<p>L\u2019histoire se r\u00e9p\u00e8te et les autorit\u00e9s locales donnent la d\u00e9sagr\u00e9able impression de la laisser faire.<br \/><a href=\"https:\/\/actu.fr\/auvergne-rhone-alpes\/lyon_69123\/video-rodeo-urbain-concert-klaxon-lyon-riverains-la-rue-edouard-herriot-excedes_27246363.html\" target=\"_blank\" rel=\"noopener\">Comme en 2019<\/a>, des jeunes au volant de puissantes voitures sillonnent chaque week-end les rues de la <a href=\"https:\/\/actu.fr\/tag\/presqu-ile\" target=\"_blank\" rel=\"noopener\">Presqu\u2019\u00eele<\/a> dans l\u2019unique but de cr\u00e9er des nuisances sonores et nocturnes pour les habitants\u2009: <strong>concerts de klaxons,<\/strong> cris, musique \u00e0 fond, rod\u00e9os urbains, d\u00e9rapages, vrombissements de moteurs\u2026 Un ph\u00e9nom\u00e8ne qui s\u2019est <a href=\"https:\/\/actu.fr\/auvergne-rhone-alpes\/lyon_69123\/lyon-des-habitants-excedes-par-le-bruit-se-plaignent-la-situation-s-envenime-en-presqu-ile_62621685.html\" target=\"_blank\" rel=\"noopener\">de nouveau intensifi\u00e9 ces derni\u00e8res semaines<\/a> et qui n\u2019arrive visiblement pas \u00e0 \u00eatre endigu\u00e9, malgr\u00e9 les appels au 17 et les articles de presse pour alerter.<\/p>\n<p>Vengeance apr\u00e8s le coup de sang d\u2019un habitant<\/p>\n<p class=\" wall-content\">Pire encore, la situation s\u2019est d\u00e9j\u00e0 <strong>envenim\u00e9e \u00e0 plusieurs reprises<\/strong>, comme au mois de mai dernier lorsqu\u2019un habitant de la rue \u00c9douard-Herriot, exc\u00e9d\u00e9 de ne pouvoir dormir, a lanc\u00e9 un seau d\u2019eau par sa fen\u00eatre sur les v\u00e9hicules en cause. Ce qui a eu pour effet d\u2019exciter encore plus les jeunes, qui ont r\u00e9ussi \u00e0 p\u00e9n\u00e9trer dans l\u2019immeuble du riverain et qui ont cherch\u00e9 \u00e0 en d\u00e9coudre avant que la police n\u2019intervienne.<\/p>\n<p class=\" wall-content\">Depuis cette histoire, les rod\u00e9os ne se sont pas calm\u00e9s. Au contraire, les perturbateurs reviennent <strong>se venger<\/strong> et sont encore plus bruyants qu\u2019avant, faisant de leurs escapades nocturnes en centre-ville une sorte de jeu malsain.<\/p>\n<p>La seule mesure efficace retir\u00e9e en ao\u00fbt\u00a02023<\/p>\n<p class=\" wall-content\">Si le ph\u00e9nom\u00e8ne avait bien r\u00e9ussi \u00e0 \u00eatre emp\u00each\u00e9 pendant plusieurs mois gr\u00e2ce \u00e0 <strong>l\u2019installation de barri\u00e8res et d\u2019agents de s\u00e9curit\u00e9<\/strong> la nuit, soit la seule mesure r\u00e9ellement efficace mais retir\u00e9e en ao\u00fbt\u00a02023 en raison de son co\u00fbt jug\u00e9 \u00ab\u2009trop \u00e9lev\u00e9\u2009\u00bb par la municipalit\u00e9, celui-ci est depuis revenu en force.<\/p>\n<p class=\" wall-content\">Et l\u2019installation de panneaux d\u2019interdiction avec flashs lumineux et menace de vid\u00e9o-verbalisation sur la rue \u00c9douard-Herriot n\u2019y a rien chang\u00e9.<\/p>\n<p class=\" wall-content\">De son c\u00f4t\u00e9, la pr\u00e9fecture du Rh\u00f4ne assure pourtant que \u00ab\u2009le ph\u00e9nom\u00e8ne de rod\u00e9o fait l\u2019objet d\u2019une forte attention\u2009\u00bb de la police nationale, avec la r\u00e9alisation de 174 contr\u00f4les routiers en Presqu\u2019\u00eele depuis le 1er\u00a0janvier 2025 et 18 interventions pour des rod\u00e9os. \u00ab\u2009Nous incitons les habitants \u00e0 contacter le 17\u2009\u00bb, insiste le service de l\u2019\u00c9tat.<\/p>\n<p class=\" wall-content\">\n<p>En attente de la ZTL, pr\u00e9sent\u00e9e comme la solution ultime<\/p>\n<p class=\" wall-content\">Interrog\u00e9 d\u00e9j\u00e0 en f\u00e9vrier\u00a02024 \u00e0 ce sujet par notre r\u00e9daction, l\u2019adjoint au maire de Lyon en charge de la s\u00e9curit\u00e9, <a href=\"https:\/\/actu.fr\/auvergne-rhone-alpes\/lyon_69123\/lyon-mohamed-chihi-adjoint-a-la-securite-la-delinquance-ca-va-mieux_60934156.html\" target=\"_blank\" rel=\"noopener\">Mohamed Chihi<\/a>, avait alors assur\u00e9 que \u00ab\u2009si le ph\u00e9nom\u00e8ne devait revenir tel qu\u2019on l\u2019a connu, on remettra en place le dispositif avec vigiles et barri\u00e8res\u2009\u00bb.<\/p>\n<p class=\" wall-content\">Ce qui, \u00e0 quelques jours d\u00e9sormais de la mise en place de la <a href=\"https:\/\/actu.fr\/auvergne-rhone-alpes\/lyon_69123\/lyon-zone-a-trafic-limite-en-presqu-ile-les-dates-connues-voici-les-grandes-etapes-a-venir_62511949.html#:~:text=La%20mise%20en%20place%20progressive,s&#039;attendre%20ces%20prochains%20mois.&amp;text=Imagin%C3%A9e%20dans%20le%20cadre%20du,de%20Lyon%20se%20pr%C3%A9cise%20enfin.\" target=\"_blank\" rel=\"noopener\">Zone \u00e0 trafic limit\u00e9 (ZTL)<\/a>, pr\u00e9sent\u00e9e par l\u2019\u00e9lu comme \u00ab\u2009l\u2019une des solutions\u2009\u00bb pour emp\u00eacher les rod\u00e9os urbains, ne semble plus vraiment faire sens.<\/p>\n<p class=\" wall-content\">Mais le dispositif n\u2019aurait-il pas pu \u00eatre remis en place <strong>il y a de \u00e7a plusieurs semaines<\/strong>, alors que les nuits des habitants recommen\u00e7aient \u00e0 \u00eatre largement infernales\u2009?<\/p>\n<p class=\" wall-content\">La question n\u2019a en tout cas pas pu \u00eatre pos\u00e9e \u00e0 la municipalit\u00e9, celle-ci n\u2019ayant tout simplement pas r\u00e9pondu \u00e0 nos sollicitations \u00e0 ce sujet. Un silence qui laisse en tout cas entendre que la Ville attend que les choses se tassent d\u2019elles-m\u00eames jusqu\u2019\u00e0 l\u2019arriv\u00e9e de la ZTL \u00e0 la fin du mois\u2026<\/p>\n<p class=\" wall-content\">Suivez toute l\u2019actualit\u00e9 de vos villes et m\u00e9dias favoris en vous inscrivant \u00e0 <a href=\"https:\/\/moncompte.actu.fr\" title=\"D\u00e9couvez Mon Actu\" rel=\"nofollow noopener\" data-trk=\"{&quot;cta&quot;:{&quot;action&quot;:&quot;https:\\\/\\\/moncompte.actu.fr&quot;,&quot;category&quot;:&quot;mon compte&quot;,&quot;from&quot;:&quot;article footer&quot;,&quot;name&quot;:&quot;Mon actu&quot;,&quot;type&quot;:&quot;cta&quot;}}\" target=\"_blank\">Mon Actu<\/a>.<\/p>\n","protected":false},"excerpt":{"rendered":"Par Ludivine Caporal Publi\u00e9 le 12 juin 2025 \u00e0 12h11 L\u2019histoire se r\u00e9p\u00e8te et les autorit\u00e9s locales donnent&hellip;\n","protected":false},"author":2,"featured_media":170536,"comment_status":"","ping_status":"","sticky":false,"template":"","format":"standard","meta":{"footnotes":""},"categories":[1889],"tags":[1111,11,2430,1777,674,1011,27,2428,12,1072,2809,25,5575,104],"class_list":{"0":"post-170535","1":"post","2":"type-post","3":"status-publish","4":"format-standard","5":"has-post-thumbnail","7":"category-lyon","8":"tag-actu","9":"tag-actualites","10":"tag-auvergne-rhone-alpes","11":"tag-eu","12":"tag-europe","13":"tag-fr","14":"tag-france","15":"tag-lyon","16":"tag-news","17":"tag-police","18":"tag-presquile","19":"tag-republique-francaise","20":"tag-rodeos-urbains","21":"tag-societe"},"share_on_mastodon":{"url":"https:\/\/pubeurope.com\/@fr\/114669878212875174","error":""},"_links":{"self":[{"href":"https:\/\/www.europesays.com\/fr\/wp-json\/wp\/v2\/posts\/170535","targetHints":{"allow":["GET"]}}],"collection":[{"href":"https:\/\/www.europesays.com\/fr\/wp-json\/wp\/v2\/posts"}],"about":[{"href":"https:\/\/www.europesays.com\/fr\/wp-json\/wp\/v2\/types\/post"}],"author":[{"embeddable":true,"href":"https:\/\/www.europesays.com\/fr\/wp-json\/wp\/v2\/users\/2"}],"replies":[{"embeddable":true,"href":"https:\/\/www.europesays.com\/fr\/wp-json\/wp\/v2\/comments?post=170535"}],"version-history":[{"count":0,"href":"https:\/\/www.europesays.com\/fr\/wp-json\/wp\/v2\/posts\/170535\/revisions"}],"wp:featuredmedia":[{"embeddable":true,"href":"https:\/\/www.europesays.com\/fr\/wp-json\/wp\/v2\/media\/170536"}],"wp:attachment":[{"href":"https:\/\/www.europesays.com\/fr\/wp-json\/wp\/v2\/media?parent=170535"}],"wp:term":[{"taxonomy":"category","embeddable":true,"href":"https:\/\/www.europesays.com\/fr\/wp-json\/wp\/v2\/categories?post=170535"},{"taxonomy":"post_tag","embeddable":true,"href":"https:\/\/www.europesays.com\/fr\/wp-json\/wp\/v2\/tags?post=170535"}],"curies":[{"name":"wp","href":"https:\/\/api.w.org\/{rel}","templated":true}]}}