{"id":170537,"date":"2025-06-12T10:17:10","date_gmt":"2025-06-12T10:17:10","guid":{"rendered":"https:\/\/www.europesays.com\/fr\/170537\/"},"modified":"2025-06-12T10:17:10","modified_gmt":"2025-06-12T10:17:10","slug":"lembellie-est-la-mais-elle-est-fragile","status":"publish","type":"post","link":"https:\/\/www.europesays.com\/fr\/170537\/","title":{"rendered":"\u201cL\u2019embellie est l\u00e0, mais elle est fragile\u201d"},"content":{"rendered":"<p>      <img fetchpriority=\"high\" decoding=\"async\" class=\"mx-auto\" src=\"data:image\/svg+xml,%3Csvg%20xmlns%3D%27http%3A%2F%2Fwww.w3.org%2F2000%2Fsvg%27%20fill%3D%22%23e4e4e4%22%20viewBox%3D%270%200%20510%20340%27%20width%3D%22510%22%20height%3D%22340%22%3E%3Cpath%20d%3D%27M0%200h510v340H0z%27%2F%3E%3C%2Fsvg%3E\"  loading=\"eager\" width=\"510\" height=\"340\" data-oncrawl-image-size=\"510x340\" alt=\"Apr\u00e8s trois ann\u00e9es de crise, une \u00e9claircie appara\u00eet enfin sur le march\u00e9 francilien.\"\/>      <\/p>\n<p class=\"latino-100m text-grey-600\">\n            Apr\u00e8s trois ann\u00e9es de crise, une \u00e9claircie appara\u00eet enfin sur le march\u00e9 francilien.\u00a0WIRESTOCK\/GETTY IMAGES        <\/p>\n<p>    Lire\u00a0plus\u00a0tard  <\/p>\n<p><a aria-label=\"Nous suivre sur Google News\" href=\"https:\/\/news.google.com\/publications\/CAAqBwgKMJe4nQkw3dFs?hl=fr&amp;gl=FR&amp;ceid=FR%3Afr\" target=\"_blank\" data-piano=\"Page_Article,Sous_date_publi,Nous_suivre_sur_google_news,1er_clic,action\" class=\"btn btn--small btn--secondary\" rel=\"noopener\"><\/p>\n<p>      Google Actualit\u00e9s<br \/>\n  <\/a><\/p>\n<p>  Partager<\/p>\n<p>        Facebook<\/p>\n<p>        Bluesky<\/p>\n<p>        E-mail<\/p>\n<p>        Copier le lien<\/p>\n<p>      Envoyer<\/p>\n<p>    Offrir\u00a0cet\u00a0article<\/p>\n<p>S\u2019abonner permet d\u2019offrir les articles \u00e0 vos proches. Et pas que\u00a0: vous pouvez les consulter et les commenter.<\/p>\n<p>    Temps de lecture\u00a0:\u00a03\u00a0min.<\/p>\n<p class=\"badge badge--content-premium latino-100b\">Abonn\u00e9<\/p>\n<p class=\"article__description latino-600m mb-8 mb-lg-30 \" data-oncrawl-chapo-length=\"204\">\n  \t  D\u00e9cryptage\u00a0<br \/>\n    Augmentation du volume des ventes et fin de la chute des prix\u00a0: l\u2019heure est enfin \u00e0 l\u2019embellie sur le march\u00e9 francilien. Mais, attention, la moindre contrari\u00e9t\u00e9 pourrait enrayer ce red\u00e9marrage.<\/p>\n<p class=\"node__paragraphe antonia-750r text-grey-800 pb-24 pb-md-30\">\nDes acqu\u00e9reurs qui reprennent leur projet. Des banques qui financent \u00e0 nouveau des dossiers. Des agents immobiliers qui re\u00e7oivent plusieurs offres pour un m\u00eame bien. Apr\u00e8s trois ann\u00e9es de crise, dont deux particuli\u00e8rement orageuses, une \u00e9claircie appara\u00eet enfin sur le march\u00e9 francilien. \u00ab\u00a0Les volumes des ventes r\u00e9alis\u00e9es entre le premier trimestre 2024 et le premier trimestre 2025 ont bondi de 21\u00a0%, indiquent les notaires du Grand Paris. Cela correspond \u00e0 5\u00a0000\u00a0transactions de plus.\u00a0\u00bb<\/p>\n<p class=\"node__paragraphe antonia-750r text-grey-800 pb-24 pb-md-30\">\n\u00ab\u00a0Nos ventes en Ile-de-France ont progress\u00e9 de 44\u00a0% sur les quatre premiers mois de l\u2019ann\u00e9e\u00a0\u00bb, note m\u00eame Gabriel Pacheco, pr\u00e9sident du r\u00e9seau Safti. Ce rebond longtemps esp\u00e9r\u00e9 redonne un peu de baume au c\u0153ur des professionnels. \u00ab\u00a0C\u2019est le printemps de l\u2019immobilier\u00a0!\u00a0\u00bb, se r\u00e9jouit Charles Marinakis, pr\u00e9sident de Century\u00a021 France.<\/p>\n<p class=\"node__paragraphe antonia-750r text-grey-800 pb-8\">\nPlusieurs facteurs nourrissent ce regain d\u2019activit\u00e9. D\u2019abord, l\u2019am\u00e9lioration des conditions d\u2019acc\u00e8s au cr\u00e9dit. \u00ab\u00a0Le ta\u2026<\/p>\n<p class=\"latino-100m text-blue-400\">Article r\u00e9serv\u00e9 aux abonn\u00e9s.<\/p>\n<p>          Se connecter<\/p>\n<p class=\"text-center antonia-1850c\" style=\"margin-bottom:4px;\">Envie de lire la suite ?<\/p>\n<p class=\"text-center antonia-800c pb-15\">Tous nos articles en int\u00e9gralit\u00e9 d\u00e8s\u00a01\u20ac<\/p>\n<p>        S&rsquo;abonner<\/p>\n<p class=\"text-grey-700 or\">ou<\/p>\n<p>            <img width=\"164\" height=\"20\" src=\"data:image\/svg+xml,%3Csvg%20xmlns%3D%27http%3A%2F%2Fwww.w3.org%2F2000%2Fsvg%27%20fill%3D%22%23e4e4e4%22%20viewBox%3D%270%200%20282%2054%27%20width%3D%22282%22%20height%3D%2254%22%3E%3Cpath%20d%3D%27M0%200h282v54H0z%27%2F%3E%3C%2Fsvg%3E\"  class=\"js-swg-placeholder\" alt=\"Subscribe with Google\" loading=\"lazy\" decoding=\"async\"\/><\/p>\n<p>          D\u00e9couvrir toutes nos offres<\/p>\n","protected":false},"excerpt":{"rendered":"Apr\u00e8s trois ann\u00e9es de crise, une \u00e9claircie appara\u00eet enfin sur le march\u00e9 francilien.\u00a0WIRESTOCK\/GETTY IMAGES Lire\u00a0plus\u00a0tard Google Actualit\u00e9s Partager&hellip;\n","protected":false},"author":2,"featured_media":170538,"comment_status":"","ping_status":"","sticky":false,"template":"","format":"standard","meta":{"footnotes":""},"categories":[1592],"tags":[17,1111,11,9325,30507,1777,674,1011,30508,27,4323,662,1116,30505,2089,12,626,30506,25],"class_list":{"0":"post-170537","1":"post","2":"type-post","3":"status-publish","4":"format-standard","5":"has-post-thumbnail","7":"category-ile-de-france","8":"tag-17","9":"tag-actu","10":"tag-actualites","11":"tag-doucement","12":"tag-embellie","13":"tag-eu","14":"tag-europe","15":"tag-fr","16":"tag-fragile","17":"tag-france","18":"tag-ile","19":"tag-ile-de-france","20":"tag-immobilier","21":"tag-immobilier-en-ile-de-france","22":"tag-marche","23":"tag-news","24":"tag-paris","25":"tag-redemarre","26":"tag-republique-francaise"},"share_on_mastodon":{"url":"https:\/\/pubeurope.com\/@fr\/114669882193514996","error":""},"_links":{"self":[{"href":"https:\/\/www.europesays.com\/fr\/wp-json\/wp\/v2\/posts\/170537","targetHints":{"allow":["GET"]}}],"collection":[{"href":"https:\/\/www.europesays.com\/fr\/wp-json\/wp\/v2\/posts"}],"about":[{"href":"https:\/\/www.europesays.com\/fr\/wp-json\/wp\/v2\/types\/post"}],"author":[{"embeddable":true,"href":"https:\/\/www.europesays.com\/fr\/wp-json\/wp\/v2\/users\/2"}],"replies":[{"embeddable":true,"href":"https:\/\/www.europesays.com\/fr\/wp-json\/wp\/v2\/comments?post=170537"}],"version-history":[{"count":0,"href":"https:\/\/www.europesays.com\/fr\/wp-json\/wp\/v2\/posts\/170537\/revisions"}],"wp:featuredmedia":[{"embeddable":true,"href":"https:\/\/www.europesays.com\/fr\/wp-json\/wp\/v2\/media\/170538"}],"wp:attachment":[{"href":"https:\/\/www.europesays.com\/fr\/wp-json\/wp\/v2\/media?parent=170537"}],"wp:term":[{"taxonomy":"category","embeddable":true,"href":"https:\/\/www.europesays.com\/fr\/wp-json\/wp\/v2\/categories?post=170537"},{"taxonomy":"post_tag","embeddable":true,"href":"https:\/\/www.europesays.com\/fr\/wp-json\/wp\/v2\/tags?post=170537"}],"curies":[{"name":"wp","href":"https:\/\/api.w.org\/{rel}","templated":true}]}}