{"id":170541,"date":"2025-06-12T10:19:08","date_gmt":"2025-06-12T10:19:08","guid":{"rendered":"https:\/\/www.europesays.com\/fr\/170541\/"},"modified":"2025-06-12T10:19:08","modified_gmt":"2025-06-12T10:19:08","slug":"pour-gerald-darmanin-tout-na-pas-ete-fait-pour-eviter-la-mort-de-ladolescent","status":"publish","type":"post","link":"https:\/\/www.europesays.com\/fr\/170541\/","title":{"rendered":"pour G\u00e9rald Darmanin \u00ab\u2009tout n\u2019a pas \u00e9t\u00e9 fait\u2009\u00bb pour \u00e9viter la mort de l&rsquo;adolescent"},"content":{"rendered":"<p>            Par<br \/>\n        <strong><br \/>\n            <a href=\"https:\/\/actu.fr\/auteur\/redaction-paris\" title=\"Consulter tous les articles de R\u00e9daction Paris\" rel=\"nofollow noopener\" target=\"_blank\">R\u00e9daction Paris<\/a><br \/>\n        <\/strong><\/p>\n<p>        Publi\u00e9 le<\/p>\n<p>            12 juin 2025 \u00e0 11h15        <\/p>\n<p>Six mois apr\u00e8s <a href=\"https:\/\/actu.fr\/ile-de-france\/paris_75056\/vol-de-telephone-emotion-suspects-ce-que-l-on-sait-de-la-mort-d-un-adolescent-de-14-ans-a-paris_62167814.html\" rel=\"nofollow noopener\" target=\"_blank\">la mort d\u2019Elias<\/a>, adolescent de 14\u00a0ans poignard\u00e9 dans le 14e arrondissement de Paris, <a href=\"https:\/\/actu.fr\/tag\/gerald-darmanin\" rel=\"nofollow noopener\" target=\"_blank\">G\u00e9rald Darmanin<\/a> a \u00e9voqu\u00e9 le d\u00e9c\u00e8s tragique du jeune homme ce jeudi 12 juin 2025. Selon le ministre de la Justice, des <strong>\u00ab\u2009dysfonctionnements\u2009\u00bb<\/strong> ont conduit \u00e0 sa mort le 25 janvier dernier, arguant que \u00ab\u2009tout n\u2019a pas \u00e9t\u00e9 fait\u2009\u00bb pour \u00e9viter le d\u00e9c\u00e8s de l\u2019adolescent.<\/p>\n<p>\u00ab\u2009La s\u00e9curit\u00e9 la plus importante \u00e0 tous les parents de France\u2009\u00bb<\/p>\n<p class=\" wall-content\">\u00ab\u2009J\u2019ai demand\u00e9 \u00e0 l\u2019Inspection de la justice\u2009\u00bb de rendre \u00ab\u2009des <strong>conclusions publiques<\/strong> sur ce qu\u2019il s\u2019est pass\u00e9, \u00e7a arrivera en septembre\u2009\u00bb, <a href=\"https:\/\/actu.fr\/ile-de-france\/paris_75056\/quatre-mois-apres-le-meurtre-d-elias-a-paris-les-mots-forts-de-sa-mere-j-attends-des-reponses_62684928.html\" rel=\"nofollow noopener\" target=\"_blank\">\u00e0 la demande de la m\u00e8re d\u2019Elias<\/a>, a indiqu\u00e9 le garde des Sceaux sur <a href=\"https:\/\/www.bfmtv.com\/\" rel=\"nofollow noopener\" target=\"_blank\">BFMTV<\/a>.<\/p>\n<p class=\" wall-content\">\u00ab\u2009Tout n\u2019a pas \u00e9t\u00e9 fait [\u2026] pour que notre code des mineurs, notre code p\u00e9nal, notre fonctionnement de la justice et de la police puissent <strong>garantir la s\u00e9curit\u00e9<\/strong> la plus importante \u00e0 tous les parents de France\u2009\u00bb, a-t-il ajout\u00e9.<\/p>\n<p class=\" wall-content\">Pour rappel, Elias avait \u00e9t\u00e9 poignard\u00e9 \u00e0 la sortie d\u2019un entra\u00eenement de football dans le 14e arrondissement de Paris pour avoir r\u00e9sist\u00e9 au vol de son portable. <a href=\"https:\/\/actu.fr\/ile-de-france\/paris_75056\/mort-d-elias-a-paris-les-deux-adolescents-suspectes-du-meurtre-places-en-detention-provisoire_62175424.html\" rel=\"nofollow noopener\" target=\"_blank\">Deux mineurs de 16 et 17\u00a0ans<\/a>, connus de la justice, ont \u00e9t\u00e9 <strong>mis en examen<\/strong> pour \u00ab\u2009extorsion avec violences ayant entra\u00een\u00e9 la mort\u2009\u00bb de l\u2019adolescent.<\/p>\n<p class=\" wall-content\">G\u00e9rald Darmanin a racont\u00e9 avoir \u00e9t\u00e9 <strong>\u00ab\u2009choqu\u00e9\u2009\u00bb<\/strong> par le fait que \u00ab\u2009ces deux gamins qui \u00e9taient d\u00e9j\u00e0 tr\u00e8s connus des services de police, (qui) n\u2019avaient pas le droit de se rencontrer\u2009\u00bb, aient pu se retrouver \u00ab\u2009ensemble\u2009\u00bb au moment de la mort d\u2019\u00c9lias.<\/p>\n<p>Vid\u00e9os : en ce moment sur Actu<\/p>\n<p class=\" wall-content\">Le ministre a fustig\u00e9 le fait que <strong>malgr\u00e9 des contr\u00f4les policiers<\/strong>, ces deux jeunes aient pu se fr\u00e9quenter, reconnaissant toutefois que, comme ils \u00e9taient voisins, cette mesure \u00e9tait compliqu\u00e9e \u00e0 appliquer.<\/p>\n<p>\u00ab\u2009Il n\u2019y a aucune cons\u00e9quence par la justice\u2009\u00bb<\/p>\n<p class=\" wall-content\">\u00ab\u2009Il y a <strong>d\u2019autres dysfonctionnements<\/strong>\u2009\u00bb, a-t-il d\u00e9velopp\u00e9, expliquant que cette mesure \u00ab\u2009prononc\u00e9e par la justice n\u2019\u00e9tait pas \u00e0 la connaissance des policiers dans ce qu\u2019on appelle le FPR, le fichier des personnes recherch\u00e9es\u2009\u00bb, et qu\u2019aucune sanction n\u2019\u00e9tait pr\u00e9vue en cas de violation.<\/p>\n<p class=\" wall-content\">\u00ab\u2009Lorsque les <strong>mesures d\u2019\u00e9ducation<\/strong> sont viol\u00e9es et qu\u2019il n\u2019y a aucune cons\u00e9quence par la justice, \u00e9videmment, tout \u00e7a est incompr\u00e9hensible et \u00e7a cr\u00e9e des drames\u2009\u00bb, a-t-il ajout\u00e9, reconnaissant toutefois le \u00ab\u2009manque de moyens\u2009\u00bb de la justice des mineurs.<\/p>\n<p class=\" wall-content\">\u00ab\u2009Des <strong>juges pour enfants<\/strong>, il n\u2019y en a pas beaucoup en France\u2009\u00bb et ils ont \u00ab\u2009\u00e0 peu pr\u00e8s 450 dossiers\u2009\u00bb \u00e0 traiter chacun, a d\u00e9taill\u00e9 le ministre, annon\u00e7ant vouloir augmenter leur nombre.<\/p>\n<p class=\" wall-content\">Avec AFP.<\/p>\n<p class=\" wall-content\">Suivez toute l\u2019actualit\u00e9 de vos villes et m\u00e9dias favoris en vous inscrivant \u00e0 <a href=\"https:\/\/moncompte.actu.fr\" title=\"D\u00e9couvez Mon Actu\" rel=\"nofollow noopener\" data-trk=\"{&quot;cta&quot;:{&quot;action&quot;:&quot;https:\\\/\\\/moncompte.actu.fr&quot;,&quot;category&quot;:&quot;mon compte&quot;,&quot;from&quot;:&quot;article footer&quot;,&quot;name&quot;:&quot;Mon actu&quot;,&quot;type&quot;:&quot;cta&quot;}}\" target=\"_blank\">Mon Actu<\/a>.<\/p>\n<ul class=\"ac-article-tag wall-content\">\n<li><a href=\"https:\/\/actu.fr\/tag\/gerald-darmanin\" data-trk=\"{&quot;cta&quot;:{&quot;action&quot;:&quot;G\\u00e9rald Darmanin&quot;,&quot;category&quot;:&quot;tag&quot;,&quot;from&quot;:&quot;article footer&quot;,&quot;name&quot;:&quot;G\\u00e9rald Darmanin&quot;,&quot;type&quot;:&quot;cta&quot;}}\" rel=\"nofollow noopener\" target=\"_blank\">#G\u00e9rald Darmanin<\/a><\/li>\n<li><a href=\"https:\/\/actu.fr\/tag\/justice\" data-trk=\"{&quot;cta&quot;:{&quot;action&quot;:&quot;Justice&quot;,&quot;category&quot;:&quot;tag&quot;,&quot;from&quot;:&quot;article footer&quot;,&quot;name&quot;:&quot;Justice&quot;,&quot;type&quot;:&quot;cta&quot;}}\" rel=\"nofollow noopener\" target=\"_blank\">#Justice<\/a><\/li>\n<\/ul>\n","protected":false},"excerpt":{"rendered":"Par R\u00e9daction Paris Publi\u00e9 le 12 juin 2025 \u00e0 11h15 Six mois apr\u00e8s la mort d\u2019Elias, adolescent de&hellip;\n","protected":false},"author":2,"featured_media":168561,"comment_status":"","ping_status":"","sticky":false,"template":"","format":"standard","meta":{"footnotes":""},"categories":[1888],"tags":[1111,1928,11,1927,1777,674,118,1011,27,432,303,12,1926,626,1925,25],"class_list":{"0":"post-170541","1":"post","2":"type-post","3":"status-publish","4":"format-standard","5":"has-post-thumbnail","7":"category-paris","8":"tag-actu","9":"tag-actu-paris","10":"tag-actualites","11":"tag-actualites-paris","12":"tag-eu","13":"tag-europe","14":"tag-faits-divers","15":"tag-fr","16":"tag-france","17":"tag-gerald-darmanin","18":"tag-justice","19":"tag-news","20":"tag-news-paris","21":"tag-paris","22":"tag-paris-news","23":"tag-republique-francaise"},"share_on_mastodon":{"url":"https:\/\/pubeurope.com\/@fr\/114669890071808677","error":""},"_links":{"self":[{"href":"https:\/\/www.europesays.com\/fr\/wp-json\/wp\/v2\/posts\/170541","targetHints":{"allow":["GET"]}}],"collection":[{"href":"https:\/\/www.europesays.com\/fr\/wp-json\/wp\/v2\/posts"}],"about":[{"href":"https:\/\/www.europesays.com\/fr\/wp-json\/wp\/v2\/types\/post"}],"author":[{"embeddable":true,"href":"https:\/\/www.europesays.com\/fr\/wp-json\/wp\/v2\/users\/2"}],"replies":[{"embeddable":true,"href":"https:\/\/www.europesays.com\/fr\/wp-json\/wp\/v2\/comments?post=170541"}],"version-history":[{"count":0,"href":"https:\/\/www.europesays.com\/fr\/wp-json\/wp\/v2\/posts\/170541\/revisions"}],"wp:featuredmedia":[{"embeddable":true,"href":"https:\/\/www.europesays.com\/fr\/wp-json\/wp\/v2\/media\/168561"}],"wp:attachment":[{"href":"https:\/\/www.europesays.com\/fr\/wp-json\/wp\/v2\/media?parent=170541"}],"wp:term":[{"taxonomy":"category","embeddable":true,"href":"https:\/\/www.europesays.com\/fr\/wp-json\/wp\/v2\/categories?post=170541"},{"taxonomy":"post_tag","embeddable":true,"href":"https:\/\/www.europesays.com\/fr\/wp-json\/wp\/v2\/tags?post=170541"}],"curies":[{"name":"wp","href":"https:\/\/api.w.org\/{rel}","templated":true}]}}