{"id":170559,"date":"2025-06-12T10:29:12","date_gmt":"2025-06-12T10:29:12","guid":{"rendered":"https:\/\/www.europesays.com\/fr\/170559\/"},"modified":"2025-06-12T10:29:12","modified_gmt":"2025-06-12T10:29:12","slug":"lespagne-le-royaume-uni-et-lunion-europeenne-scellent-un-accord-historique-sur-la-libre-circulation-a-gibraltar","status":"publish","type":"post","link":"https:\/\/www.europesays.com\/fr\/170559\/","title":{"rendered":"L&rsquo;Espagne, le Royaume-Uni et l&rsquo;Union europ\u00e9enne scellent un accord historique sur la libre circulation \u00e0 Gibraltar"},"content":{"rendered":"<p>\tL&rsquo;Espagne, le Royaume-Uni et l&rsquo;Union europ\u00e9enne scellent un accord historique sur la libre circulation \u00e0 Gibraltar &#8211; Touteleurope.eu<\/p>\n<p>\t\t<img decoding=\"async\" alt=\"fermer\" class=\"close-info\" src=\"https:\/\/www.touteleurope.eu\/wp-content\/themes\/toute_leurope\/assets\/images\/close-picto-blue.svg\"\/><\/p>\n<p>Touteleurope.eu est le site p\u00e9dagogique de r\u00e9f\u00e9rence sur les questions europ\u00e9ennes : <a href=\"https:\/\/www.touteleurope.eu\/qui-sommes-nous\/\" target=\"_blank\" rel=\"noopener nofollow\">Qui sommes-nous ?<\/a><\/p>\n<p><img decoding=\"async\" class=\"logo-pdf\" alt=\"Toute L'Europe \u2013 Comprendre l'Europe\" src=\"https:\/\/www.touteleurope.eu\/wp-content\/themes\/toute_leurope\/assets\/images\/logo-ttl.svg\"\/><\/p>\n","protected":false},"excerpt":{"rendered":"L&rsquo;Espagne, le Royaume-Uni et l&rsquo;Union europ\u00e9enne scellent un accord historique sur la libre circulation \u00e0 Gibraltar &#8211; Touteleurope.eu&hellip;\n","protected":false},"author":2,"featured_media":170560,"comment_status":"","ping_status":"","sticky":false,"template":"","format":"standard","meta":{"footnotes":""},"categories":[1586],"tags":[11,1353,2196,2442,1777,674,1779,1011,27,6430,2443,12,25,1778,364],"class_list":{"0":"post-170559","1":"post","2":"type-post","3":"status-publish","4":"format-standard","5":"has-post-thumbnail","7":"category-europe","8":"tag-actualites","9":"tag-brexit","10":"tag-commission-europeenne","11":"tag-consequences-du-brexit","12":"tag-eu","13":"tag-europe","14":"tag-european-union","15":"tag-fr","16":"tag-france","17":"tag-frontieres","18":"tag-libre-circulation","19":"tag-news","20":"tag-republique-francaise","21":"tag-ue","22":"tag-union-europeenne"},"share_on_mastodon":{"url":"https:\/\/pubeurope.com\/@fr\/114669929574884044","error":""},"_links":{"self":[{"href":"https:\/\/www.europesays.com\/fr\/wp-json\/wp\/v2\/posts\/170559","targetHints":{"allow":["GET"]}}],"collection":[{"href":"https:\/\/www.europesays.com\/fr\/wp-json\/wp\/v2\/posts"}],"about":[{"href":"https:\/\/www.europesays.com\/fr\/wp-json\/wp\/v2\/types\/post"}],"author":[{"embeddable":true,"href":"https:\/\/www.europesays.com\/fr\/wp-json\/wp\/v2\/users\/2"}],"replies":[{"embeddable":true,"href":"https:\/\/www.europesays.com\/fr\/wp-json\/wp\/v2\/comments?post=170559"}],"version-history":[{"count":0,"href":"https:\/\/www.europesays.com\/fr\/wp-json\/wp\/v2\/posts\/170559\/revisions"}],"wp:featuredmedia":[{"embeddable":true,"href":"https:\/\/www.europesays.com\/fr\/wp-json\/wp\/v2\/media\/170560"}],"wp:attachment":[{"href":"https:\/\/www.europesays.com\/fr\/wp-json\/wp\/v2\/media?parent=170559"}],"wp:term":[{"taxonomy":"category","embeddable":true,"href":"https:\/\/www.europesays.com\/fr\/wp-json\/wp\/v2\/categories?post=170559"},{"taxonomy":"post_tag","embeddable":true,"href":"https:\/\/www.europesays.com\/fr\/wp-json\/wp\/v2\/tags?post=170559"}],"curies":[{"name":"wp","href":"https:\/\/api.w.org\/{rel}","templated":true}]}}