{"id":170565,"date":"2025-06-12T10:32:18","date_gmt":"2025-06-12T10:32:18","guid":{"rendered":"https:\/\/www.europesays.com\/fr\/170565\/"},"modified":"2025-06-12T10:32:18","modified_gmt":"2025-06-12T10:32:18","slug":"le-nouveau-recours-de-vinci-bouygues-encore-rejete","status":"publish","type":"post","link":"https:\/\/www.europesays.com\/fr\/170565\/","title":{"rendered":"le nouveau recours de Vinci-Bouygues encore rejet\u00e9"},"content":{"rendered":"<p>Ce jeudi, le nouveau recours de Vinci-Bouygues pour le Stade de France a \u00e9t\u00e9 rejet\u00e9 par le tribunal administratif de Montreuil.<\/p>\n<p class=\"fig-paragraph\">Encore. Le nouveau recours intent\u00e9 par l&rsquo;actuel concessionnaire du Stade de France, le consortium\u00a0<a href=\"http:\/\/www.lefigaro.fr\/sports\/concession-du-stade-de-france-vinci-bouygues-depose-un-nouveau-recours-apres-l-attribution-a-gl-events-20250519\" data-fig-type=\"NewsFlash\" data-gtm-custom-categorie=\"navigation\" data-gtm-custom-action=\"crossclick\" data-gtm-custom-label=\"Contextuel\" data-gtm-event=\"customEventSPE\" data-fig-domain=\"LEFIGARO\" rel=\"nofollow noopener\" target=\"_blank\">Vinci-Bouygues<\/a>, a \u00e9t\u00e9 rejet\u00e9 jeudi par le tribunal admnistratif de Montreuil, ouvrant la voie \u00e0 la signature du contrat entre\u00a0<a href=\"http:\/\/www.lefigaro.fr\/medias\/nouveaux-sports-loges-de-luxe-comment-gl-events-veut-transformer-le-stade-de-france-20250513\" data-fig-type=\"Article\" data-gtm-custom-categorie=\"navigation\" data-gtm-custom-action=\"crossclick\" data-gtm-custom-label=\"Contextuel\" data-gtm-event=\"customEventSPE\" data-fig-domain=\"LEFIGARO\" rel=\"nofollow noopener\" target=\"_blank\">GL Events<\/a>\u00a0et l&rsquo;\u00c9tat qui lui accorde la gestion du stade pour trente ans.<\/p>\n<p class=\"fig-paragraph\">Le tribunal a jug\u00e9 que l&rsquo;\u00c9tat n&rsquo;avait \u00abpas manqu\u00e9 \u00e0 ses obligations de publicit\u00e9 et de concurrence\u00bb, selon un communiqu\u00e9, comme l&rsquo;avait jug\u00e9 une premi\u00e8re fois d\u00e9j\u00e0 le tribunal en r\u00e9f\u00e9r\u00e9. La d\u00e9cision avait ensuite \u00e9t\u00e9 confirm\u00e9e par le Conseil d&rsquo;\u00c9tat.<\/p>\n<p>L\u2019\u00c9tat attribue la gestion du Stade de France \u00e0 GL Events<\/p>\n<p class=\"fig-paragraph\">Il a aussi jug\u00e9 jeudi que \u00abl&rsquo;insertion par le groupement (GL Events, ndlr) dans ses offres successives de clauses pr\u00e9voyant des mesures \u00e0 adopter en cas d&rsquo;\u00e9v\u00e9nement bouleversant l&rsquo;\u00e9quilibre financier du contrat ainsi que le plafonnement de certains frais ne porte pas atteinte \u00e0 l&rsquo;\u00e9conomie g\u00e9n\u00e9rale du contrat\u00bb, balayant ainsi les nouveaux arguments avanc\u00e9s le consortium qui g\u00e9rait le Stade de France depuis 1995.<\/p>\n<p class=\"fig-body-link\">\n            \u00c0 lire aussi<br \/>\n        <a class=\"fig-body-link__link fig-premium-mark\" href=\"http:\/\/www.lefigaro.fr\/sports\/football\/zidane-apres-deschamps-banqueroute-des-clubs-francais-entrisme-islamiste-les-reponses-de-philippe-diallo-le-patron-de-la-fff-au-figaro-20250611\" data-fig-type=\"Article\" data-gtm-custom-categorie=\"navigation\" data-gtm-custom-action=\"crossclick\" data-gtm-custom-label=\"Contextuel\" data-gtm-event=\"customEventSPE\" data-fig-domain=\"LEFIGARO\" rel=\"nofollow noopener\" target=\"_blank\">Zidane apr\u00e8s Deschamps, Demb\u00e9l\u00e9 Ballon d\u2019or, \u00abr\u00e9volution\u00bb du football fran\u00e7ais&#8230; Les r\u00e9ponses de Philippe Diallo, le patron de la FFF, au Figaro<br \/>\n    <\/a>\n<\/p>\n<p class=\"fig-paragraph\">Au terme de plus de deux ans de proc\u00e9dure, l&rsquo;\u00c9tat a attribu\u00e9 au d\u00e9but du mois de mai \u00e0 GL Events la gestion de l&rsquo;enceinte situ\u00e9e \u00e0 Saint-Denis, au nord de Paris. Le contrat de concession n&rsquo;a pas encore \u00e9t\u00e9 sign\u00e9 et le groupe d&rsquo;\u00e9v\u00e9nementiel a h\u00e2te de pouvoir entrer dans les murs alors que la concession actuelle s&rsquo;ach\u00e8ve le 4 ao\u00fbt, et que l&rsquo;ensemble de la proc\u00e9dure a beaucoup tra\u00een\u00e9.<\/p>\n<p class=\"fig-paragraph\">Deux concerts du groupe de hard rock AC\/DC sont en effet programm\u00e9s les 9 et 13 ao\u00fbt. \u00abL&rsquo;enjeu \u00e0 un moment donn\u00e9 est que le sortant accepte, qu&rsquo;on passe \u00e0 autre chose\u00bb, confiait le 13 mai dernier \u00e0 l&rsquo;AFP Christophe Cizeron, directeur g\u00e9n\u00e9ral de la branche \u00abvenues\u00bb de GL Events.<\/p>\n","protected":false},"excerpt":{"rendered":"Ce jeudi, le nouveau recours de Vinci-Bouygues pour le Stade de France a \u00e9t\u00e9 rejet\u00e9 par le tribunal&hellip;\n","protected":false},"author":2,"featured_media":170566,"comment_status":"","ping_status":"","sticky":false,"template":"","format":"standard","meta":{"footnotes":""},"categories":[4],"tags":[11,525,20536,18013,814,20535,64,20534,85,2257,63,1011,27,20533,955,12,25,1980,14478],"class_list":{"0":"post-170565","1":"post","2":"type-post","3":"status-publish","4":"format-standard","5":"has-post-thumbnail","7":"category-france","8":"tag-actualites","9":"tag-calendrier","10":"tag-clairefontaine","11":"tag-coupe-du-monde-2018","12":"tag-direct","13":"tag-eliminatoires","14":"tag-equipe-de-france","15":"tag-euro-2020","16":"tag-fff","17":"tag-foot","18":"tag-football","19":"tag-fr","20":"tag-france","21":"tag-les-bleus","22":"tag-match","23":"tag-news","24":"tag-republique-francaise","25":"tag-resultats","26":"tag-stade-de-france"},"share_on_mastodon":{"url":"https:\/\/pubeurope.com\/@fr\/114669941234986452","error":""},"_links":{"self":[{"href":"https:\/\/www.europesays.com\/fr\/wp-json\/wp\/v2\/posts\/170565","targetHints":{"allow":["GET"]}}],"collection":[{"href":"https:\/\/www.europesays.com\/fr\/wp-json\/wp\/v2\/posts"}],"about":[{"href":"https:\/\/www.europesays.com\/fr\/wp-json\/wp\/v2\/types\/post"}],"author":[{"embeddable":true,"href":"https:\/\/www.europesays.com\/fr\/wp-json\/wp\/v2\/users\/2"}],"replies":[{"embeddable":true,"href":"https:\/\/www.europesays.com\/fr\/wp-json\/wp\/v2\/comments?post=170565"}],"version-history":[{"count":0,"href":"https:\/\/www.europesays.com\/fr\/wp-json\/wp\/v2\/posts\/170565\/revisions"}],"wp:featuredmedia":[{"embeddable":true,"href":"https:\/\/www.europesays.com\/fr\/wp-json\/wp\/v2\/media\/170566"}],"wp:attachment":[{"href":"https:\/\/www.europesays.com\/fr\/wp-json\/wp\/v2\/media?parent=170565"}],"wp:term":[{"taxonomy":"category","embeddable":true,"href":"https:\/\/www.europesays.com\/fr\/wp-json\/wp\/v2\/categories?post=170565"},{"taxonomy":"post_tag","embeddable":true,"href":"https:\/\/www.europesays.com\/fr\/wp-json\/wp\/v2\/tags?post=170565"}],"curies":[{"name":"wp","href":"https:\/\/api.w.org\/{rel}","templated":true}]}}