{"id":170571,"date":"2025-06-12T10:36:13","date_gmt":"2025-06-12T10:36:13","guid":{"rendered":"https:\/\/www.europesays.com\/fr\/170571\/"},"modified":"2025-06-12T10:36:13","modified_gmt":"2025-06-12T10:36:13","slug":"insolite-tsitsipas-en-mode-nostalgie-je-me-sens-chanceux-davoir-eu-loccasion-de-partager-le-court-de-tennis-avec-roger-federer-cetait-probablement-lune-des-experiences-les-plus-majestueuses","status":"publish","type":"post","link":"https:\/\/www.europesays.com\/fr\/170571\/","title":{"rendered":"Insolite > Tsitsipas en mode nostalgie : \u00ab\u00a0Je me sens chanceux d&rsquo;avoir eu l&rsquo;occasion de partager le court de tennis avec Roger Federer. C&rsquo;\u00e9tait probablement l&rsquo;une des exp\u00e9riences les plus majestueuses de ma vie\u00a0\u00bb"},"content":{"rendered":"<p>Parrain de la derni\u00e8re promo\u00adtion \u00e0 l\u2019aca\u00add\u00e9mie de Patrick Mouratoglou, Stefanos Tsitsipas a fait un petit discours o\u00f9 il a \u00e9voqu\u00e9 son rapport parti\u00adcu\u00adlier avec la l\u00e9gende Roger Federer. Visiblement, le Grec est nostal\u00adgique de cette \u00e9poque.<\/p>\n<p>\u00ab\u202f<strong>Concernant l\u2019in\u00adfluence de Roger Federer, je la compa\u00adre\u00adrais \u00e0 celle de Michael Jordan. Et je me sens chan\u00adceux d\u2019avoir eu l\u2019oc\u00adca\u00adsion de partager le court de tennis avec lui. C\u2019\u00e9tait proba\u00adble\u00adment l\u2019une des exp\u00e9\u00adriences les plus majes\u00adtueuses de ma vie. Pouvoir fouler le court et jouer contre lui. Je me suis soudain senti vivant.\u202f\u00bb\u00a0<br \/><\/strong><\/p>\n<p class=\"post-published-date\" style=\"color: silver; font-size: 75%; text-align: left;\">Publi\u00e9 le jeudi 12 juin 2025 \u00e0 10:40<\/p>\n","protected":false},"excerpt":{"rendered":"Parrain de la derni\u00e8re promo\u00adtion \u00e0 l\u2019aca\u00add\u00e9mie de Patrick Mouratoglou, Stefanos Tsitsipas a fait un petit discours o\u00f9&hellip;\n","protected":false},"author":2,"featured_media":170572,"comment_status":"","ping_status":"","sticky":false,"template":"","format":"standard","meta":{"footnotes":""},"categories":[1415],"tags":[2199,1011,27,60,1467,5443],"class_list":{"0":"post-170571","1":"post","2":"type-post","3":"status-publish","4":"format-standard","5":"has-post-thumbnail","7":"category-tennis","8":"tag-federer","9":"tag-fr","10":"tag-france","11":"tag-sports","12":"tag-tennis","13":"tag-tsitsipas"},"share_on_mastodon":{"url":"https:\/\/pubeurope.com\/@fr\/114669956792623218","error":""},"_links":{"self":[{"href":"https:\/\/www.europesays.com\/fr\/wp-json\/wp\/v2\/posts\/170571","targetHints":{"allow":["GET"]}}],"collection":[{"href":"https:\/\/www.europesays.com\/fr\/wp-json\/wp\/v2\/posts"}],"about":[{"href":"https:\/\/www.europesays.com\/fr\/wp-json\/wp\/v2\/types\/post"}],"author":[{"embeddable":true,"href":"https:\/\/www.europesays.com\/fr\/wp-json\/wp\/v2\/users\/2"}],"replies":[{"embeddable":true,"href":"https:\/\/www.europesays.com\/fr\/wp-json\/wp\/v2\/comments?post=170571"}],"version-history":[{"count":0,"href":"https:\/\/www.europesays.com\/fr\/wp-json\/wp\/v2\/posts\/170571\/revisions"}],"wp:featuredmedia":[{"embeddable":true,"href":"https:\/\/www.europesays.com\/fr\/wp-json\/wp\/v2\/media\/170572"}],"wp:attachment":[{"href":"https:\/\/www.europesays.com\/fr\/wp-json\/wp\/v2\/media?parent=170571"}],"wp:term":[{"taxonomy":"category","embeddable":true,"href":"https:\/\/www.europesays.com\/fr\/wp-json\/wp\/v2\/categories?post=170571"},{"taxonomy":"post_tag","embeddable":true,"href":"https:\/\/www.europesays.com\/fr\/wp-json\/wp\/v2\/tags?post=170571"}],"curies":[{"name":"wp","href":"https:\/\/api.w.org\/{rel}","templated":true}]}}