{"id":170575,"date":"2025-06-12T10:39:11","date_gmt":"2025-06-12T10:39:11","guid":{"rendered":"https:\/\/www.europesays.com\/fr\/170575\/"},"modified":"2025-06-12T10:39:11","modified_gmt":"2025-06-12T10:39:11","slug":"idee-cadeau-pour-la-fete-des-peres-un-abonnement-100-canal","status":"publish","type":"post","link":"https:\/\/www.europesays.com\/fr\/170575\/","title":{"rendered":"Id\u00e9e cadeau pour la f\u00eate des p\u00e8res : Un abonnement 100% CANAL+*"},"content":{"rendered":"<p>La <a href=\"https:\/\/www.20minutes.fr\/societe\/fete-peres\/\" target=\"_blank\" class=\"color-ultramarine c-link\" rel=\"noopener\">f\u00eate des p\u00e8res<\/a> approche, et comme chaque ann\u00e9e, vous cherchez LE cadeau qui fera vraiment plaisir. Pas facile de se renouveler quand on a d\u00e9j\u00e0 offert tous les classiques\u2026 Alors si vous manquez d\u2019inspiration, voici une id\u00e9e simple et qui fonctionne \u00e0 tous les coups : <a href=\"https:\/\/ad.doubleclick.net\/ddm\/trackclk\/N6600.143849.20MINUTES.FR\/B32944843.421529627;dc_trk_aid=614226846;dc_trk_cid=228480032;dc_lat=;dc_rdid=;tag_for_child_directed_treatment=;tfua=;gdpr=${GDPR};gdpr_consent=${GDPR_CONSENT_755};ltd=;dc_tdv=1\" rel=\"nofollow noopener\" target=\"_blank\" class=\"color-ultramarine c-link\">un abonnement 100% CANAL+*<\/a>. C\u2019est un cadeau utile, pratique, et qui dure bien au-del\u00e0 du jour J. Votre p\u00e8re est plut\u00f4t sport ? Il pourra suivre de grands matchs de foot, la Formule 1\u00ae, le TOP 14&#8230; Il pr\u00e9f\u00e8re les films ? Il aura acc\u00e8s aux derni\u00e8res nouveaut\u00e9s comme Gladiator II, Leurs enfants apr\u00e8s eux, ou encore Vingt Dieux. Et s\u2019il aime les s\u00e9ries, il ne pourra plus d\u00e9crocher de Plaine Orientale, The Agency ou Le Bureau des L\u00e9gendes. En plus, c\u2019est simple \u00e0 utiliser, utilisable sur deux \u00e9crans simultan\u00e9s compatibles, et disponible d\u00e8s maintenant \u00e0 un tarif avantageux. On vous en dit plus tout de suite.<\/p>\n<p>Toujours plus de sport cet \u00e9t\u00e9<\/p>\n<p>Cette ann\u00e9e, la f\u00eate des p\u00e8res se joue en m\u00eal\u00e9e. Avec 100% du TOP 14 sur les cha\u00eenes CANAL+, votre papa pourra suivre les demi-finales les 20 et 21 juin, et la grande finale du 27 juin comme s\u2019il y \u00e9tait. Il pr\u00e9f\u00e8re le ballon rond ? Aucun souci : les plus grands matchs de l\u2019UEFA Champions League, l\u2019UEFA Europa League et L\u2019UEFA Conference League l\u2019attendent aussi sur les cha\u00eenes CANAL+, CANAL+SPORT et CANAL+FOOT. Et pour les amateurs de sensations fortes, la Formule 1\u00ae est \u00e9galement \u00e0 l\u2019affiche : des essais aux Grands Prix\u2122, tout est diffus\u00e9 en int\u00e9gralit\u00e9 sur les cha\u00eenes Canal + . L\u2019offre 100% CANAL+* rassemble vraiment tout ce qu\u2019il aime.<\/p>\n<p>Ces films exceptionnels \u00e0 regarder avec l\u2019offre*<\/p>\n<p>Pour la f\u00eate des p\u00e8res, faites entrer le cin\u00e9ma dans le salon avec l\u2019offre 100% CANAL+*. Commencez par Leurs enfants apr\u00e8s eux, une histoire intrigante qui met en sc\u00e8ne Anthony dont la vie bascule apr\u00e8s le vol de la moto de son p\u00e8re. Envie d\u2019action ? Plongez dans Gladiator II, la suite tr\u00e8s attendue du chef-d\u2019\u0153uvre original. On y retrouve Lucius, adulte, pr\u00eat \u00e0 tout pour d\u00e9fendre Rome et faire honneur \u00e0 l\u2019h\u00e9ritage de Maximus. Enfin, ne manquez pas Vingt Dieux, diffus\u00e9 le 17 juin. L\u2019histoire improbable d\u2019un gar\u00e7on qui r\u00eave de remporter la m\u00e9daille d\u2019or du concours agricole.<\/p>\n<p>Les s\u00e9ries qui font sensation en ce moment<\/p>\n<p>Besoin d\u2019une bonne s\u00e9rie ? Avec l\u2019offre 100% CANAL+*, vous avez le choix parmi les programmes du moment. Plongez dans The Agency depuis le 22 mai, une s\u00e9rie qui suit les agents secrets fran\u00e7ais au c\u0153ur de missions \u00e0 haut risque. \u00c0 ne pas rater non plus : Plaine Orientale depuis le 26 mai, une Cr\u00e9ation Originale CANAL+ qui vous emm\u00e8ne en Corse, en plein c\u0153ur d\u2019un conflit familial et mafieux. Vous resterez en haleine jusqu\u2019au dernier \u00e9pisode. Et pour ceux qui ne l\u2019auraient pas encore vue, Le Bureau des L\u00e9gendes reste un incontournable. Cette s\u00e9rie d\u2019espionnage a d\u00e9j\u00e0 conquis un large public. <\/p>\n<p>L\u2019offre 100% CANAL+* en d\u00e9tail<\/p>\n<p>Vous h\u00e9sitez encore sur le bon cadeau pour la f\u00eate des p\u00e8res ? Optez pour l\u2019offre 100% CANAL+*, une solution simple et pratique. Au tarif de 19,99 euros par mois pendant 24 mois, puis 32,99 euros par mois, avec abonnement 24 mois, votre papa acc\u00e8dera \u00e0 toutes les cha\u00eenes CANAL+ : cin\u00e9ma ultra-r\u00e9cent, grands matchs, s\u00e9ries cultes, documentaires, contenus jeunesse\u2026 Le tout sur deux \u00e9crans en simultan\u00e9. C\u00f4t\u00e9 sport, il y en a pour toutes les envies : UEFA Champions League, UEFA Europa League, TOP 14, Formule 1\u00ae. Et c\u00f4t\u00e9 cin\u00e9, les nouveaut\u00e9s sont au rendez-vous avec Gladiator II, Le Roman de Jim ou encore Vingt Dieux \u00e0 d\u00e9couvrir le 17 juin. Enfin, il y a aussi de quoi bingewatcher** avec des s\u00e9ries CANAL+ comme Plaine Orientale, The Agency, ou l\u2019incontournable Bureau des L\u00e9gendes. Cette formule CANAL+* est vraiment une id\u00e9e cadeau originale, qui fera plaisir \u00e0 coup s\u00fbr. Cliquez vite sur \u00ab S\u00e9lectionner \u00bb pour en profiter.<\/p>\n<p><a href=\"https:\/\/ad.doubleclick.net\/ddm\/trackclk\/N6600.143849.20MINUTES.FR\/B32944843.421529627;dc_trk_aid=614226846;dc_trk_cid=228480032;dc_lat=;dc_rdid=;tag_for_child_directed_treatment=;tfua=;gdpr=${GDPR};gdpr_consent=${GDPR_CONSENT_755};ltd=;dc_tdv=1\" rel=\"nofollow noopener\" target=\"_blank\" class=\"c-link c-btn c-btn--primary\">Cliquez ici pour souscrire l\u2019offre 100% CANAL+* <\/a><\/p>\n<p>*Offre soumise \u00e0 conditions, valable en France m\u00e9tropolitaine jusqu\u2019au 10\/07\/2025 pour toute souscription sur boutique.canalplus.com. Apr\u00e8s 24 mois et sauf r\u00e9siliation, le contrat est renouvel\u00e9 pour 1 an au tarif hors promotion en vigueur (\u00e0 titre indicatif au 22\/05 : 32.99\u20ac\/mois). Modalit\u00e9s sur boutique.canalplus.com<\/p>\n<p>**Bingewatcher = Regarder vite\/beaucoup d\u2019\u00e9pisodes d\u2019une s\u00e9rie<\/p>\n<p>Programmation\/offre de cha\u00eenes et\/ou de service(s) susceptibles de modification(s).<\/p>\n<p>Le logo F1 FORMULA 1, les d\u00e9nominations F1, FORMULA 1, FIA FORMULA ONE WORLD CHAMPIONSHIP, GRAND PRIX et toutes les marques qui y sont associ\u00e9es sont des marques d\u00e9pos\u00e9es de Formula One Licencing B.V., une soci\u00e9t\u00e9 du groupe Formula One. Tous droits r\u00e9serv\u00e9s.<\/p>\n","protected":false},"excerpt":{"rendered":"La f\u00eate des p\u00e8res approche, et comme chaque ann\u00e9e, vous cherchez LE cadeau qui fera vraiment plaisir. Pas&hellip;\n","protected":false},"author":2,"featured_media":170576,"comment_status":"","ping_status":"","sticky":false,"template":"","format":"standard","meta":{"footnotes":""},"categories":[1412],"tags":[677,1451,30509,1452,1453,1454,1455,1011,27,676,60],"class_list":{"0":"post-170575","1":"post","2":"type-post","3":"status-publish","4":"format-standard","5":"has-post-thumbnail","7":"category-f1","8":"tag-bons-plans","9":"tag-f1","10":"tag-fete-des-peres","11":"tag-formula-1","12":"tag-formula1","13":"tag-formule-1","14":"tag-formule1","15":"tag-fr","16":"tag-france","17":"tag-guide-dachat","18":"tag-sports"},"share_on_mastodon":{"url":"https:\/\/pubeurope.com\/@fr\/114669968668725299","error":""},"_links":{"self":[{"href":"https:\/\/www.europesays.com\/fr\/wp-json\/wp\/v2\/posts\/170575","targetHints":{"allow":["GET"]}}],"collection":[{"href":"https:\/\/www.europesays.com\/fr\/wp-json\/wp\/v2\/posts"}],"about":[{"href":"https:\/\/www.europesays.com\/fr\/wp-json\/wp\/v2\/types\/post"}],"author":[{"embeddable":true,"href":"https:\/\/www.europesays.com\/fr\/wp-json\/wp\/v2\/users\/2"}],"replies":[{"embeddable":true,"href":"https:\/\/www.europesays.com\/fr\/wp-json\/wp\/v2\/comments?post=170575"}],"version-history":[{"count":0,"href":"https:\/\/www.europesays.com\/fr\/wp-json\/wp\/v2\/posts\/170575\/revisions"}],"wp:featuredmedia":[{"embeddable":true,"href":"https:\/\/www.europesays.com\/fr\/wp-json\/wp\/v2\/media\/170576"}],"wp:attachment":[{"href":"https:\/\/www.europesays.com\/fr\/wp-json\/wp\/v2\/media?parent=170575"}],"wp:term":[{"taxonomy":"category","embeddable":true,"href":"https:\/\/www.europesays.com\/fr\/wp-json\/wp\/v2\/categories?post=170575"},{"taxonomy":"post_tag","embeddable":true,"href":"https:\/\/www.europesays.com\/fr\/wp-json\/wp\/v2\/tags?post=170575"}],"curies":[{"name":"wp","href":"https:\/\/api.w.org\/{rel}","templated":true}]}}