{"id":170583,"date":"2025-06-12T10:43:09","date_gmt":"2025-06-12T10:43:09","guid":{"rendered":"https:\/\/www.europesays.com\/fr\/170583\/"},"modified":"2025-06-12T10:43:09","modified_gmt":"2025-06-12T10:43:09","slug":"une-belle-visibilite-de-la-mediterranee-le-photographe-animalier-et-naturaliste-nicois-greg-lecoeur-sexpose-a-laeroport-de-nice","status":"publish","type":"post","link":"https:\/\/www.europesays.com\/fr\/170583\/","title":{"rendered":"\u00ab\u00a0Une belle visibilit\u00e9 de la M\u00e9diterran\u00e9e\u00a0\u00bb: le photographe animalier et naturaliste ni\u00e7ois Greg Lecoeur s\u2019expose \u00e0 l\u2019a\u00e9roport de Nice"},"content":{"rendered":"<p>Il est n\u00e9 il y a pr\u00e8s de 48 ans \u00e0 Nice. Au bord de la mer. Cette mer qu\u2019il aime tant. D\u2019un amour abyssal, limpide, militant. Pour la M\u00e9diterran\u00e9e, Greg Lecoeur donne son c\u0153ur.<\/p>\n<p>Et tout le monde peut en faire autant en d\u00e9couvrant, en vivant les expositions que ce photographe animalier et naturaliste engag\u00e9 dans la conservation de l\u2019environnement et de la biodiversit\u00e9, a organis\u00e9es \u00e0 l\u2019a\u00e9roport de Nice.<\/p>\n<p>Jusqu\u2019au 30 septembre, en effet, les deux terminaux se laissent porter par les flots mouvants autant qu\u2019\u00e9mouvants de \u00ab\u00a0M\u00e9diterran\u00e9e: un oc\u00e9an de vie\u00a0\u00bb (1).<\/p>\n<p>Diversit\u00e9 des esp\u00e8ces<\/p>\n<p>Cet artiste de l\u2019univers liquide compte beaucoup sur cet \u00e9v\u00e9nement \u00ab\u00a0qui sera le hub de l\u2019Unoc [2] et de l\u2019\u00e9t\u00e9\u00a0\u00bb. Car m\u00eame si les d\u00e9l\u00e9gations au Sommet de l\u2019Oc\u00e9an ont d\u00e9ferl\u00e9 \u00e0 Nice en avion et en feront autant lors de leur d\u00e9part, elles verront forc\u00e9ment les immenses photos \u00ab\u00a0offrant une belle visibilit\u00e9 de la M\u00e9diterran\u00e9e\u00a0\u00bb.<\/p>\n<p>Donc, du passage pour une sensibilisation, une prise de conscience de tous. Greg y croit.<\/p>\n<p>C\u2019est pour cela, qu\u2019il y a 2 ans, il a mont\u00e9, dans le cadre de l\u2019exp\u00e9dition Pelagos, r\u00e9unissant l\u2019association We are M\u00e9diterran\u00e9e et des scientifiques, une campagne pour \u00ab\u00a0pr\u00e9senter la diversit\u00e9 des esp\u00e8ces d\u2019une mer encore tr\u00e8s vivante\u00a0\u00bb.<\/p>\n<p>C\u2019est ce que fait cette double exposition s\u2019exprimant \u00e0 travers des b\u00e2ches de 6m\u00e8tres sur 4, des totems, d\u2019immenses cubes, sur des parvis&#8230;, tout en valorisant le travail des scientifiques.<\/p>\n<p>Que voit-on au terminal 1? \u00ab\u00a0Tous les habitants du sanctuaire Pelagos: baleines, dauphins, tortues&#8230;.\u00a0\u00bb<\/p>\n<p>Et au terminal 2? Tout l\u2019habitat c\u00f4tier: coraux, gorgones, \u00e9ponges, herbier de posidonies, fonds sableux composant 70% de notre littoral.<\/p>\n<p>1. Cette exposition a \u00e9t\u00e9 r\u00e9alis\u00e9e avec le support de: l\u2019Agence de l\u2019eau, Indosuez, l\u2019Office fran\u00e7ais de la biodiversit\u00e9, ACCOBAMS, Fondation Albert II de Monaco, l\u2019A\u00e9roport de Nice.<\/p>\n<p>2. Conf\u00e9rence des Nations-Unies sur l\u2019Oc\u00e9an.<\/p>\n","protected":false},"excerpt":{"rendered":"Il est n\u00e9 il y a pr\u00e8s de 48 ans \u00e0 Nice. Au bord de la mer. Cette&hellip;\n","protected":false},"author":2,"featured_media":170584,"comment_status":"","ping_status":"","sticky":false,"template":"","format":"standard","meta":{"footnotes":""},"categories":[1358],"tags":[1348,1384,1385,1386,58,59,436,1011,27],"class_list":{"0":"post-170583","1":"post","2":"type-post","3":"status-publish","4":"format-standard","5":"has-post-thumbnail","7":"category-arts-et-design","8":"tag-arts","9":"tag-arts-and-design","10":"tag-arts-et-design","11":"tag-design","12":"tag-divertissement","13":"tag-entertainment","14":"tag-environnement","15":"tag-fr","16":"tag-france"},"share_on_mastodon":{"url":"https:\/\/pubeurope.com\/@fr\/114669984393386886","error":""},"_links":{"self":[{"href":"https:\/\/www.europesays.com\/fr\/wp-json\/wp\/v2\/posts\/170583","targetHints":{"allow":["GET"]}}],"collection":[{"href":"https:\/\/www.europesays.com\/fr\/wp-json\/wp\/v2\/posts"}],"about":[{"href":"https:\/\/www.europesays.com\/fr\/wp-json\/wp\/v2\/types\/post"}],"author":[{"embeddable":true,"href":"https:\/\/www.europesays.com\/fr\/wp-json\/wp\/v2\/users\/2"}],"replies":[{"embeddable":true,"href":"https:\/\/www.europesays.com\/fr\/wp-json\/wp\/v2\/comments?post=170583"}],"version-history":[{"count":0,"href":"https:\/\/www.europesays.com\/fr\/wp-json\/wp\/v2\/posts\/170583\/revisions"}],"wp:featuredmedia":[{"embeddable":true,"href":"https:\/\/www.europesays.com\/fr\/wp-json\/wp\/v2\/media\/170584"}],"wp:attachment":[{"href":"https:\/\/www.europesays.com\/fr\/wp-json\/wp\/v2\/media?parent=170583"}],"wp:term":[{"taxonomy":"category","embeddable":true,"href":"https:\/\/www.europesays.com\/fr\/wp-json\/wp\/v2\/categories?post=170583"},{"taxonomy":"post_tag","embeddable":true,"href":"https:\/\/www.europesays.com\/fr\/wp-json\/wp\/v2\/tags?post=170583"}],"curies":[{"name":"wp","href":"https:\/\/api.w.org\/{rel}","templated":true}]}}