{"id":170595,"date":"2025-06-12T10:50:09","date_gmt":"2025-06-12T10:50:09","guid":{"rendered":"https:\/\/www.europesays.com\/fr\/170595\/"},"modified":"2025-06-12T10:50:09","modified_gmt":"2025-06-12T10:50:09","slug":"bourree-dans-les-rues-de-paris-coco-gauff-fini-dans-un-triste-etat-apres-la-finale-de-roland-garros-cetait-drole","status":"publish","type":"post","link":"https:\/\/www.europesays.com\/fr\/170595\/","title":{"rendered":"Bourr\u00e9e dans les rues de Paris, Coco Gauff fini dans un triste \u00e9tat apr\u00e8s la finale de Roland-Garros : \u00ab\u00a0c\u2019\u00e9tait dr\u00f4le\u00a0\u00bb"},"content":{"rendered":"<p><strong>Aryna Sabalenka<\/strong> n\u2019a pas r\u00e9sist\u00e9 \u00e0 la fougue de<br \/>\n<strong>Coco Gauff<\/strong>, qui a brill\u00e9 sur la terre battue<br \/>\nparisienne et soulev\u00e9 la Coupe Suzanne Lenglen \u00e0 l\u2019issue d\u2019une<br \/>\nfinale intense. \u00c0 seulement 21 ans, l\u2019Am\u00e9ricaine s\u2019impose comme une<br \/>\nfigure incontournable du tennis mondial en d\u00e9crochant pour la<br \/>\npremi\u00e8re fois Roland-Garros, son deuxi\u00e8me titre en Grand Chelem.<br \/>\nUne victoire marquante, immortalis\u00e9e sous les flashs avec le<br \/>\nc\u00e9l\u00e8bre troph\u00e9e dans les mains. Mais cette coupe tant convoit\u00e9e<br \/>\ncache un petit secret. En r\u00e9alit\u00e9, le troph\u00e9e brandi sur le court<br \/>\nlors de la c\u00e9r\u00e9monie officielle n\u2019est qu\u2019un exemplaire destin\u00e9 aux<br \/>\nphotos. La v\u00e9ritable r\u00e9compense, celle que l\u00a0\u00bbAm\u00e9ricaine a pu<br \/>\nramener chez elle, est <strong>une r\u00e9plique diff\u00e9rente<\/strong>,<br \/>\nremise en toute discr\u00e9tion apr\u00e8s la f\u00eate.<\/p>\n<p>Roland-Garros : Coco Gauff d\u00e9voile le v\u00e9ritable troph\u00e9e<br \/>\nre\u00e7u<\/p>\n<p>Dans une vid\u00e9o publi\u00e9e sur TikTok, Coco Gauff a lev\u00e9 le voile<br \/>\nsur une petite curiosit\u00e9 li\u00e9e \u00e0 sa victoire. Devant la cam\u00e9ra, elle<br \/>\na tenu \u00e0 clarifier un point que peu de fans connaissent : le<br \/>\ntroph\u00e9e qu\u2019on voit sur les photos officielles ne quitte jamais les<br \/>\nvitrines du tournoi. \u00ab\u202f\u00c7a, c\u2019est le troph\u00e9e avec lequel nous<br \/>\nposons devant les m\u00e9dias\u202f\u00bb, explique-t-elle calmement, avant<br \/>\nde pr\u00e9ciser que \u00ab\u202f<strong>nous ne pouvons pas ramener ce<br \/>\ntroph\u00e9e chez nous<\/strong>, il reste la propri\u00e9t\u00e9 du<br \/>\ntournoi.\u202f\u00bb<\/p>\n<p>Pour autant, <a href=\"https:\/\/www.melty.fr\/sportz\/coco-gauff-remporte-la-finale-de-roland-garros-sa-prime-de-victoire-fait-tourner-les-tetes-2240605.html\" target=\"_blank\" rel=\"noopener\"><br \/>\nla championne ne repart pas les mains vides<\/a>. Elle a ensuite<br \/>\npr\u00e9sent\u00e9 la version qu\u2019elle a pu glisser dans ses bagages : une<br \/>\nreproduction plus modeste, bien loin du prestige de l\u2019original. En<br \/>\nmimant la pose classique du vainqueur, <strong>la tenniswoman de 21<br \/>\nans<\/strong> l\u00e2che avec humour\u202f: \u00ab\u202fIl est vraiment petit. Mais<br \/>\nles souvenirs sont \u00e9videmment le plus important. Il est tr\u00e8s beau<br \/>\net c\u2019est simplement une plus petite version du troph\u00e9e<br \/>\noriginal.\u202f\u00bb Un moment sinc\u00e8re qui montre que la symbolique du<br \/>\ntitre compte souvent bien plus que sa taille r\u00e9elle.<\/p>\n<p>Le p\u00e8re de Coco Gauff a v\u00e9cu la finale\u2026 depuis sa voiture<\/p>\n<p>Le jour o\u00f9 Coco Gauff a disput\u00e9 la finale de Roland-Garros, son<br \/>\np\u00e8re <strong>Corey<\/strong> n\u2019\u00e9tait pas dans les tribunes, mais\u2026<br \/>\nsur le parking. Install\u00e9 dans la zone r\u00e9serv\u00e9e aux transports, il a<br \/>\nsuivi chaque \u00e9change depuis un moniteur, sans jamais quitter son<br \/>\niPad des yeux. \u00ab\u00a0<strong>Je suis sur le parking, je regarde sur<br \/>\nun moniteur<\/strong>\u00ab\u00a0, a-t-il confi\u00e9 \u00e0 Tennis Channel. Pr\u00e9vu<br \/>\npour suivre le match depuis la salle de repos, il a finalement d\u00fb<br \/>\ntrouver un plan B. \u00ab\u00a0Elle \u00e9tait occup\u00e9e par le groupe de musique<br \/>\npour le spectacle juste avant la finale donc j&rsquo;ai d\u00fb aller me garer<br \/>\nsur le parking\u00a0\u00bb, raconte-t-il avec humour. Casque sur les<br \/>\noreilles et musique en fond, il a pr\u00e9f\u00e9r\u00e9 zapper les commentaires<br \/>\npour mieux vivre le match \u00e0 sa mani\u00e8re.<\/p>\n<p>Quand sa fille a obtenu une premi\u00e8re balle de match, l\u2019envie de<br \/>\nla rejoindre dans les tribunes l\u2019a gagn\u00e9. Mais la superstition a<br \/>\nvite pris le dessus : \u00ab\u00a0Je me suis lev\u00e9 au moment de la balle de<br \/>\nmatch. Pour la premi\u00e8re balle de match, j&rsquo;ai commenc\u00e9 \u00e0 marcher<br \/>\nvers le box et elle a perdu le point. Quand elle a perdu le suivant<br \/>\net conc\u00e9d\u00e9 une balle de break, je suis retourn\u00e9 \u00e0 ma place. Je me<br \/>\nsuis dit &lsquo;<strong>Je ne bouge plus tant que ce n\u2019est pas fini<br \/>\n!&rsquo;<\/strong>\u00a0\u00bb Une d\u00e9cision payante, puisque quelques instants<br \/>\nplus tard, sa fille s\u2019imposait. \u00ab\u00a0J&rsquo;\u00e9tais juste soulag\u00e9, et fier<br \/>\nd&rsquo;elle\u00a0\u00bb, a-t-il conclu, le c\u0153ur rempli d\u2019\u00e9motion.<\/p>\n<p>La tenniswoman compl\u00e8tement ivre \u00e0<br \/>\nParis<\/p>\n<p>Apr\u00e8s son triomphe \u00e0 Roland-Garros, Coco Gauff a voulu marquer<br \/>\nle coup en sortant f\u00eater sa victoire dans les rues de Paris. Sur<br \/>\nTikTok, elle a partag\u00e9 les coulisses de cette soir\u00e9e plut\u00f4t<br \/>\narros\u00e9e, assumant son \u00e9tat le lendemain : \u00ab\u00a0Sortir apr\u00e8s avoir<br \/>\nremport\u00e9 un \u00e9v\u00e8nement sportif devrait \u00eatre ill\u00e9gal. Tu es pleine<br \/>\nd\u2019\u00e9motion, d\u00e9shydrat\u00e9e, tu meurs de faim, et l\u00e0, ils te passent une<br \/>\nbouteille de champagne. \u00c9videmment que je termine dans un sale<br \/>\n\u00e9tat. <strong>Mais c\u2019\u00e9tait dr\u00f4le, je suis au top.<\/strong>\u00a0\u00bb<br \/>\nTout juste majeure aux \u00c9tats-Unis, <a href=\"https:\/\/www.nextplz.fr\/people\/494083-dechiree-apres-roland-garros-coco-gauff-decuve-dans-les-rues-de-paris-ca-devrait-etre-illegal\" target=\"_blank\" rel=\"nofollow noopener\">la jeune joueuse d\u00e9couvre<br \/>\nencore les effets d\u2019une soir\u00e9e bien charg\u00e9e<\/a>. Fatigue accumul\u00e9e,<br \/>\n\u00e9motions intenses et champagne ont eu raison de sa r\u00e9sistance, au<br \/>\npoint qu\u2019elle a oubli\u00e9 avoir lanc\u00e9 un live Instagram.<\/p>\n","protected":false},"excerpt":{"rendered":"Aryna Sabalenka n\u2019a pas r\u00e9sist\u00e9 \u00e0 la fougue de Coco Gauff, qui a brill\u00e9 sur la terre battue&hellip;\n","protected":false},"author":2,"featured_media":170596,"comment_status":"","ping_status":"","sticky":false,"template":"","format":"standard","meta":{"footnotes":""},"categories":[9],"tags":[905,1011,27,4171,60],"class_list":{"0":"post-170595","1":"post","2":"type-post","3":"status-publish","4":"format-standard","5":"has-post-thumbnail","7":"category-sports","8":"tag-a-la-une-melty","9":"tag-fr","10":"tag-france","11":"tag-roland-garros","12":"tag-sports"},"share_on_mastodon":{"url":"https:\/\/pubeurope.com\/@fr\/114670011949260613","error":""},"_links":{"self":[{"href":"https:\/\/www.europesays.com\/fr\/wp-json\/wp\/v2\/posts\/170595","targetHints":{"allow":["GET"]}}],"collection":[{"href":"https:\/\/www.europesays.com\/fr\/wp-json\/wp\/v2\/posts"}],"about":[{"href":"https:\/\/www.europesays.com\/fr\/wp-json\/wp\/v2\/types\/post"}],"author":[{"embeddable":true,"href":"https:\/\/www.europesays.com\/fr\/wp-json\/wp\/v2\/users\/2"}],"replies":[{"embeddable":true,"href":"https:\/\/www.europesays.com\/fr\/wp-json\/wp\/v2\/comments?post=170595"}],"version-history":[{"count":0,"href":"https:\/\/www.europesays.com\/fr\/wp-json\/wp\/v2\/posts\/170595\/revisions"}],"wp:featuredmedia":[{"embeddable":true,"href":"https:\/\/www.europesays.com\/fr\/wp-json\/wp\/v2\/media\/170596"}],"wp:attachment":[{"href":"https:\/\/www.europesays.com\/fr\/wp-json\/wp\/v2\/media?parent=170595"}],"wp:term":[{"taxonomy":"category","embeddable":true,"href":"https:\/\/www.europesays.com\/fr\/wp-json\/wp\/v2\/categories?post=170595"},{"taxonomy":"post_tag","embeddable":true,"href":"https:\/\/www.europesays.com\/fr\/wp-json\/wp\/v2\/tags?post=170595"}],"curies":[{"name":"wp","href":"https:\/\/api.w.org\/{rel}","templated":true}]}}