{"id":170597,"date":"2025-06-12T10:51:10","date_gmt":"2025-06-12T10:51:10","guid":{"rendered":"https:\/\/www.europesays.com\/fr\/170597\/"},"modified":"2025-06-12T10:51:10","modified_gmt":"2025-06-12T10:51:10","slug":"tf1-balance-des-informations-sur-lelimination-demilien-des-12-coups-de-midi","status":"publish","type":"post","link":"https:\/\/www.europesays.com\/fr\/170597\/","title":{"rendered":"TF1 balance des informations sur l&rsquo;\u00e9limination d&rsquo;Emilien des 12 Coups de midi"},"content":{"rendered":"<p>Alors que la rumeur enfle autour de son \u00e9limination, \u00c9milien, champion historique des \u00ab\u00a012 coups de midi\u00a0\u00bb, garde le cap. Mais dans les coulisses, le myst\u00e8re plane toujours.<\/p>\n<p>Depuis quelques jours, une question br\u00fble toutes les l\u00e8vres : <a href=\"https:\/\/www.pleinevie.fr\/loisirs\/tele-radio\/emilien-les-12-coups-de-midi-va-t-il-vraiment-etre-elimine-pas-tout-a-fait-vrai-selon-la-production-161925.html\" rel=\"nofollow noopener\" target=\"_blank\">\u00c9milien<\/a> va-t-il vraiment quitter Les 12 Coups de midi d\u00e9but juillet ? Un chiffre circule avec insistance, de quoi alimenter les sp\u00e9culations autour de celui qui d\u00e9tient d\u00e9sormais plus de 600 victoires et <a href=\"https:\/\/www.pleinevie.fr\/loisirs\/tele-radio\/emilien-12-coups-de-midi-en-un-an-et-demi-de-jeu-tele-il-a-gagne-plus-que-sa-mere-en-toute-une-vie-daide-soignante-159859.html\" rel=\"nofollow noopener\" target=\"_blank\">2,1 millions d\u2019euros de gains<\/a>. Mais \u00e0 mesure que <a href=\"https:\/\/www.pleinevie.fr\/loisirs\/tele-radio\/cette-fois-ci-ce-nest-pas-une-blague-emilien-elimine-des-12-coups-de-midi-voici-la-date-qui-circule-159823.html\" rel=\"nofollow noopener\" target=\"_blank\">la date approche<\/a>, le doute subsiste autour du sort du <a href=\"https:\/\/www.pleinevie.fr\/loisirs\/tele-radio\/cest-une-machine-de-guerre-jean-luc-reichmann-impressionne-par-la-600e-participation-demilien-dans-les-12-coups-de-midi-158756.html\" rel=\"nofollow noopener\" target=\"_blank\">chouchou de Jean-Luc Reichmann<\/a>. Et pour cause : aucune confirmation officielle n\u2019a encore filtr\u00e9.<\/p>\n<p> \t\t\t  Les 12 Coups de midi : quand va sortir Emilien ?   \u00c9milien bient\u00f4t \u00e9limin\u00e9 ? Ce que disent les anciens ma\u00eetres et la production  <\/p>\n<p>Dans les coulisses de TF1, l&rsquo;omerta est totale. Pourtant, d\u2019anciens grands champions sortent du silence. <strong>Bruno Hourcade<\/strong>, ex-recordman du jeu, ne cache pas son scepticisme : \u00ab\u00a0Personne n\u2019avait la vraie date, m\u00eame pour moi \u00e0 l\u2019\u00e9poque !\u00a0\u00bb\u00a0a-t-il rappel\u00e9 \u00e0 <a href=\"https:\/\/www.ouest-france.fr\/medias\/television\/personne-navait-la-vraie-date-comme-emilien-des-12-coups-de-midi-bruno-a-connu-les-rumeurs-f5090366-4083-11f0-b704-f7b46f41b8ae\" rel=\"nofollow noopener\" target=\"_blank\">Ouest-France<\/a>. \u00ab\u00a0C\u2019est normal que les gens sp\u00e9culent, c\u2019est le jeu qui veut \u00e7a.\u00a0\u00bb Alors, info ou intox ?<\/p>\n<p>    Pourquoi la date du 6 juillet revient-elle sans cesse ?  <\/p>\n<p>Si le nom d\u2019\u00c9milien agite autant les forums et les r\u00e9seaux, c\u2019est en grande partie parce que <strong>le tournage des \u00e9missions est d\u00e9cal\u00e9 de plusieurs semaines, voire de plusieurs mois<\/strong>. Autrement dit : les \u00e9pisodes que nous voyons en juin ont probablement \u00e9t\u00e9 enregistr\u00e9s au printemps. Une strat\u00e9gie assum\u00e9e par la production pour mieux calibrer les audiences.<\/p>\n<p>Bruno Hourcade l\u2019assure : \u00ab\u00a0Moi, j\u2019avais \u00e9t\u00e9 \u00e9limin\u00e9 avant l\u2019\u00e9t\u00e9 2021, mais ma derni\u00e8re \u00e9mission n\u2019a \u00e9t\u00e9 diffus\u00e9e que le 5 octobre\u00a0\u00bb. Une anecdote qui en dit long sur <strong>la ma\u00eetrise du calendrier par la production<\/strong>, et sur la difficult\u00e9 \u00e0 d\u00e9m\u00ealer le vrai du faux quand une rumeur s\u2019installe. Dans ce contexte, la \u00ab\u00a0fuite\u00a0\u00bb du 6 juillet pourrait tout aussi bien \u00eatre <strong>un leurre orchestr\u00e9<\/strong>, ou le fruit d\u2019un <strong>t\u00e9moignage mal interpr\u00e9t\u00e9<\/strong>. Et les fans ne peuvent compter que sur une chose : leur patience.<\/p>\n<p>     12 Coups de midi : ce que dit la production sur les rumeurs autour d\u2019\u00c9milien   Qui peut battre Emilien ?  <\/p>\n<p>Face \u00e0 l\u2019agitation, la production d\u2019EndemolShine France est sortie du silence. Invit\u00e9 sur Europe 1 le 10 juin, <strong>Jean-Louis Blot<\/strong>, pr\u00e9sident de la soci\u00e9t\u00e9, a reconnu le poids des sp\u00e9culations en ligne : \u00ab\u00a0On est oblig\u00e9s de vivre avec ce qui se dit, vrai ou faux. 90 % de ce qui se raconte est flou.\u00a0\u00bb\u00a0Jean-Louis Blot n\u2019a pas voulu confirmer l\u2019\u00e9limination prochaine d\u2019\u00c9milien. Au contraire, il a relanc\u00e9 le suspense : \u00ab\u00a0\u00c9milien est tr\u00e8s tr\u00e8s fort. Qui peut battre \u00c9milien ? C\u2019est la question qu\u2019on se pose tous.\u00a0\u00bb Une d\u00e9claration qui sonne comme une provocation pour ses challengers, mais aussi comme <strong>une fa\u00e7on d\u2019alimenter le suspense t\u00e9l\u00e9visuel<\/strong>.<\/p>\n<p>Pour maintenir ce secret, tout le monde est mis \u00e0 contribution. Le public sur place signe une clause de confidentialit\u00e9, les candidats aussi. Le moindre indice sur les r\u00e9seaux est passible d\u2019exclusion ou de poursuites. De quoi expliquer pourquoi, malgr\u00e9 l\u2019ampleur du ph\u00e9nom\u00e8ne, aucune certitude ne se d\u00e9gage.<\/p>\n<p>     Ce que l\u2019on sait \u00e0 ce jour sur la situation d\u2019\u00c9milien  <\/p>\n<p><strong>\u00c9milien<\/strong> est un <a href=\"https:\/\/www.pleinevie.fr\/loisirs\/tele-radio\/les-12-coups-de-midi-emilien-entre-dans-lhistoire-du-jeu-en-battant-un-nouveau-record-du-jamais-vu-126477.html\" rel=\"nofollow noopener\" target=\"_blank\">champion parmi les champions<\/a> puisqu&rsquo;il comptabilise plus de <strong>600 participations. <\/strong><a href=\"https:\/\/www.pleinevie.fr\/loisirs\/tele-radio\/emilien-12-coups-de-midi-entame-sa-603e-participation-voici-tous-les-cadeaux-quil-a-gagnes-jusquici-159475.html\" rel=\"nofollow noopener\" target=\"_blank\">Ses gains<\/a> d\u00e9passent les 2,1 millions d\u2019euros. En attendant de conna\u00eetre le fin mot de l&rsquo;histoire, les \u00e9missions continuent d\u2019\u00eatre diffus\u00e9es chaque jour \u00e0 midi sur TF1 et les supporters d&rsquo;Emilien suivent son aventure avec passion. Malgr\u00e9 les rumeurs, le jeune Savoyard conserve son sourire, comme si de rien n\u2019\u00e9tait, et peut <a href=\"https:\/\/www.pleinevie.fr\/loisirs\/tele-radio\/les-12-coups-de-midi-la-famille-demilien-en-danger-il-faut-se-proteger-160615.html\" rel=\"nofollow noopener\" target=\"_blank\">compter sur sa famille<\/a> pour l&rsquo;aider \u00e0 surmonter les temp\u00eates.<\/p>\n","protected":false},"excerpt":{"rendered":"Alors que la rumeur enfle autour de son \u00e9limination, \u00c9milien, champion historique des \u00ab\u00a012 coups de midi\u00a0\u00bb, garde&hellip;\n","protected":false},"author":2,"featured_media":170598,"comment_status":"","ping_status":"","sticky":false,"template":"","format":"standard","meta":{"footnotes":""},"categories":[8],"tags":[10281,58,59,1011,27],"class_list":{"0":"post-170597","1":"post","2":"type-post","3":"status-publish","4":"format-standard","5":"has-post-thumbnail","7":"category-divertissement","8":"tag-buzz-nonli","9":"tag-divertissement","10":"tag-entertainment","11":"tag-fr","12":"tag-france"},"share_on_mastodon":{"url":"https:\/\/pubeurope.com\/@fr\/114670016163085343","error":""},"_links":{"self":[{"href":"https:\/\/www.europesays.com\/fr\/wp-json\/wp\/v2\/posts\/170597","targetHints":{"allow":["GET"]}}],"collection":[{"href":"https:\/\/www.europesays.com\/fr\/wp-json\/wp\/v2\/posts"}],"about":[{"href":"https:\/\/www.europesays.com\/fr\/wp-json\/wp\/v2\/types\/post"}],"author":[{"embeddable":true,"href":"https:\/\/www.europesays.com\/fr\/wp-json\/wp\/v2\/users\/2"}],"replies":[{"embeddable":true,"href":"https:\/\/www.europesays.com\/fr\/wp-json\/wp\/v2\/comments?post=170597"}],"version-history":[{"count":0,"href":"https:\/\/www.europesays.com\/fr\/wp-json\/wp\/v2\/posts\/170597\/revisions"}],"wp:featuredmedia":[{"embeddable":true,"href":"https:\/\/www.europesays.com\/fr\/wp-json\/wp\/v2\/media\/170598"}],"wp:attachment":[{"href":"https:\/\/www.europesays.com\/fr\/wp-json\/wp\/v2\/media?parent=170597"}],"wp:term":[{"taxonomy":"category","embeddable":true,"href":"https:\/\/www.europesays.com\/fr\/wp-json\/wp\/v2\/categories?post=170597"},{"taxonomy":"post_tag","embeddable":true,"href":"https:\/\/www.europesays.com\/fr\/wp-json\/wp\/v2\/tags?post=170597"}],"curies":[{"name":"wp","href":"https:\/\/api.w.org\/{rel}","templated":true}]}}