{"id":170599,"date":"2025-06-12T10:52:10","date_gmt":"2025-06-12T10:52:10","guid":{"rendered":"https:\/\/www.europesays.com\/fr\/170599\/"},"modified":"2025-06-12T10:52:10","modified_gmt":"2025-06-12T10:52:10","slug":"internet-va-etre-dix-fois-plus-rapide-cette-minuscule-puce-promet-une-vitesse-jamais-atteinte-jusque-la","status":"publish","type":"post","link":"https:\/\/www.europesays.com\/fr\/170599\/","title":{"rendered":"\u00ab Internet va \u00eatre dix fois plus rapide \u00bb : cette minuscule puce promet une vitesse jamais atteinte jusque-l\u00e0"},"content":{"rendered":"<tr>\n<td><strong>EN BREF<\/strong><\/td>\n<\/tr>\n<tr>\n<td>\n<ul>\n<li>\ud83d\udd0d Les chercheurs su\u00e9dois ont d\u00e9velopp\u00e9 un <strong>amplificateur optique<\/strong> qui d\u00e9cuple la capacit\u00e9 de transmission des donn\u00e9es.<\/li>\n<li>\ud83d\udcc8 Cette innovation permettrait de r\u00e9pondre \u00e0 l\u2019<strong>explosion du trafic<\/strong> de donn\u00e9es pr\u00e9vue d\u2019ici 2030.<\/li>\n<li>\ud83d\udca1 L\u2019amplificateur est \u00e9galement prometteur pour des <strong>applications m\u00e9dicales<\/strong>, notamment dans les diagnostics pr\u00e9coces.<\/li>\n<li>\ud83d\udd27 Sa <strong>miniaturisation<\/strong> et son co\u00fbt r\u00e9duit facilitent son int\u00e9gration dans divers appareils technologiques.<\/li>\n<\/ul>\n<\/td>\n<\/tr>\n<p>Les avanc\u00e9es technologiques continuent de fa\u00e7onner notre quotidien, et les r\u00e9centes d\u00e9couvertes dans le domaine des t\u00e9l\u00e9communications pourraient bien r\u00e9volutionner la mani\u00e8re dont nous percevons et utilisons les r\u00e9seaux de communication. Une \u00e9quipe de chercheurs su\u00e9dois a mis au point un amplificateur optique qui promet de d\u00e9cupler la capacit\u00e9 de transmission des donn\u00e9es dans les fibres optiques, tout en offrant des applications prometteuses dans le secteur m\u00e9dical. Un tel d\u00e9veloppement pourrait transformer notre rapport \u00e0 la connectivit\u00e9 et \u00e0 la sant\u00e9.<\/p>\n<p>Un bond en avant dans la transmission de donn\u00e9es<\/p>\n<p>Au c\u0153ur de cette innovation, l\u2019amplificateur optique d\u00e9velopp\u00e9 \u00e0 l\u2019universit\u00e9 de technologie de Chalmers en Su\u00e8de. Cette technologie est capable de multiplier par dix la quantit\u00e9 de donn\u00e9es transmises par seconde sur les r\u00e9seaux en fibre optique. Les amplificateurs actuellement utilis\u00e9s poss\u00e8dent une bande passante d\u2019environ 30 nanom\u00e8tres, tandis que le nouvel amplificateur atteint les 300 nanom\u00e8tres. Cette augmentation spectaculaire est rendue possible gr\u00e2ce \u00e0 une structure complexe de guides d\u2019ondes en spirale en nitrure de silicium. Ce design unique optimise la circulation de la lumi\u00e8re, r\u00e9duisant ainsi le bruit et stabilisant le signal, ce qui permet d\u2019amplifier les transmissions extr\u00eamement faibles, comme celles utilis\u00e9es dans les communications spatiales. <strong>Cette avanc\u00e9e est cruciale pour r\u00e9pondre \u00e0 l\u2019explosion du trafic de donn\u00e9es, pr\u00e9vue pour doubler d\u2019ici 2030<\/strong>, en raison de l\u2019essor de l\u2019intelligence artificielle, du streaming et des objets connect\u00e9s.<\/p>\n<blockquote class=\"wp-embedded-content\" data-secret=\"pgoEpRO8Qm\">\n<p><a href=\"https:\/\/visegradpost.com\/fr\/2025\/05\/31\/la-russie-en-etat-de-panique-leffrayant-char-abramsx-de-larmee-americaine-semble-invincible-et-bouleverse-lequilibre-militaire-mondial\/\" target=\"_blank\" rel=\"noopener\">La Russie en \u00e9tat de panique : l\u2019effrayant char AbramsX de l\u2019arm\u00e9e am\u00e9ricaine semble invincible et bouleverse l\u2019\u00e9quilibre militaire mondial<\/a><\/p>\n<\/blockquote>\n<p>Applications m\u00e9dicales prometteuses<\/p>\n<p>Au-del\u00e0 des t\u00e9l\u00e9communications, cet amplificateur optique pourrait avoir des r\u00e9percussions significatives dans le domaine m\u00e9dical. Gr\u00e2ce \u00e0 sa large bande passante, il peut traiter des signaux lumineux dans une grande vari\u00e9t\u00e9 de longueurs d\u2019onde, y compris dans le visible et l\u2019infrarouge. Cela ouvre la voie \u00e0 des lasers m\u00e9dicaux plus pr\u00e9cis, capables d\u2019imager ou d\u2019analyser des tissus avec une finesse accrue. Peter Andrekson, professeur en photonique et auteur principal de l\u2019\u00e9tude, souligne que quelques ajustements pourraient permettre d\u2019\u00e9tendre son utilisation \u00e0 la lumi\u00e8re visible. Cette capacit\u00e9 pourrait \u00eatre exploit\u00e9e pour le diagnostic, l\u2019analyse ou le traitement m\u00e9dical, en d\u00e9tectant certaines maladies plus t\u00f4t gr\u00e2ce \u00e0 une meilleure r\u00e9solution et \u00e0 des syst\u00e8mes moins encombrants. <strong>Cette technologie pourrait transformer la mani\u00e8re dont les h\u00f4pitaux et les centres de recherche abordent le diagnostic et le traitement des maladies<\/strong>.<\/p>\n<blockquote class=\"wp-embedded-content\" data-secret=\"6nPm4FvLBv\">\n<p><a href=\"https:\/\/visegradpost.com\/fr\/2025\/06\/01\/la-france-pulverise-lamerique-comment-apollon-surpasse-le-laser-aux-millions-de-centrales-nucleaires-et-simpose-en-leader-inconteste\/\" target=\"_blank\" rel=\"noopener\">La France pulv\u00e9rise l\u2019Am\u00e9rique : comment Apollon surpasse le laser aux millions de centrales nucl\u00e9aires et s\u2019impose en leader incontest\u00e9<\/a><\/p>\n<\/blockquote>\n<p>Une technologie accessible et modulable<\/p>\n<p>La miniaturisation de cet amplificateur sur une puce de quelques centim\u00e8tres en fait une solution versatile et modulable. Sa conception modulaire permet de le dupliquer facilement pour des syst\u00e8mes plus puissants, rendant son int\u00e9gration possible dans une vari\u00e9t\u00e9 d\u2019appareils. Un seul laser utilisant cette technologie pourrait donc servir \u00e0 la fois en microscopie, en holographie, en imagerie avanc\u00e9e ou en caract\u00e9risation de mat\u00e9riaux. En outre, son co\u00fbt r\u00e9duit et son faible besoin \u00e9nerg\u00e9tique le rendent accessible, ce qui pourrait d\u00e9mocratiser l\u2019acc\u00e8s \u00e0 des technologies de pointe dans divers secteurs industriels. Cette accessibilit\u00e9 est essentielle pour r\u00e9pondre \u00e0 la demande croissante en \u00e9quipements laser dans des domaines vari\u00e9s.<\/p>\n<blockquote class=\"wp-embedded-content\" data-secret=\"QoGy5cRRok\">\n<p><a href=\"https:\/\/visegradpost.com\/fr\/2025\/05\/28\/coup-de-tonnerre-chez-apple-cette-innovation-inattendue-pourrait-transformer-votre-quotidien-des-2025-avec-une-technologie-sans-precedent\/\" target=\"_blank\" rel=\"noopener\">Coup de tonnerre chez Apple : cette innovation inattendue pourrait transformer votre quotidien d\u00e8s 2025 avec une technologie sans pr\u00e9c\u00e9dent<\/a><\/p>\n<\/blockquote>\n<p>Un futur prometteur pour les t\u00e9l\u00e9communications et la m\u00e9decine<\/p>\n<p>Les implications de cette d\u00e9couverte sont immenses, tant pour le secteur des t\u00e9l\u00e9communications que pour celui de la m\u00e9decine. L\u2019amplificateur optique de Chalmers repr\u00e9sente un pas de g\u00e9ant vers des r\u00e9seaux de communication plus efficaces et des technologies m\u00e9dicales plus avanc\u00e9es. <strong>En r\u00e9duisant les co\u00fbts et en augmentant l\u2019efficacit\u00e9<\/strong>, cette innovation pourrait transformer notre mani\u00e8re de communiquer et de prendre soin de notre sant\u00e9. Les chercheurs poursuivent leurs travaux pour am\u00e9liorer encore cette technologie et explorer de nouvelles applications potentielles. La question reste ouverte : comment cette avanc\u00e9e technologique influencera-t-elle notre quotidien dans les ann\u00e9es \u00e0 venir ?<\/p>\n<p>L\u2019auteur s\u2019est appuy\u00e9 sur l\u2019intelligence artificielle pour enrichir cet article.<\/p>\n<p id=\"rating\">\u00c7a vous a plu ?\u00a04.4\/5 (28)<\/p>\n","protected":false},"excerpt":{"rendered":"EN BREF \ud83d\udd0d Les chercheurs su\u00e9dois ont d\u00e9velopp\u00e9 un amplificateur optique qui d\u00e9cuple la capacit\u00e9 de transmission des&hellip;\n","protected":false},"author":2,"featured_media":170600,"comment_status":"","ping_status":"","sticky":false,"template":"","format":"standard","meta":{"footnotes":""},"categories":[7],"tags":[1011,27,27861,30510,43,40,41,39,717,42,44],"class_list":{"0":"post-170599","1":"post","2":"type-post","3":"status-publish","4":"format-standard","5":"has-post-thumbnail","7":"category-sciences-et-technologies","8":"tag-fr","9":"tag-france","10":"tag-innovation-technologique","11":"tag-sante-et-soins-hospitaliers","12":"tag-science","13":"tag-science-and-technology","14":"tag-sciences","15":"tag-sciences-et-technologies","16":"tag-technologie","17":"tag-technologies","18":"tag-technology"},"share_on_mastodon":{"url":"https:\/\/pubeurope.com\/@fr\/114670019777802868","error":""},"_links":{"self":[{"href":"https:\/\/www.europesays.com\/fr\/wp-json\/wp\/v2\/posts\/170599","targetHints":{"allow":["GET"]}}],"collection":[{"href":"https:\/\/www.europesays.com\/fr\/wp-json\/wp\/v2\/posts"}],"about":[{"href":"https:\/\/www.europesays.com\/fr\/wp-json\/wp\/v2\/types\/post"}],"author":[{"embeddable":true,"href":"https:\/\/www.europesays.com\/fr\/wp-json\/wp\/v2\/users\/2"}],"replies":[{"embeddable":true,"href":"https:\/\/www.europesays.com\/fr\/wp-json\/wp\/v2\/comments?post=170599"}],"version-history":[{"count":0,"href":"https:\/\/www.europesays.com\/fr\/wp-json\/wp\/v2\/posts\/170599\/revisions"}],"wp:featuredmedia":[{"embeddable":true,"href":"https:\/\/www.europesays.com\/fr\/wp-json\/wp\/v2\/media\/170600"}],"wp:attachment":[{"href":"https:\/\/www.europesays.com\/fr\/wp-json\/wp\/v2\/media?parent=170599"}],"wp:term":[{"taxonomy":"category","embeddable":true,"href":"https:\/\/www.europesays.com\/fr\/wp-json\/wp\/v2\/categories?post=170599"},{"taxonomy":"post_tag","embeddable":true,"href":"https:\/\/www.europesays.com\/fr\/wp-json\/wp\/v2\/tags?post=170599"}],"curies":[{"name":"wp","href":"https:\/\/api.w.org\/{rel}","templated":true}]}}