{"id":170611,"date":"2025-06-12T10:58:12","date_gmt":"2025-06-12T10:58:12","guid":{"rendered":"https:\/\/www.europesays.com\/fr\/170611\/"},"modified":"2025-06-12T10:58:12","modified_gmt":"2025-06-12T10:58:12","slug":"saint-etienne-la-cgt-des-territoriaux-appelle-a-la-greve-et-a-manifester-ce-vendredi","status":"publish","type":"post","link":"https:\/\/www.europesays.com\/fr\/170611\/","title":{"rendered":"Saint-\u00c9tienne. La CGT des territoriaux appelle \u00e0 la gr\u00e8ve et \u00e0 manifester ce vendredi"},"content":{"rendered":"<p>La journ\u00e9e de ce vendredi 13\u00a0juin risque d\u2019\u00eatre perturb\u00e9e dans les cr\u00e8ches, \u00e9coles, cantines, piscines et autres services publics municipaux.<\/p>\n<p>En cause, un appel \u00e0 la gr\u00e8ve du syndicat CGT des territoriaux de la Ville de Saint-\u00c9tienne, qui manifesteront \u00e9galement place de l\u2019H\u00f4tel-de-Ville le matin d\u00e8s 7\u00a0h\u00a030. Ces partenaires sociaux seront re\u00e7us le jour m\u00eame \u00e0 8\u00a0h\u00a030 par le maire, Ga\u00ebl Perdriau, dans le cadre de n\u00e9gociations autour des salaires et des conditions de travail.<\/p>\n<p>  \u00ab\u00a0Des diff\u00e9rences de r\u00e9mun\u00e9ration de 300 \u00e0 500\u00a0euros entre agents de la Ville et de la M\u00e9tropole\u00a0\u00bb<\/p>\n<p>\u00ab\u00a0 Notre point d\u2019indice n\u2019a pas augment\u00e9 depuis 2009, et \u00e7a fait maintenant quatre ans que nous demandons une convergence salariale entre les agents de la Ville et ceux de Saint-\u00c9tienne M\u00e9tropole. La diff\u00e9rence est inacceptable, cette injustice doit cesser\u00a0!\u00a0\u00bb, explique Mustapha Belguerri, secr\u00e9taire g\u00e9n\u00e9ral adjoint CGT des territoriaux.<\/p>\n<p>Selon lui, \u00ab\u00a0les diff\u00e9rences de r\u00e9mun\u00e9ration sont de l\u2019ordre de 300\u00a0\u00e0 500\u00a0euros, \u00e0 qualifications et expertises \u00e9quivalentes, en faveur des agents m\u00e9tropolitains\u00a0\u00bb.<\/p>\n<p>  \u00ab\u00a0Les taux d\u2019absent\u00e9isme nous alertent depuis des ann\u00e9es\u00a0\u00bb<\/p>\n<p>D\u2019autres points seront \u00e9galement abord\u00e9s par la CGT, comme <a href=\"https:\/\/www.leprogres.fr\/social\/2025\/04\/15\/la-colere-des-eboueurs-monte-d-un-cran-pourquoi-les-negociations-patinent\" target=\"_blank\" rel=\"nofollow noopener\">la reconnaissance des m\u00e9tiers<\/a> les plus p\u00e9nibles et l\u2019octroi de jours suppl\u00e9mentaires, la d\u00e9-pr\u00e9carisation des contrats contractuels et des vacataires, la mise en conformit\u00e9 imm\u00e9diate par rapport aux obligations l\u00e9gales des contrats \u00e0 dur\u00e9e d\u00e9termin\u00e9e.<\/p>\n<p>\u00ab\u00a0Toutes les revendications que nous allons aborder sont source de d\u00e9motivation chez les agents. Nous avons l\u00e0 les conditions d\u2019une situation sociale explosive qui trouve ses cons\u00e9quences dans l\u2019absent\u00e9isme, dont les taux nous alertent depuis longtemps\u00a0\u00bb, conclut le repr\u00e9sentant syndical.<\/p>\n","protected":false},"excerpt":{"rendered":"La journ\u00e9e de ce vendredi 13\u00a0juin risque d\u2019\u00eatre perturb\u00e9e dans les cr\u00e8ches, \u00e9coles, cantines, piscines et autres services&hellip;\n","protected":false},"author":2,"featured_media":170612,"comment_status":"","ping_status":"","sticky":false,"template":"","format":"standard","meta":{"footnotes":""},"categories":[9653],"tags":[1111,11,2430,4406,9671,33,7539,1777,674,1011,27,12,25,4001,7538,801],"class_list":{"0":"post-170611","1":"post","2":"type-post","3":"status-publish","4":"format-standard","5":"has-post-thumbnail","7":"category-saint-etienne","8":"tag-actu","9":"tag-actualites","10":"tag-auvergne-rhone-alpes","11":"tag-commerce-et-services","12":"tag-conflit-social","13":"tag-economie","14":"tag-edition-loire-sud","15":"tag-eu","16":"tag-europe","17":"tag-fr","18":"tag-france","19":"tag-news","20":"tag-republique-francaise","21":"tag-saint-etienne","22":"tag-saint-etienne-ville","23":"tag-social"},"share_on_mastodon":{"url":"https:\/\/pubeurope.com\/@fr\/114670043453686651","error":""},"_links":{"self":[{"href":"https:\/\/www.europesays.com\/fr\/wp-json\/wp\/v2\/posts\/170611","targetHints":{"allow":["GET"]}}],"collection":[{"href":"https:\/\/www.europesays.com\/fr\/wp-json\/wp\/v2\/posts"}],"about":[{"href":"https:\/\/www.europesays.com\/fr\/wp-json\/wp\/v2\/types\/post"}],"author":[{"embeddable":true,"href":"https:\/\/www.europesays.com\/fr\/wp-json\/wp\/v2\/users\/2"}],"replies":[{"embeddable":true,"href":"https:\/\/www.europesays.com\/fr\/wp-json\/wp\/v2\/comments?post=170611"}],"version-history":[{"count":0,"href":"https:\/\/www.europesays.com\/fr\/wp-json\/wp\/v2\/posts\/170611\/revisions"}],"wp:featuredmedia":[{"embeddable":true,"href":"https:\/\/www.europesays.com\/fr\/wp-json\/wp\/v2\/media\/170612"}],"wp:attachment":[{"href":"https:\/\/www.europesays.com\/fr\/wp-json\/wp\/v2\/media?parent=170611"}],"wp:term":[{"taxonomy":"category","embeddable":true,"href":"https:\/\/www.europesays.com\/fr\/wp-json\/wp\/v2\/categories?post=170611"},{"taxonomy":"post_tag","embeddable":true,"href":"https:\/\/www.europesays.com\/fr\/wp-json\/wp\/v2\/tags?post=170611"}],"curies":[{"name":"wp","href":"https:\/\/api.w.org\/{rel}","templated":true}]}}