{"id":170621,"date":"2025-06-12T11:03:10","date_gmt":"2025-06-12T11:03:10","guid":{"rendered":"https:\/\/www.europesays.com\/fr\/170621\/"},"modified":"2025-06-12T11:03:10","modified_gmt":"2025-06-12T11:03:10","slug":"de-montpellier-a-paris-lexposition-la-folle-journee-de-mr-a-debarque-a-la-capitale","status":"publish","type":"post","link":"https:\/\/www.europesays.com\/fr\/170621\/","title":{"rendered":"De Montpellier \u00e0 Paris, l&rsquo;exposition \u00ab\u00a0La Folle journ\u00e9e de Mr.A\u00a0\u00bb d\u00e9barque \u00e0 la capitale"},"content":{"rendered":"<p>            Par<br \/>\n        <strong><br \/>\n            <a href=\"https:\/\/actu.fr\/auteur\/c-nithard\" title=\"Consulter tous les articles de C\u00e9dric Nithard\" rel=\"nofollow noopener\" target=\"_blank\">C\u00e9dric Nithard<\/a><br \/>\n        <\/strong><\/p>\n<p>        Publi\u00e9 le<\/p>\n<p>            12 juin 2025 \u00e0 12h32        <\/p>\n<p>Apr\u00e8s avoir pr\u00e9sent\u00e9 l\u2019exposition in\u00e9dite r\u00e9alis\u00e9e \u00e0 quatre mains par <strong>Andr\u00e9 et Mode2<\/strong>, \u00ab\u00a0La Folle journ\u00e9e de Mr.A\u00a0\u00bb, dans sa galerie \u00e0 Montpellier, <strong>Nicolas-Xavier Callu<\/strong> l\u2019exporte <strong>pour quelques jours \u00e0 Paris<\/strong>. \u00c0 d\u00e9couvrir du 11 au 15 juin \u00e0 l\u2019espace culturel Words, Sounds, Colors and Shapes avec en prime la signature par les deux artistes d\u2019<strong>un ouvrage d\u00e9di\u00e9 au projet<\/strong>.<\/p>\n<p>Le r\u00e9sum\u00e9 d\u2019une vie<\/p>\n<p class=\" wall-content\">En avril dernier, lorsque Nicolas-Xavier Callu d\u00e9voilait l\u2019exposition \u00ab\u00a0La Folle journ\u00e9e de Mr.A\u00a0\u00bb, le galeriste ne cachait pas sa fiert\u00e9. Et pour cause. D\u2019une part, il voyait enfin son projet initi\u00e9 en 2018 voir le jour et, d\u2019autre part, celui-ci \u00e9tait pr\u00e9sent\u00e9 pour la premi\u00e8re fois \u00e0 Montpellier. Comme pour montrer, <a href=\"https:\/\/actu.fr\/occitanie\/montpellier_34172\/montpellier-plateau-graffeurs-exceptionnel-levenement-30-ans-graffiti_26371879.html\" rel=\"nofollow noopener\" target=\"_blank\">en \u00e9tant tr\u00e8s attach\u00e9 \u00e0 sa ville natale o\u00f9 il commen\u00e7a \u00e0 graffer<\/a>, que tout ne se passe pas \u00e0 Paris. M\u00eame si les toiles r\u00e9alisaient par Mode2 et Andr\u00e9 prennent pour cadre la capitale.<\/p>\n<p class=\" wall-content\">Rien d\u2019illogique quand l\u2019exposition visent \u00e0 r\u00e9sumer, au fil d\u2019une journ\u00e9e de son personnage embl\u00e9matique Mr.A, la vie de l\u2019artiste Andr\u00e9. Figure du graffiti parisien dans les ann\u00e9es 90, le franco-su\u00e9dois Andr\u00e9 Saraiva est devenu avec le temps un acteur incontournable de la sc\u00e8ne artistique doubl\u00e9 d\u2019un entrepreneur malin multipliant les collaborations avec de nombreuses marques. Tout aussi culte, le Mauricien Mode2 s\u2019est charg\u00e9 de mettre en sc\u00e8ne le \u00ab\u00a0dandy\u00a0\u00bb filiforme dans son style puissamment dynamique en prenant grand soin aux d\u00e9tails s\u2019inspirant de d\u00e9cors r\u00e9els ou de moments v\u00e9cus. \u00ab Les deux se regardent avec un profond respect et beaucoup de fascination. Pour eux, qui s\u2019adorent, c\u2019\u00e9tait \u00e9vident de travailler ensemble \u00bb expliquait Nicolas-Xavier Callu \u00e0 l\u2019origine de cette collaboration in\u00e9dite.<\/p>\n<p>De Montpellier \u00e0 Paris<\/p>\n<p class=\" wall-content\">Du matin jusqu\u2019au soir, Mr.A. apparait tour \u00e0 tour aimable et g\u00e9n\u00e9reux, convivial et civique, s\u00e9ducteur et aguicheur, f\u00eatard et graffeur\u2026 Avec foule clins d\u2019oeil comme dans \u00ab Le Mus\u00e9e \u00bb o\u00f9 figurent des oeuvres de Dondi, Futura, Barry McGee, Banksy et Bando. \u00ab Ce sont des r\u00e9f\u00e9rences, des artistes que l\u2019on connait ou non et que l\u2019on respecte \u00bb d\u00e9crit Mode2. Ou encore la repr\u00e9sentation de ce repas qui s\u2019est r\u00e9ellement d\u00e9roul\u00e9 \u00e0 l\u2019H\u00f4tel Grand Amour en compagnie d\u2019Andr\u00e9, Futura 2000 et sa femme, Hugo Vitrani, curateur au palais de Tokyo, et la photographe Maripol. Sans oublier, en conclusion de la journ\u00e9e, une arrestation par la police \u00e9voquant cette p\u00e9riode o\u00f9 Andr\u00e9 et Mode2 n\u2019\u00e9taient pas encore expos\u00e9s en galerie et leur art vu par beaucoup comme du vandalisme. \u00ab Cela rappelle des souvenirs \u00bb nous glissait malicieusement Nicolas-Xavier Callu.<\/p>\n<p>Vid\u00e9os : en ce moment sur Actu<\/p>\n<p class=\" wall-content\">Apr\u00e8s avoir \u00e9t\u00e9 donc pr\u00e9sent\u00e9e avec succ\u00e8s \u00e0 Montpellier, l\u2019exposition arrive \u00e0 Paris du 11 au 15 juin dans une sc\u00e9nographie pens\u00e9e sp\u00e9cialement pour la capitale au sein de l\u2019espace culturel Words, Sounds, Colors and Shapes au coeur du Marais. Vernissage ce jeudi \u00e0 18h en pr\u00e9sence des deux artistes pour une soir\u00e9e de retrouvailles et d\u2019\u00e9changes autour des oeuvres. Et, cerise sur le g\u00e2teau, outre des s\u00e9rigraphies en quantit\u00e9 tr\u00e8s limit\u00e9es mises en vente, Andr\u00e9 et Mode2 seront pr\u00e9sents samedi de 15h \u00e0 17h pour signer un ouvrage \u00e9dit\u00e9 sp\u00e9cialement pour le projet.<\/p>\n<p>\u00ab\u00a0La Folle journ\u00e9e de Mr.A\u00a0\u00bb du 11 au 15 juin \u00e0 Words, Sounds, Colors and Shapes,1 rue Eug\u00e8ne Spuller, Paris 3e. Ouvert de 11h \u00e0 19h.<\/p>\n<p><img decoding=\"async\" src=\"https:\/\/www.europesays.com\/fr\/wp-content\/uploads\/2025\/06\/andrea-ravo-mattoni-640x427.jpg\" alt=\"\" width=\"640\" height=\"427\" loading=\"lazy\"\/>Les r\u00eaves d&rsquo;une machine bomb\u00e9es par un artiste<\/p>\n<p>Jusqu&rsquo;au 28 juin, la galerie Nicolas-Xavier pr\u00e9sente l&rsquo;exposition \u00ab\u00a0HA.I.LLUCINATION, Voyage artificiel\u00a0\u00bb de l&rsquo;artiste franco-italien Andr\u00e9a Ravo Mattoni. Apr\u00e8s avoir lanc\u00e9 en 2016 son projet embl\u00e9matique de \u00ab\u00a0r\u00e9cup\u00e9ration du classicisme dans le contemporain\u00a0\u00bb en reproduisant \u00e0 la bombe les chefs-d&rsquo;oeuvre de ma\u00eetres comme Caravage ou L\u00e9onard de Vinci sur les murs des villes d&rsquo;Europe et du Br\u00e9sil. Un travail visant \u00e0 faire dialoguer pass\u00e9 et pr\u00e9sent, art noble et art urbain.<\/p>\n<p>En parall\u00e8le, il cofonde le collectif The Bag Art Factory \u00e0 Milan, explorant les croisements entre art, territoire et cr\u00e9ation contemporaine, jusqu&rsquo;\u00e0, fascin\u00e9 par l\u2019intelligence artificielle, d\u00e9velopper en 2021 Inelegans, une IA nourrie d\u2019images d\u2019art classique, qu\u2019il utilise comme point de d\u00e9part pour ses \u0153uvres. Ce projet ouvre ainsi une nouvelle voie, fusionnant art num\u00e9rique et techniques traditionnelles. L\u2019artiste, dont les fresques monumentales, r\u00e9alis\u00e9es enti\u00e8rement \u00e0 la bombe, t\u00e9moignent d\u2019une virtuosit\u00e9 technique rare, continue d\u2019exposer en galeries et dans l\u2019espace public, affirmant une \u0153uvre engag\u00e9e, entre m\u00e9moire et modernit\u00e9. \u00ab Je voulais ramener la grande peinture classique dans la rue, comme quand je peignais ill\u00e9galement dans les ann\u00e9es 90 \u00bb t\u00e9moigne-t-il. <\/p>\n<p>Avec \u00ab\u00a0HA.I.LLUCINATION Voyage artificiel\u00a0\u00bb, Andr\u00e9a Ravo Mattoni poursuit son exploration du lien entre m\u00e9moire visuelle, culture classique et technologies contemporaines en s\u2019immergeant dans les r\u00eaves d\u2019une Intelligence Artificielle. L\u2019exposition donne ainsi vie \u00e0 un monde hallucinatoire, o\u00f9 une intelligence artificielle fictive, l\u2019Intelligence 421, affranchie de sa fonction de calcul, se met \u00e0 imaginer : femmes aux casques argent\u00e9s, figures hybrides, paysages liquides, lumi\u00e8res synth\u00e9tiques et saints digitaux composent un r\u00e9cit visuel in\u00e9dit, \u00e0 la crois\u00e9e du sacr\u00e9, du num\u00e9rique et du subconscient. Chaque toile devient une tentative de capturer une vision non humaine, peinte pourtant \u00e0 la bombe sur toile de main d\u2019homme. Andr\u00e9a Ravo Mattoni questionne ainsi le regard, la m\u00e9moire, l\u2019identit\u00e9 et le d\u00e9sir, en miroir de ce que la machine pourrait fantasmer de notre monde. Une \u0153uvre qui bouscule la fronti\u00e8re entre art classique et post-humanisme, entre r\u00eave et calcul, entre ce que l\u2019on voit et ce que l\u2019on croit percevoir.<\/p>\n<p>\u00ab\u00a0HA.I.LLUCINATION, Voyage artificiel\u00a0\u00bb d&rsquo;Andr\u00e9a Ravo Mattoni jusqu&rsquo;au 28 juin \u00e0 la Galerie Nicolas-Xavier, 2 bis rue Glaize, Montpellier. Du mardi au vendredi de 9h30 \u00e0 12h30 et de 14h \u00e0 18h, samedi de 14h \u00e0 19h.<\/p>\n<p>.<\/p>\n<p class=\" wall-content\">Suivez toute l\u2019actualit\u00e9 de vos villes et m\u00e9dias favoris en vous inscrivant \u00e0 <a href=\"https:\/\/moncompte.actu.fr\" title=\"D\u00e9couvez Mon Actu\" rel=\"nofollow noopener\" data-trk=\"{&quot;cta&quot;:{&quot;action&quot;:&quot;https:\\\/\\\/moncompte.actu.fr&quot;,&quot;category&quot;:&quot;mon compte&quot;,&quot;from&quot;:&quot;article footer&quot;,&quot;name&quot;:&quot;Mon actu&quot;,&quot;type&quot;:&quot;cta&quot;}}\" target=\"_blank\">Mon Actu<\/a>.<\/p>\n","protected":false},"excerpt":{"rendered":"Par C\u00e9dric Nithard Publi\u00e9 le 12 juin 2025 \u00e0 12h32 Apr\u00e8s avoir pr\u00e9sent\u00e9 l\u2019exposition in\u00e9dite r\u00e9alis\u00e9e \u00e0 quatre&hellip;\n","protected":false},"author":2,"featured_media":170622,"comment_status":"","ping_status":"","sticky":false,"template":"","format":"standard","meta":{"footnotes":""},"categories":[9599],"tags":[1111,11,1777,674,1349,1011,27,1652,2208,12,2680,25],"class_list":{"0":"post-170621","1":"post","2":"type-post","3":"status-publish","4":"format-standard","5":"has-post-thumbnail","7":"category-montpellier","8":"tag-actu","9":"tag-actualites","10":"tag-eu","11":"tag-europe","12":"tag-expositions","13":"tag-fr","14":"tag-france","15":"tag-loisirs-culture","16":"tag-montpellier","17":"tag-news","18":"tag-occitanie","19":"tag-republique-francaise"},"share_on_mastodon":{"url":"https:\/\/pubeurope.com\/@fr\/114670063045698653","error":""},"_links":{"self":[{"href":"https:\/\/www.europesays.com\/fr\/wp-json\/wp\/v2\/posts\/170621","targetHints":{"allow":["GET"]}}],"collection":[{"href":"https:\/\/www.europesays.com\/fr\/wp-json\/wp\/v2\/posts"}],"about":[{"href":"https:\/\/www.europesays.com\/fr\/wp-json\/wp\/v2\/types\/post"}],"author":[{"embeddable":true,"href":"https:\/\/www.europesays.com\/fr\/wp-json\/wp\/v2\/users\/2"}],"replies":[{"embeddable":true,"href":"https:\/\/www.europesays.com\/fr\/wp-json\/wp\/v2\/comments?post=170621"}],"version-history":[{"count":0,"href":"https:\/\/www.europesays.com\/fr\/wp-json\/wp\/v2\/posts\/170621\/revisions"}],"wp:featuredmedia":[{"embeddable":true,"href":"https:\/\/www.europesays.com\/fr\/wp-json\/wp\/v2\/media\/170622"}],"wp:attachment":[{"href":"https:\/\/www.europesays.com\/fr\/wp-json\/wp\/v2\/media?parent=170621"}],"wp:term":[{"taxonomy":"category","embeddable":true,"href":"https:\/\/www.europesays.com\/fr\/wp-json\/wp\/v2\/categories?post=170621"},{"taxonomy":"post_tag","embeddable":true,"href":"https:\/\/www.europesays.com\/fr\/wp-json\/wp\/v2\/tags?post=170621"}],"curies":[{"name":"wp","href":"https:\/\/api.w.org\/{rel}","templated":true}]}}