{"id":170626,"date":"2025-06-12T11:06:13","date_gmt":"2025-06-12T11:06:13","guid":{"rendered":"https:\/\/www.europesays.com\/fr\/170626\/"},"modified":"2025-06-12T11:06:13","modified_gmt":"2025-06-12T11:06:13","slug":"rouen-il-fuit-la-police-avant-detre-arrete-alcoolise-au-volant-de-son-velo","status":"publish","type":"post","link":"https:\/\/www.europesays.com\/fr\/170626\/","title":{"rendered":"Rouen. Il fuit la police avant d&rsquo;\u00eatre arr\u00eat\u00e9 alcoolis\u00e9&#8230; au volant de son v\u00e9lo"},"content":{"rendered":"<p>            Par<br \/>\n        <strong><br \/>\n            <a href=\"https:\/\/actu.fr\/auteur\/thomas-rideau\" title=\"Consulter tous les articles de Thomas Rideau\" target=\"_blank\" rel=\"noopener\">Thomas Rideau<\/a><br \/>\n        <\/strong><\/p>\n<p>        Publi\u00e9 le<\/p>\n<p>            12 juin 2025 \u00e0 12h32        <\/p>\n<p><strong>La sc\u00e8ne a interloqu\u00e9<\/strong> les policiers qui \u00e9taient en patrouille, rue Lecanuet, en plein centre-ville de <a href=\"https:\/\/actu.fr\/normandie\/rouen_76540\" target=\"_blank\" rel=\"noopener\">Rouen (Seine-Maritime)<\/a>. Peu<strong> apr\u00e8s une heure du matin<\/strong>, ils aper\u00e7oivent un v\u00e9lo \u00e9lectrique \u00ab\u2009allum\u00e9e\u2009\u00bb, couch\u00e9 en travers de la route.<\/p>\n<p class=\" wall-content\">Puis, un individu s\u2019empare du v\u00e9lo et <strong>commence \u00e0 p\u00e9daler<\/strong>. Les agents lui demandent de s\u2019arr\u00eater, mais il refuse d\u2019\u00eatre contr\u00f4l\u00e9 et <strong>prend alors la fuite dans la rue des Bons-Enfants<\/strong>. Une voiture de police, venue en renfort, intercepte finalement le cycliste.<\/p>\n<p>Il est interdit de faire du v\u00e9lo ivre<\/p>\n<p class=\" wall-content\">Sans surprise, l\u2019homme sur le v\u00e9lo <a href=\"https:\/\/actu.fr\/tag\/alcool\" target=\"_blank\" rel=\"noopener\">sent fortement l\u2019alcool<\/a> et a des propos incoh\u00e9rents. Et il ne parvient pas \u00e0 expliquer la provenance de la bicyclette. Il est interpell\u00e9 pour le vol du v\u00e9lo et conduite en \u00e9tat d\u2019ivresse.<\/p>\n<p class=\" wall-content\">Car oui, rouler \u00e0 v\u00e9lo en \u00e9tat d\u2019\u00e9bri\u00e9t\u00e9 est sanctionn\u00e9 <strong>d\u2019une forte amende de 135\u00a0\u20ac<\/strong>. Et la limite autoris\u00e9e est la m\u00eame que pour les automobilistes, \u00e0 savoir 0,5 gramme d\u2019alcool par litre de sang.<\/p>\n<p>Suivez l\u2019actualit\u00e9 de Rouen <a href=\"https:\/\/www.whatsapp.com\/channel\/0029VaKfnf99hXF2ddApFB1D\" target=\"_blank\" rel=\"noopener\">sur notre cha\u00eene WhatsApp<\/a> et <a href=\"https:\/\/www.tiktok.com\/@76actu.fr?lang=fr\" target=\"_blank\" rel=\"noopener\">sur notre compte TikTok<\/a>Vid\u00e9os : en ce moment sur Actu<\/p>\n<p class=\" wall-content\">Suivez toute l\u2019actualit\u00e9 de vos villes et m\u00e9dias favoris en vous inscrivant \u00e0 <a href=\"https:\/\/moncompte.actu.fr\" title=\"D\u00e9couvez Mon Actu\" rel=\"nofollow noopener\" data-trk=\"{&quot;cta&quot;:{&quot;action&quot;:&quot;https:\\\/\\\/moncompte.actu.fr&quot;,&quot;category&quot;:&quot;mon compte&quot;,&quot;from&quot;:&quot;article footer&quot;,&quot;name&quot;:&quot;Mon actu&quot;,&quot;type&quot;:&quot;cta&quot;}}\" target=\"_blank\">Mon Actu<\/a>.<\/p>\n<p>                    <script async src=\"\/\/www.tiktok.com\/embed.js\"><\/script><\/p>\n","protected":false},"excerpt":{"rendered":"Par Thomas Rideau Publi\u00e9 le 12 juin 2025 \u00e0 12h32 La sc\u00e8ne a interloqu\u00e9 les policiers qui \u00e9taient&hellip;\n","protected":false},"author":2,"featured_media":170627,"comment_status":"","ping_status":"","sticky":false,"template":"","format":"standard","meta":{"footnotes":""},"categories":[9587],"tags":[1111,11,5702,1777,674,118,1011,27,12,5161,25,9590,208],"class_list":{"0":"post-170626","1":"post","2":"type-post","3":"status-publish","4":"format-standard","5":"has-post-thumbnail","7":"category-rouen","8":"tag-actu","9":"tag-actualites","10":"tag-alcool","11":"tag-eu","12":"tag-europe","13":"tag-faits-divers","14":"tag-fr","15":"tag-france","16":"tag-news","17":"tag-normandie","18":"tag-republique-francaise","19":"tag-rouen","20":"tag-velo"},"share_on_mastodon":{"url":"https:\/\/pubeurope.com\/@fr\/114670074946452925","error":""},"_links":{"self":[{"href":"https:\/\/www.europesays.com\/fr\/wp-json\/wp\/v2\/posts\/170626","targetHints":{"allow":["GET"]}}],"collection":[{"href":"https:\/\/www.europesays.com\/fr\/wp-json\/wp\/v2\/posts"}],"about":[{"href":"https:\/\/www.europesays.com\/fr\/wp-json\/wp\/v2\/types\/post"}],"author":[{"embeddable":true,"href":"https:\/\/www.europesays.com\/fr\/wp-json\/wp\/v2\/users\/2"}],"replies":[{"embeddable":true,"href":"https:\/\/www.europesays.com\/fr\/wp-json\/wp\/v2\/comments?post=170626"}],"version-history":[{"count":0,"href":"https:\/\/www.europesays.com\/fr\/wp-json\/wp\/v2\/posts\/170626\/revisions"}],"wp:featuredmedia":[{"embeddable":true,"href":"https:\/\/www.europesays.com\/fr\/wp-json\/wp\/v2\/media\/170627"}],"wp:attachment":[{"href":"https:\/\/www.europesays.com\/fr\/wp-json\/wp\/v2\/media?parent=170626"}],"wp:term":[{"taxonomy":"category","embeddable":true,"href":"https:\/\/www.europesays.com\/fr\/wp-json\/wp\/v2\/categories?post=170626"},{"taxonomy":"post_tag","embeddable":true,"href":"https:\/\/www.europesays.com\/fr\/wp-json\/wp\/v2\/tags?post=170626"}],"curies":[{"name":"wp","href":"https:\/\/api.w.org\/{rel}","templated":true}]}}