{"id":170630,"date":"2025-06-12T11:08:10","date_gmt":"2025-06-12T11:08:10","guid":{"rendered":"https:\/\/www.europesays.com\/fr\/170630\/"},"modified":"2025-06-12T11:08:10","modified_gmt":"2025-06-12T11:08:10","slug":"grenoble-les-piscines-jean-bron-et-les-dauphins-ouvrent-samedi-14-juin","status":"publish","type":"post","link":"https:\/\/www.europesays.com\/fr\/170630\/","title":{"rendered":"Grenoble. Les piscines Jean-Bron et Les Dauphins ouvrent samedi 14 juin"},"content":{"rendered":"<p>D\u00e8s ce samedi 14\u00a0juin, <a href=\"https:\/\/www.ledauphine.com\/culture-loisirs\/2025\/05\/12\/isere-grenoble-bassin-semi-nordique-a-la-piscine-jean-bron-ce-qui-va-changer\" target=\"_blank\" rel=\"nofollow noopener\">les piscines Jean-Bron et Les Dauphins <\/a>ouvrent leurs portes pour la saison estivale, jusqu\u2019au 31\u00a0ao\u00fbt. \u00c0 Jean-Bron, \u2013 de 9 heures \u00e0 14 heures puis de 15h30 \u00e0 19 heures, tous les jours \u2013 les baigneurs retrouveront un \u00e9quipement r\u00e9nov\u00e9, avec un bassin de 25 m\u00e8tres d\u00e9sormais semi-nordique, accessible d\u00e8s 7h30 les mardis et jeudis. Les nocturnes sont maintenues ces m\u00eames jours jusqu\u2019\u00e0 20h30.<\/p>\n<p>C\u00f4t\u00e9 activit\u00e9s, badminton, baby-foot, jeux de soci\u00e9t\u00e9 et autres espaces sportifs seront propos\u00e9s tout l\u2019\u00e9t\u00e9.<\/p>\n<p>M\u00eame programme aux Dauphins, avec en plus des cours d\u2019aquagym et d\u2019aquabike d\u00e8s le 7\u00a0juillet, ainsi que des cours de natation pour les enfants. La m\u00e9diation sociale sera aussi pr\u00e9sente quotidiennement pour garantir un cadre apais\u00e9. La piscine Les Dauphins sera accessible tous les jours de midi \u00e0 14 heures et de 15h30 \u00e0 19 heures (sortie de bassin).<\/p>\n<p class=\"note\">\u00c0 noter\u00a0: la piscine Bulle d\u2019O sera ferm\u00e9e tout l\u2019\u00e9t\u00e9.<\/p>\n","protected":false},"excerpt":{"rendered":"D\u00e8s ce samedi 14\u00a0juin, les piscines Jean-Bron et Les Dauphins ouvrent leurs portes pour la saison estivale, jusqu\u2019au&hellip;\n","protected":false},"author":2,"featured_media":170631,"comment_status":"","ping_status":"","sticky":false,"template":"","format":"standard","meta":{"footnotes":""},"categories":[9566],"tags":[1111,11,2430,1687,112,1777,674,1011,27,2731,2732,108,5216,12,25,517],"class_list":{"0":"post-170630","1":"post","2":"type-post","3":"status-publish","4":"format-standard","5":"has-post-thumbnail","7":"category-grenoble","8":"tag-actu","9":"tag-actualites","10":"tag-auvergne-rhone-alpes","11":"tag-culture-loisirs","12":"tag-edition-grenoble-agglomeration","13":"tag-eu","14":"tag-europe","15":"tag-fr","16":"tag-france","17":"tag-grenoble","18":"tag-grenoble-bassin","19":"tag-isere","20":"tag-natation","21":"tag-news","22":"tag-republique-francaise","23":"tag-sport"},"share_on_mastodon":{"url":"https:\/\/pubeurope.com\/@fr\/114670082792938401","error":""},"_links":{"self":[{"href":"https:\/\/www.europesays.com\/fr\/wp-json\/wp\/v2\/posts\/170630","targetHints":{"allow":["GET"]}}],"collection":[{"href":"https:\/\/www.europesays.com\/fr\/wp-json\/wp\/v2\/posts"}],"about":[{"href":"https:\/\/www.europesays.com\/fr\/wp-json\/wp\/v2\/types\/post"}],"author":[{"embeddable":true,"href":"https:\/\/www.europesays.com\/fr\/wp-json\/wp\/v2\/users\/2"}],"replies":[{"embeddable":true,"href":"https:\/\/www.europesays.com\/fr\/wp-json\/wp\/v2\/comments?post=170630"}],"version-history":[{"count":0,"href":"https:\/\/www.europesays.com\/fr\/wp-json\/wp\/v2\/posts\/170630\/revisions"}],"wp:featuredmedia":[{"embeddable":true,"href":"https:\/\/www.europesays.com\/fr\/wp-json\/wp\/v2\/media\/170631"}],"wp:attachment":[{"href":"https:\/\/www.europesays.com\/fr\/wp-json\/wp\/v2\/media?parent=170630"}],"wp:term":[{"taxonomy":"category","embeddable":true,"href":"https:\/\/www.europesays.com\/fr\/wp-json\/wp\/v2\/categories?post=170630"},{"taxonomy":"post_tag","embeddable":true,"href":"https:\/\/www.europesays.com\/fr\/wp-json\/wp\/v2\/tags?post=170630"}],"curies":[{"name":"wp","href":"https:\/\/api.w.org\/{rel}","templated":true}]}}