{"id":170632,"date":"2025-06-12T11:09:15","date_gmt":"2025-06-12T11:09:15","guid":{"rendered":"https:\/\/www.europesays.com\/fr\/170632\/"},"modified":"2025-06-12T11:09:15","modified_gmt":"2025-06-12T11:09:15","slug":"accrochee-sur-lhotel-de-region-une-banderole-pour-le-mois-des-fiertes-a-ete-vandalisee","status":"publish","type":"post","link":"https:\/\/www.europesays.com\/fr\/170632\/","title":{"rendered":"Accroch\u00e9e sur l\u2019H\u00f4tel de r\u00e9gion, une banderole pour le mois des fiert\u00e9s a \u00e9t\u00e9 vandalis\u00e9e"},"content":{"rendered":"<p>Elle avait \u00e9t\u00e9 accroch\u00e9e il y a quelques jours sur le fronton de l\u2019H\u00f4tel de r\u00e9gion \u00e0 Rennes <a href=\"https:\/\/www.20minutes.fr\/societe\/mois-fiertes\/\" class=\"color-ultramarine c-link\" target=\"_blank\" rel=\"noopener\">pour le mois des fiert\u00e9s<\/a>, c\u00e9l\u00e9br\u00e9e chaque ann\u00e9e en juin. Mais la haine <a href=\"https:\/\/www.20minutes.fr\/dossier\/lgbt\" class=\"color-ultramarine c-link\" target=\"_blank\" rel=\"noopener\">anti-LGBTI +<\/a>\u00a0a encore s\u00e9vi dans la nuit de lundi \u00e0 mardi avec un ou plusieurs individus qui ont d\u00e9grad\u00e9 la banderole arc-en-ciel. \u00ab\u00a0Cet acte de haine est une atteinte inacceptable aux valeurs de respect, d\u2019\u00e9galit\u00e9 et de libert\u00e9 d\u00e9fendues par la r\u00e9gion, a r\u00e9agi dans un communiqu\u00e9 le pr\u00e9sident Lo\u00efg Chesnais-Girard. <a href=\"https:\/\/www.20minutes.fr\/dossier\/bretagne\" class=\"color-ultramarine c-link\" target=\"_blank\" rel=\"noopener\">La Bretagne<\/a> est une r\u00e9gion d\u2019ouverture et de diversit\u00e9. La haine n\u2019y a pas sa place.\u00a0\u00bb<\/p>\n<\/p>\n<p>La r\u00e9gion annonce qu\u2019une plainte va \u00eatre d\u00e9pos\u00e9e et que la banderole sera remplac\u00e9e dans les prochains jours. Durant le week-end de P\u00e2ques, le local de l\u2019association LGBTI +\u00a0Iskis avait d\u00e9j\u00e0 \u00e9t\u00e9 d\u00e9grad\u00e9 et recouvert de peinture blanche dans la capitale bretonne. L\u2019escalier arc-en-ciel qui accueille les \u00e9tudiants \u00e0 l\u2019entr\u00e9e du campus de Rennes-2 <a href=\"https:\/\/www.20minutes.fr\/faits_divers\/faits-divers-rennes\/4135368-20250124-rennes-fuck-lgbt-escalier-arc-ciel-degrade-repeint-bleu-blanc-rouge\" class=\"color-ultramarine c-link\" target=\"_blank\" rel=\"noopener\">a \u00e9galement plusieurs fois \u00e9t\u00e9 vandalis\u00e9<\/a>.<\/p>\n","protected":false},"excerpt":{"rendered":"Elle avait \u00e9t\u00e9 accroch\u00e9e il y a quelques jours sur le fronton de l\u2019H\u00f4tel de r\u00e9gion \u00e0 Rennes&hellip;\n","protected":false},"author":2,"featured_media":170633,"comment_status":"","ping_status":"","sticky":false,"template":"","format":"standard","meta":{"footnotes":""},"categories":[2821],"tags":[1111,47,11,829,11412,1777,674,118,7641,1011,27,8717,22468,848,9087,29742,12,584,25,11942],"class_list":{"0":"post-170632","1":"post","2":"type-post","3":"status-publish","4":"format-standard","5":"has-post-thumbnail","7":"category-rennes","8":"tag-actu","9":"tag-actualite","10":"tag-actualites","11":"tag-bretagne","12":"tag-discrimination","13":"tag-eu","14":"tag-europe","15":"tag-faits-divers","16":"tag-faits-divers-rennes","17":"tag-fr","18":"tag-france","19":"tag-homophobie","20":"tag-homosexualite","21":"tag-ille-et-vilaine","22":"tag-lgbt","23":"tag-mois-des-fiertes","24":"tag-news","25":"tag-rennes","26":"tag-republique-francaise","27":"tag-vandalisme"},"share_on_mastodon":{"url":"https:\/\/pubeurope.com\/@fr\/114670086635978775","error":""},"_links":{"self":[{"href":"https:\/\/www.europesays.com\/fr\/wp-json\/wp\/v2\/posts\/170632","targetHints":{"allow":["GET"]}}],"collection":[{"href":"https:\/\/www.europesays.com\/fr\/wp-json\/wp\/v2\/posts"}],"about":[{"href":"https:\/\/www.europesays.com\/fr\/wp-json\/wp\/v2\/types\/post"}],"author":[{"embeddable":true,"href":"https:\/\/www.europesays.com\/fr\/wp-json\/wp\/v2\/users\/2"}],"replies":[{"embeddable":true,"href":"https:\/\/www.europesays.com\/fr\/wp-json\/wp\/v2\/comments?post=170632"}],"version-history":[{"count":0,"href":"https:\/\/www.europesays.com\/fr\/wp-json\/wp\/v2\/posts\/170632\/revisions"}],"wp:featuredmedia":[{"embeddable":true,"href":"https:\/\/www.europesays.com\/fr\/wp-json\/wp\/v2\/media\/170633"}],"wp:attachment":[{"href":"https:\/\/www.europesays.com\/fr\/wp-json\/wp\/v2\/media?parent=170632"}],"wp:term":[{"taxonomy":"category","embeddable":true,"href":"https:\/\/www.europesays.com\/fr\/wp-json\/wp\/v2\/categories?post=170632"},{"taxonomy":"post_tag","embeddable":true,"href":"https:\/\/www.europesays.com\/fr\/wp-json\/wp\/v2\/tags?post=170632"}],"curies":[{"name":"wp","href":"https:\/\/api.w.org\/{rel}","templated":true}]}}