{"id":170634,"date":"2025-06-12T11:10:17","date_gmt":"2025-06-12T11:10:17","guid":{"rendered":"https:\/\/www.europesays.com\/fr\/170634\/"},"modified":"2025-06-12T11:10:17","modified_gmt":"2025-06-12T11:10:17","slug":"accrochee-sur-lhotel-de-region-une-banderole-pour-le-mois-des-fiertes-a-ete-vandalisee-2","status":"publish","type":"post","link":"https:\/\/www.europesays.com\/fr\/170634\/","title":{"rendered":"Accroch\u00e9e sur l\u2019H\u00f4tel de r\u00e9gion, une banderole pour le mois des fiert\u00e9s a \u00e9t\u00e9 vandalis\u00e9e"},"content":{"rendered":"<p><strong>HOMOPHOBIE &#8211; Dans la nuit de lundi \u00e0 mardi, une banderole c\u00e9l\u00e9brant le mois des fiert\u00e9s accroch\u00e9e sur l\u2019H\u00f4tel de r\u00e9gion a \u00e9t\u00e9 d\u00e9grad\u00e9e \u00e0 Rennes<\/strong><\/p>\n<p>Elle avait \u00e9t\u00e9 accroch\u00e9e il y a quelques jours sur le fronton de l\u2019H\u00f4tel de r\u00e9gion \u00e0 Rennes <a href=\"https:\/\/www.20minutes.fr\/societe\/mois-fiertes\/?at_medium=RSS%20feed&amp;at_campaign=ynews&amp;utm_source=yahoo&amp;utm_medium=rss&amp;utm_campaign=news_feed&amp;utm_content=in_article_link\" rel=\"nofollow noopener\" target=\"_blank\" data-ylk=\"slk:pour le mois des fiert\u00e9s;elm:context_link;itc:0;sec:content-canvas\" class=\"link \">pour le mois des fiert\u00e9s<\/a>, c\u00e9l\u00e9br\u00e9e chaque ann\u00e9e en juin. Mais la haine <a href=\"https:\/\/www.20minutes.fr\/dossier\/lgbt?at_medium=RSS%20feed&amp;at_campaign=ynews&amp;utm_source=yahoo&amp;utm_medium=rss&amp;utm_campaign=news_feed&amp;utm_content=in_article_link\" rel=\"nofollow noopener\" target=\"_blank\" data-ylk=\"slk:anti-LGBTI +;elm:context_link;itc:0;sec:content-canvas\" class=\"link \">anti-LGBTI +<\/a>\u00a0a encore s\u00e9vi dans la nuit de lundi \u00e0 mardi avec un ou plusieurs individus qui ont d\u00e9grad\u00e9 la banderole arc-en-ciel. \u00ab\u00a0Cet acte de haine est une atteinte inacceptable aux valeurs de respect, d\u2019\u00e9galit\u00e9 et de libert\u00e9 d\u00e9fendues par la r\u00e9gion, a r\u00e9agi dans un communiqu\u00e9 le pr\u00e9sident Lo\u00efg Chesnais-Girard. <a href=\"https:\/\/www.20minutes.fr\/dossier\/bretagne?at_medium=RSS%20feed&amp;at_campaign=ynews&amp;utm_source=yahoo&amp;utm_medium=rss&amp;utm_campaign=news_feed&amp;utm_content=in_article_link\" rel=\"nofollow noopener\" target=\"_blank\" data-ylk=\"slk:La Bretagne;elm:context_link;itc:0;sec:content-canvas\" class=\"link \">La Bretagne<\/a> est une r\u00e9gion d\u2019ouverture et de diversit\u00e9. La haine n\u2019y a pas sa place.\u00a0\u00bb<\/p>\n<p>La r\u00e9gion annonce qu\u2019une plainte va \u00eatre d\u00e9pos\u00e9e et que la banderole sera remplac\u00e9e dans les prochains jours. Durant le week-end de P\u00e2ques, le local de l\u2019association LGBTI +\u00a0Iskis avait d\u00e9j\u00e0 \u00e9t\u00e9 d\u00e9grad\u00e9 et recouvert de peinture blanche dans la capitale bretonne. L\u2019escalier arc-en-ciel qui accueille les \u00e9tudiants \u00e0 l\u2019entr\u00e9e du campus de Rennes-2 <a href=\"https:\/\/www.20minutes.fr\/faits_divers\/faits-divers-rennes\/4135368-20250124-rennes-fuck-lgbt-escalier-arc-ciel-degrade-repeint-bleu-blanc-rouge?at_medium=RSS%20feed&amp;at_campaign=ynews&amp;utm_source=yahoo&amp;utm_medium=rss&amp;utm_campaign=news_feed&amp;utm_content=in_article_link\" rel=\"nofollow noopener\" target=\"_blank\" data-ylk=\"slk:a \u00e9galement plusieurs fois \u00e9t\u00e9 vandalis\u00e9;elm:context_link;itc:0;sec:content-canvas\" class=\"link \">a \u00e9galement plusieurs fois \u00e9t\u00e9 vandalis\u00e9<\/a>.<\/p>\n<p><a href=\"https:\/\/www.20minutes.fr\/faits_divers\/faits-divers-rennes\/4158145-20250612-rennes-accrochee-hotel-region-banderole-mois-fiertes-vandalisee?at_medium=RSS%20feed&amp;at_campaign=ynews&amp;utm_source=yahoo&amp;utm_medium=rss&amp;utm_campaign=news_feed&amp;utm_content=read_more_link&quot;\" rel=\"nofollow noopener\" target=\"_blank\" data-ylk=\"slk:Lire la suite sur 20minutes;elm:context_link;itc:0;sec:content-canvas\" class=\"link \">Lire la suite sur 20minutes<\/a><\/p>\n<p>\u00c0 lire aussi :<br \/><a href=\"https:\/\/www.20minutes.fr\/societe\/4154031-20250517-fatigant-battre-exister-agnes-25-ans-raconte-combat-contre-homophobie?at_medium=RSS%20feed&amp;at_campaign=ynews&amp;utm_source=yahoo&amp;utm_medium=rss&amp;utm_campaign=news_feed&amp;utm_content=related_content_link\" rel=\"nofollow noopener\" target=\"_blank\" data-ylk=\"slk:\u00ab\u00a0C\u2019est fatigant de se battre pour exister\u00a0\u00bb\u2026 Agn\u00e8s, 25 ans, raconte son combat contre l\u2019homophobie;elm:context_link;itc:0;sec:content-canvas\" class=\"link \">\u00ab\u00a0C\u2019est fatigant de se battre pour exister\u00a0\u00bb\u2026 Agn\u00e8s, 25 ans, raconte son combat contre l\u2019homophobie<\/a><br \/><a href=\"https:\/\/www.20minutes.fr\/societe\/4153839-20250516-ca-va-arreter-jour-sos-homophobie-alerte-face-monte-violences-lgbtiphobes-banalisees?at_medium=RSS%20feed&amp;at_campaign=ynews&amp;utm_source=yahoo&amp;utm_medium=rss&amp;utm_campaign=news_feed&amp;utm_content=related_content_link\" rel=\"nofollow noopener\" target=\"_blank\" data-ylk=\"slk:\u00ab\u00a0Est-ce que \u00e7a va s\u2019arr\u00eater un jour\u00a0?\u00a0\u00bb\u2026 SOS homophobie alerte face \u00e0 la monte des violences LGBTIphobes \u00ab\u00a0banalis\u00e9es\u00a0\u00bb;elm:context_link;itc:0;sec:content-canvas\" class=\"link \">\u00ab\u00a0Est-ce que \u00e7a va s\u2019arr\u00eater un jour\u00a0?\u00a0\u00bb\u2026 SOS homophobie alerte face \u00e0 la monte des violences LGBTIphobes \u00ab\u00a0banalis\u00e9es\u00a0\u00bb<\/a><\/p>\n","protected":false},"excerpt":{"rendered":"HOMOPHOBIE &#8211; Dans la nuit de lundi \u00e0 mardi, une banderole c\u00e9l\u00e9brant le mois des fiert\u00e9s accroch\u00e9e sur&hellip;\n","protected":false},"author":2,"featured_media":170635,"comment_status":"","ping_status":"","sticky":false,"template":"","format":"standard","meta":{"footnotes":""},"categories":[2821],"tags":[1111,11,28926,829,1777,674,1011,27,30511,2794,2561,12,584,25,16969],"class_list":{"0":"post-170634","1":"post","2":"type-post","3":"status-publish","4":"format-standard","5":"has-post-thumbnail","7":"category-rennes","8":"tag-actu","9":"tag-actualites","10":"tag-banderole","11":"tag-bretagne","12":"tag-eu","13":"tag-europe","14":"tag-fr","15":"tag-france","16":"tag-la-haine","17":"tag-la-region","18":"tag-mois","19":"tag-news","20":"tag-rennes","21":"tag-republique-francaise","22":"tag-week-end-de-paques"},"share_on_mastodon":{"url":"https:\/\/pubeurope.com\/@fr\/114670090724881835","error":""},"_links":{"self":[{"href":"https:\/\/www.europesays.com\/fr\/wp-json\/wp\/v2\/posts\/170634","targetHints":{"allow":["GET"]}}],"collection":[{"href":"https:\/\/www.europesays.com\/fr\/wp-json\/wp\/v2\/posts"}],"about":[{"href":"https:\/\/www.europesays.com\/fr\/wp-json\/wp\/v2\/types\/post"}],"author":[{"embeddable":true,"href":"https:\/\/www.europesays.com\/fr\/wp-json\/wp\/v2\/users\/2"}],"replies":[{"embeddable":true,"href":"https:\/\/www.europesays.com\/fr\/wp-json\/wp\/v2\/comments?post=170634"}],"version-history":[{"count":0,"href":"https:\/\/www.europesays.com\/fr\/wp-json\/wp\/v2\/posts\/170634\/revisions"}],"wp:featuredmedia":[{"embeddable":true,"href":"https:\/\/www.europesays.com\/fr\/wp-json\/wp\/v2\/media\/170635"}],"wp:attachment":[{"href":"https:\/\/www.europesays.com\/fr\/wp-json\/wp\/v2\/media?parent=170634"}],"wp:term":[{"taxonomy":"category","embeddable":true,"href":"https:\/\/www.europesays.com\/fr\/wp-json\/wp\/v2\/categories?post=170634"},{"taxonomy":"post_tag","embeddable":true,"href":"https:\/\/www.europesays.com\/fr\/wp-json\/wp\/v2\/tags?post=170634"}],"curies":[{"name":"wp","href":"https:\/\/api.w.org\/{rel}","templated":true}]}}