{"id":17069,"date":"2025-04-11T10:39:10","date_gmt":"2025-04-11T10:39:10","guid":{"rendered":"https:\/\/www.europesays.com\/fr\/17069\/"},"modified":"2025-04-11T10:39:10","modified_gmt":"2025-04-11T10:39:10","slug":"marathon-de-paris-des-restrictions-de-circulation-et-de-stationnement-des-ce-vendredi","status":"publish","type":"post","link":"https:\/\/www.europesays.com\/fr\/17069\/","title":{"rendered":"Marathon de Paris\u00a0: des restrictions de circulation et de stationnement d\u00e8s ce vendredi"},"content":{"rendered":"<p class=\"paragraph text_align_left\">Ce dimanche 13 avril, des dizaines de milliers de coureurs fouleront le bitume de la capitale pour la 48e \u00e9dition du<a href=\"https:\/\/www.leparisien.fr\/sports\/marathon-de-paris\/\" rel=\"nofollow noopener\" target=\"_blank\"> marathon de Paris<\/a>. Cette ann\u00e9e encore, les sportifs feront la travers\u00e9e de la Ville Lumi\u00e8re dans toute sa largeur, en passant par quelques-uns de ses monuments les plus embl\u00e9matiques.<\/p>\n<p class=\"paragraph text_align_left\">Un \u00e9v\u00e9nement hors-norme qui n\u00e9cessite la mise en place de mesures modifiant provisoirement le stationnement et la circulation dans plusieurs voies de la capitale tout le week-end. Et m\u00eame d\u00e8s ce vendredi. Voici ce qu\u2019il faut retenir de l\u2019arr\u00eat\u00e9 pr\u00e9fectoral.<\/p>\n<p>Stationnement interdit<\/p>\n<p class=\"paragraph text_align_left\">Le stationnement de tout v\u00e9hicule est interdit du vendredi 11 avril \u00e0 18 heures jusqu\u2019au samedi 12 avril \u00e0 12 heures, place de Fontenoy-Unesco (VIIe).<\/p>\n<p class=\"paragraph text_align_left\">Ce sera \u00e9galement le cas du vendredi 11 avril \u00e0 18 heures jusqu\u2019au dimanche 13 avril \u00e0 18 heures, dans les voies suivantes des XIIe et XVIe arrondissements, ainsi que de Charenton-le-Pont, Boulogne-Billancourt et Saint-Mand\u00e9 :<\/p>\n<ul class=\"margin_bottom_md fs_18_26 fs_20_28_ad blue-dot\">\n<li class=\"mb_150 pl_325\">rue du Faubourg-Saint-Antoine, c\u00f4t\u00e9 pair, du n\u00b0246bis au n\u00b0262<\/li>\n<li class=\"mb_150 pl_325\">avenue Daumesnil, sur 350 m \u00e0 partir de l\u2019esplanade Saint-Louis<\/li>\n<li class=\"mb_150 pl_325\">route de la Ferme, au droit du n\u00b02 jusqu\u2019au n\u00b044 et au droit du n\u00b01 au n\u00b039 et du n\u00b071 au n\u00b0 74<\/li>\n<li class=\"mb_150 pl_325\">avenue de Gravelle, du n\u00b031 au n\u00b047<\/li>\n<li class=\"mb_150 pl_325\">rue de Charenton, du n\u00b0224 au n\u00b0238<\/li>\n<li class=\"mb_150 pl_325\">avenue Daumesnil, du n\u00b0131 au n\u00b0135<\/li>\n<li class=\"mb_150 pl_325\">rue de Picpus, du n\u00b078 au n\u00b084<\/li>\n<li class=\"mb_150 pl_325\">avenue du Pr\u00e9sident Kennedy, du n\u00b0100 au n\u00b0104<\/li>\n<li class=\"mb_150 pl_325\">boulevard d\u2019Auteuil, du n\u00b02 au n\u00b04<\/li>\n<li class=\"mb_150 pl_325\">avenue Ingres, entre l\u2019avenue Rapha\u00ebl et l\u2019avenue Prud\u2019hon<\/li>\n<li class=\"mb_150 pl_325\">boulevard Bourdon, du n\u00b011 au n\u00b023<\/li>\n<\/ul>\n<p class=\"paragraph text_align_left\">Dans ces rues du XVIe, le stationnement sera interdit du vendredi \u00e0 18 heures jusqu\u2019au dimanche \u00e0 20heures :<\/p>\n<ul class=\"margin_bottom_md fs_18_26 fs_20_28_ad blue-dot\">\n<li class=\"mb_150 pl_325\">avenue Foch, contre-all\u00e9e, du n\u00b035 au n\u00b049<\/li>\n<li class=\"mb_150 pl_325\">avenue Foch, contre-all\u00e9e, du n\u00b046 au n\u00b054<\/li>\n<li class=\"mb_150 pl_325\">avenue Foch, contre-all\u00e9e, du n\u00b070 au n\u00b074<\/li>\n<li class=\"mb_150 pl_325\">avenue Hubert-Germain<\/li>\n<li class=\"mb_150 pl_325\">rue de la Faisanderie, du n\u00b02 au n\u00b028<\/li>\n<\/ul>\n<p>Circulation interdite<\/p>\n<p class=\"paragraph text_align_left\">Aucun v\u00e9hicule ne pourra circuler non plus du samedi 03heures jusqu\u2019au dimanche 23h30 sur l\u2019avenue Foch, entre l\u2019avenue Malakoff et la place du Paraguay, et entre la rue de Presbourg et l\u2019avenue Malakoff (XVIe), \u00e0 l\u2019exception de sa portion entre l\u2019avenue de Malakoff et l\u2019avenue Raymond-Poincar\u00e9.<\/p>\n<p class=\"paragraph text_align_left\">Il en sera de m\u00eame le samedi de 06h30 \u00e0 10heures sur la rue de Rivoli, entre la rue de Rohan et la rue de l\u2019Amiral-de-Coligny (Paris-Centre).<\/p>\n<p class=\"paragraph text_align_left\">Dans le VIIe arrondissement et \u00e0 Paris-Centre, la circulation de tout v\u00e9hicule est interdite le samedi de 08h30 \u00e0 10heures dans les voies suivantes :<\/p>\n<ul class=\"margin_bottom_md fs_18_26 fs_20_28_ad blue-dot\">\n<li class=\"mb_150 pl_325\">rue de l\u2019Amiral-de-Coligny<\/li>\n<li class=\"mb_150 pl_325\">quai Fran\u00e7ois-Mitterrand<\/li>\n<li class=\"mb_150 pl_325\">pont Royal<\/li>\n<li class=\"mb_150 pl_325\">quai Val\u00e9ry-Giscard-d\u2019Estaing, du quai Voltaire jusqu\u2019\u00e0 la promenade \u00c9douard-Glissant<\/li>\n<li class=\"mb_150 pl_325\">quai d\u2019Orsay, de la promenade \u00c9douard-Glissant jusqu\u2019\u00e0 la place de la R\u00e9sistance<\/li>\n<li class=\"mb_150 pl_325\">place de la R\u00e9sistance<\/li>\n<li class=\"mb_150 pl_325\">avenue Bosquet<\/li>\n<\/ul>\n<p class=\"paragraph text_align_left\">La m\u00eame consigne s\u2019applique sur les axes suivants mais jusqu\u2019\u00e0 10h30 cette fois :<\/p>\n<ul class=\"margin_bottom_md fs_18_26 fs_20_28_ad blue-dot\">\n<li class=\"mb_150 pl_325\">avenue Duquesne, entre l\u2019avenue de La Motte-Picquet et l\u2019avenue de Lowendal<\/li>\n<li class=\"mb_150 pl_325\">place de l\u2019Ecole-Militaire<\/li>\n<\/ul>\n<p class=\"paragraph text_align_left\">Dans le VIIe arrondissement toujours, pas de circulation non plus le samedi 12 avril de 07 heures \u00e0 14h30, place de Fontenoy-Unesco.<\/p>\n<p class=\"paragraph text_align_left\">Dans le VIIIe, la circulation est interdite le dimanche de minuit \u00e0 15 heures, avenue des Champs-\u00c9lys\u00e9es, entre la place Charles-de-Gaulle et le rond-point des Champs-\u00c9lys\u00e9es Marcel-Dassault.<\/p>\n<p class=\"paragraph text_align_left\">Pour que qui est du XVIe, aucune circulation autoris\u00e9e le dimanche de minuit \u00e0 21 heures :<\/p>\n<ul class=\"margin_bottom_md fs_18_26 fs_20_28_ad blue-dot\">\n<li class=\"mb_150 pl_325\">place du Chancelier-Adenauer<\/li>\n<li class=\"mb_150 pl_325\">avenue Hubert-Germain<\/li>\n<\/ul>\n<p class=\"paragraph text_align_left\">De 04 heures \u00e0 23h30, pas de circulation sur l\u2019avenue Foch, entre l\u2019avenue Malakoff et l\u2019avenue Raymond-Poincar\u00e9.<\/p>\n<p class=\"paragraph text_align_left\">Et enfin de 07 heures \u00e0 18 heures ; toujours le dimanche, sur le pont Garigliano, de la rive gauche \u00e0 la rive droite dans les XVe et XVIe arrondissements.<\/p>\n<p>Les rues du parcours enti\u00e8rement bloqu\u00e9es<\/p>\n<p class=\"paragraph text_align_left\">Bien \u00e9videmment, aucun v\u00e9hicule n\u2019est autoris\u00e9 le jour de la course sur de nombreuses rues de la capitale qui constituent le parcours.<\/p>\n<p><img decoding=\"async\" class=\"image \" loading=\"lazy\" src=\"https:\/\/www.europesays.com\/fr\/wp-content\/uploads\/2025\/04\/SI37BORB4VBR3NJIWXMBIPULYA.jpg\" alt=\"\" align=\"\" data-rubrique-principale=\"\" data-article-type=\"\" fetchpriority=\"auto\"\/><\/p>\n<p class=\"paragraph text_align_left\">C\u2019est notamment le cas de 07 heures \u00e0 13h30 sur ces voies suivantes des arrondissements de Paris-Centre, des VIIIe, IXe, XIe et XIIe :<\/p>\n<ul class=\"margin_bottom_md fs_18_26 fs_20_28_ad blue-dot\">\n<li class=\"mb_150 pl_325\">avenue des Champs-\u00c9lys\u00e9es<\/li>\n<li class=\"mb_150 pl_325\">rond-point des Champs-\u00c9lys\u00e9es ; Marcel Dassault<\/li>\n<li class=\"mb_150 pl_325\">place de la Concorde<\/li>\n<li class=\"mb_150 pl_325\">rue de Rivoli<\/li>\n<li class=\"mb_150 pl_325\">rue de Castiglione<\/li>\n<li class=\"mb_150 pl_325\">place Vend\u00f4me<\/li>\n<li class=\"mb_150 pl_325\">rue de la Paix<\/li>\n<li class=\"mb_150 pl_325\">place de l\u2019Op\u00e9ra<\/li>\n<li class=\"mb_150 pl_325\">rue Auber<\/li>\n<li class=\"mb_150 pl_325\">place Charles Garnier<\/li>\n<li class=\"mb_150 pl_325\">rue Scribe<\/li>\n<li class=\"mb_150 pl_325\">place Diaghilev<\/li>\n<li class=\"mb_150 pl_325\">rue Gluck<\/li>\n<li class=\"mb_150 pl_325\">place Jacques-Rouch\u00e9<\/li>\n<li class=\"mb_150 pl_325\">rue Halevy<\/li>\n<li class=\"mb_150 pl_325\">avenue de l\u2019Op\u00e9ra<\/li>\n<li class=\"mb_150 pl_325\">place Andr\u00e9-Malraux<\/li>\n<li class=\"mb_150 pl_325\">rue de Rohan<\/li>\n<li class=\"mb_150 pl_325\">place du Carrousel<\/li>\n<li class=\"mb_150 pl_325\">quai Fran\u00e7ois-Mitterrand<\/li>\n<li class=\"mb_150 pl_325\">rue de l\u2019Amiral-de-Coligny<\/li>\n<li class=\"mb_150 pl_325\">rue de Rivoli<\/li>\n<li class=\"mb_150 pl_325\">rue Saint-Antoine<\/li>\n<li class=\"mb_150 pl_325\">place Edouard-Renard, c\u00f4t\u00e9 droit<\/li>\n<li class=\"mb_150 pl_325\">avenue Daumesnil<\/li>\n<li class=\"mb_150 pl_325\">esplanade Saint-Louis<\/li>\n<li class=\"mb_150 pl_325\">route de la Pyramide<\/li>\n<li class=\"mb_150 pl_325\">route de la Ferme<\/li>\n<li class=\"mb_150 pl_325\">carrefour de la Ferme-de-la-Faisanderie<\/li>\n<li class=\"mb_150 pl_325\">route de la Tourelle<\/li>\n<li class=\"mb_150 pl_325\">route du Pesage<\/li>\n<li class=\"mb_150 pl_325\">avenue de Gravelle<\/li>\n<li class=\"mb_150 pl_325\">avenue de la Porte de Charenton<\/li>\n<li class=\"mb_150 pl_325\">place de la Bastille, voies ext\u00e9rieures.<\/li>\n<\/ul>\n<p class=\"paragraph text_align_left\">Mais \u00e9galement de 07 heures \u00e0 17h15 dans les voies suivantes des VIIIe, XIe, XIIe et XVIe :<\/p>\n<ul class=\"margin_bottom_md fs_18_26 fs_20_28_ad blue-dot\">\n<li class=\"mb_150 pl_325\">rue du Faubourg Saint-Antoine<\/li>\n<li class=\"mb_150 pl_325\">place de la Nation<\/li>\n<li class=\"mb_150 pl_325\">rue Fabre-d\u2019Eglantine<\/li>\n<li class=\"mb_150 pl_325\">rue de Picpus<\/li>\n<li class=\"mb_150 pl_325\">boulevard de Reuilly<\/li>\n<li class=\"mb_150 pl_325\">place Felix-Ebou\u00e9<\/li>\n<li class=\"mb_150 pl_325\">avenue Daumesnil<\/li>\n<li class=\"mb_150 pl_325\">rue de Charenton<\/li>\n<li class=\"mb_150 pl_325\">avenue Daumesnil<\/li>\n<li class=\"mb_150 pl_325\">rue de Lyon<\/li>\n<li class=\"mb_150 pl_325\">place de la Bastille (voies int\u00e9rieures)<\/li>\n<li class=\"mb_150 pl_325\">boulevard Bourdon<\/li>\n<li class=\"mb_150 pl_325\">rue Mornay<\/li>\n<li class=\"mb_150 pl_325\">rue de Sully<\/li>\n<li class=\"mb_150 pl_325\">quai des C\u00e9lestins<\/li>\n<li class=\"mb_150 pl_325\">voie Georges-Pompidou, souterrain Tuileries<\/li>\n<li class=\"mb_150 pl_325\">voie Georges-Pompidou, quai des Tuileries<\/li>\n<li class=\"mb_150 pl_325\">voie Georges-Pompidou, souterrain Concorde<\/li>\n<\/ul>\n<p class=\"paragraph text_align_left\">Et enfin aucun v\u00e9hicule n\u2019est autoris\u00e9 de 07h30 \u00e0 18h45 sur ces voies du VIIIe, du XVIe et \u00e0 Boulogne-Billancourt :<\/p>\n<ul class=\"margin_bottom_md fs_18_26 fs_20_28_ad blue-dot\">\n<li class=\"mb_150 pl_325\">voie Georges-Pompidou, souterrain Alma<\/li>\n<li class=\"mb_150 pl_325\">avenue de New-York<\/li>\n<li class=\"mb_150 pl_325\">place de Varsovie, souterrain I\u00e9na<\/li>\n<li class=\"mb_150 pl_325\">avenue de New-York<\/li>\n<li class=\"mb_150 pl_325\">avenue du Pr\u00e9sident-Kennedy<\/li>\n<li class=\"mb_150 pl_325\">place Cl\u00e9ment-Ader<\/li>\n<li class=\"mb_150 pl_325\">avenue de Versailles<\/li>\n<li class=\"mb_150 pl_325\">boulevard Exelmans<\/li>\n<li class=\"mb_150 pl_325\">rue Molitor<\/li>\n<li class=\"mb_150 pl_325\">place de la Porte Molitor<\/li>\n<li class=\"mb_150 pl_325\">boulevard d\u2019Auteuil<\/li>\n<li class=\"mb_150 pl_325\">carrefour des Anciens-Combattants<\/li>\n<li class=\"mb_150 pl_325\">all\u00e9e de la Reine-Marguerite<\/li>\n<li class=\"mb_150 pl_325\">avenue de l\u2019Hippodrome<\/li>\n<li class=\"mb_150 pl_325\">carrefour des Cascades<\/li>\n<li class=\"mb_150 pl_325\">route des Lacs \u00e0 Passy<\/li>\n<li class=\"mb_150 pl_325\">place de la Porte de Passy<\/li>\n<li class=\"mb_150 pl_325\">avenue Ingres<\/li>\n<li class=\"mb_150 pl_325\">chauss\u00e9e de la Muette<\/li>\n<li class=\"mb_150 pl_325\">avenue Paul-Doumer<\/li>\n<li class=\"mb_150 pl_325\">place Possoz<\/li>\n<li class=\"mb_150 pl_325\">places du Trocad\u00e9ro et du 11-Novembre<\/li>\n<li class=\"mb_150 pl_325\">avenue Raymond-Poincar\u00e9<\/li>\n<li class=\"mb_150 pl_325\">place Victor-Hugo<\/li>\n<\/ul>\n<p>Mesures sur le p\u00e9riph\u00e9rique<\/p>\n<p class=\"paragraph text_align_left\">La circulation de tout v\u00e9hicule \u00e0 moteur est interdite sur les bretelles de sorties suivantes du boulevard p\u00e9riph\u00e9rique :<\/p>\n<ul class=\"margin_bottom_md fs_18_26 fs_20_28_ad blue-dot\">\n<li class=\"mb_150 pl_325\">le dimanche de 05h30 \u00e0 15h30 : bretelle de sortie du boulevard p\u00e9riph\u00e9rique ext\u00e9rieur de la porte de Charenton et bretelle de sortie du boulevard p\u00e9riph\u00e9rique int\u00e9rieur de la porte Dor\u00e9e<\/li>\n<li class=\"mb_150 pl_325\">le dimanche de 07 heures \u00e0 18 heures : bretelles de sortie du p\u00e9riph\u00e9rique int\u00e9rieur et ext\u00e9rieur de la porte Dauphine, de la porte de Passy, de la porte d\u2019Auteuil.<\/li>\n<\/ul>\n<p>Circulation invers\u00e9e<\/p>\n<p class=\"paragraph text_align_left\">La circulation de tout v\u00e9hicule est invers\u00e9e le dimanche de 07 heures \u00e0 17h30 sur les voies suivantes \u00e0 Paris-Centre, dans le VIIe et dans le XIIe :<\/p>\n<ul class=\"margin_bottom_md fs_18_26 fs_20_28_ad blue-dot\">\n<li class=\"mb_150 pl_325\">pont Royal<\/li>\n<li class=\"mb_150 pl_325\">rue Claude-Decaen, entre la rue Cannebi\u00e8re et la rue Tourneux<\/li>\n<li class=\"mb_150 pl_325\">rue Cannebi\u00e8re<\/li>\n<\/ul>\n<p>Restrictions sur l\u2019autoroute<\/p>\n<p class=\"paragraph text_align_left\">Aucun v\u00e9hicule n\u2019est autoris\u00e9 sur la bretelle de sortie n\u00b01 de l\u2019autoroute A13 dans le sens Province-Paris le dimanche de 07 heures \u00e0 18 heures.<\/p>\n","protected":false},"excerpt":{"rendered":"Ce dimanche 13 avril, des dizaines de milliers de coureurs fouleront le bitume de la capitale pour la&hellip;\n","protected":false},"author":2,"featured_media":17070,"comment_status":"","ping_status":"","sticky":false,"template":"","format":"standard","meta":{"footnotes":""},"categories":[1888],"tags":[11,1777,674,1011,27,1944,12,626,25],"class_list":{"0":"post-17069","1":"post","2":"type-post","3":"status-publish","4":"format-standard","5":"has-post-thumbnail","7":"category-paris","8":"tag-actualites","9":"tag-eu","10":"tag-europe","11":"tag-fr","12":"tag-france","13":"tag-ma-ville","14":"tag-news","15":"tag-paris","16":"tag-republique-francaise"},"share_on_mastodon":{"url":"https:\/\/pubeurope.com\/@fr\/114318905500233187","error":""},"_links":{"self":[{"href":"https:\/\/www.europesays.com\/fr\/wp-json\/wp\/v2\/posts\/17069","targetHints":{"allow":["GET"]}}],"collection":[{"href":"https:\/\/www.europesays.com\/fr\/wp-json\/wp\/v2\/posts"}],"about":[{"href":"https:\/\/www.europesays.com\/fr\/wp-json\/wp\/v2\/types\/post"}],"author":[{"embeddable":true,"href":"https:\/\/www.europesays.com\/fr\/wp-json\/wp\/v2\/users\/2"}],"replies":[{"embeddable":true,"href":"https:\/\/www.europesays.com\/fr\/wp-json\/wp\/v2\/comments?post=17069"}],"version-history":[{"count":0,"href":"https:\/\/www.europesays.com\/fr\/wp-json\/wp\/v2\/posts\/17069\/revisions"}],"wp:featuredmedia":[{"embeddable":true,"href":"https:\/\/www.europesays.com\/fr\/wp-json\/wp\/v2\/media\/17070"}],"wp:attachment":[{"href":"https:\/\/www.europesays.com\/fr\/wp-json\/wp\/v2\/media?parent=17069"}],"wp:term":[{"taxonomy":"category","embeddable":true,"href":"https:\/\/www.europesays.com\/fr\/wp-json\/wp\/v2\/categories?post=17069"},{"taxonomy":"post_tag","embeddable":true,"href":"https:\/\/www.europesays.com\/fr\/wp-json\/wp\/v2\/tags?post=17069"}],"curies":[{"name":"wp","href":"https:\/\/api.w.org\/{rel}","templated":true}]}}