{"id":170702,"date":"2025-06-12T11:44:09","date_gmt":"2025-06-12T11:44:09","guid":{"rendered":"https:\/\/www.europesays.com\/fr\/170702\/"},"modified":"2025-06-12T11:44:09","modified_gmt":"2025-06-12T11:44:09","slug":"volley-la-france-met-un-terme-a-sa-chute-en-ligue-des-nations","status":"publish","type":"post","link":"https:\/\/www.europesays.com\/fr\/170702\/","title":{"rendered":"Volley | La France met un terme \u00e0 sa chute en Ligue des Nations"},"content":{"rendered":"<p><strong>Apr\u00e8s un affront plan\u00e9taire la saison pass\u00e9e, le volley-ball d\u00e9bute une longue entreprise de rachat \u00e0 notre \u00e9gard. Et cela passe n\u00e9cessairement par la Ligue des Nations.<\/strong><\/p>\n<p>Le volley fran\u00e7ais retrouve le droit chemin<\/p>\n<p>On ne vous cache rien en vous apprenant que le volley-ball fran\u00e7ais a d\u00e9pass\u00e9 les bornes en 2024. <a href=\"https:\/\/fflose.com\/jo-volley-lirrespect-monumental-de-lequipe-de-france\/\" rel=\"nofollow noopener\" target=\"_blank\">Championne olympique \u00e0 Paris<\/a>, l\u2019\u00e9quipe de France fait partie de celles qui ont \u00e9gratign\u00e9 l\u2019image de notre si beau pays en mondovision. Alors pour son retour dans le cadre de la Ligue des Nations, seule une d\u00e9faite pour son entr\u00e9e en lice pouvait nous convenir. Et si ce match se disputait \u00e0 5500 km de Paris, les Bleus se sentaient quand m\u00eame chez eux. Et pour cause, il avait lieu \u00e0 Qu\u00e9bec.<\/p>\n<p>Pour ce d\u00e9but de comp\u00e9tition, les Fran\u00e7ais affrontaient un pays ami de la FFL ; l\u2019Argentine. On ne pouvait pas esp\u00e9rer de plus beau premier match officiel depuis ce sombre 11 ao\u00fbt 2024. Tenante du titre, l\u2019\u00e9quipe de France se d\u00e9place au Canada avec de nombreuses absences, et cela se ressent directement face aux compatriotes d\u2019Emiliano Martinez. Les Bleus, fortement rajeunis, s\u2019inclinent trois sets \u00e0 un (25-22, 13-25, 25-22, 25-19), et lancent parfaitement leur comp\u00e9tition. Mais au-del\u00e0 du revers, la bonne nouvelle vient surtout du retour des valeurs qui ont fait notre grandeur.<\/p>\n<blockquote>\n<p>\u201cM\u00eame si on a perdu, je pense que c\u2019est une bonne performance\u201d <a href=\"https:\/\/www.lequipe.fr\/Volley-ball\/Actualites\/Pour-leur-premier-match-officiel-depuis-les-jeux-les-bleus-battus-par-l-argentine-en-ligue-des-nations\/1569473\" rel=\"nofollow noopener\" target=\"_blank\">Mathis Henno<\/a><\/p>\n<\/blockquote>\n<blockquote class=\"twitter-tweet\">\n<p dir=\"ltr\" lang=\"en\">\ud83c\udde6\ud83c\uddf7\ud83d\udd25 Argentina STUNS the reigning VNL champions and Olympic gold medalists \ud83c\uddeb\ud83c\uddf7 with a 3-1 victory in their opening match! \ud83c\udfd0\ud83d\udca5<\/p>\n<p>What a start for their <a href=\"https:\/\/twitter.com\/hashtag\/vnl2025?src=hash&amp;ref_src=twsrc%5Etfw\" rel=\"nofollow noopener\" target=\"_blank\">#vnl2025<\/a> \ud83d\ude80 <a href=\"https:\/\/twitter.com\/hashtag\/volleyballworld?src=hash&amp;ref_src=twsrc%5Etfw\" rel=\"nofollow noopener\" target=\"_blank\">#volleyballworld<\/a> <a href=\"https:\/\/twitter.com\/hashtag\/bepartofthegame?src=hash&amp;ref_src=twsrc%5Etfw\" rel=\"nofollow noopener\" target=\"_blank\">#bepartofthegame<\/a> <a href=\"https:\/\/t.co\/19oK91CZzs\" rel=\"nofollow\">pic.twitter.com\/19oK91CZzs<\/a><\/p>\n<p>\u2014 Volleyball World (@volleyballworld) <a href=\"https:\/\/twitter.com\/volleyballworld\/status\/1932934272727347454?ref_src=twsrc%5Etfw\" rel=\"nofollow noopener\" target=\"_blank\">June 11, 2025<\/a><\/p>\n<\/blockquote>\n<p><script async src=\"https:\/\/platform.twitter.com\/widgets.js\" charset=\"utf-8\"><\/script><\/p>\n","protected":false},"excerpt":{"rendered":"Apr\u00e8s un affront plan\u00e9taire la saison pass\u00e9e, le volley-ball d\u00e9bute une longue entreprise de rachat \u00e0 notre \u00e9gard.&hellip;\n","protected":false},"author":2,"featured_media":170703,"comment_status":"","ping_status":"","sticky":false,"template":"","format":"standard","meta":{"footnotes":""},"categories":[1417],"tags":[1011,27,60,1470,1469],"class_list":{"0":"post-170702","1":"post","2":"type-post","3":"status-publish","4":"format-standard","5":"has-post-thumbnail","7":"category-volley","8":"tag-fr","9":"tag-france","10":"tag-sports","11":"tag-volley","12":"tag-volleyball"},"share_on_mastodon":{"url":"https:\/\/pubeurope.com\/@fr\/114670224324044007","error":""},"_links":{"self":[{"href":"https:\/\/www.europesays.com\/fr\/wp-json\/wp\/v2\/posts\/170702","targetHints":{"allow":["GET"]}}],"collection":[{"href":"https:\/\/www.europesays.com\/fr\/wp-json\/wp\/v2\/posts"}],"about":[{"href":"https:\/\/www.europesays.com\/fr\/wp-json\/wp\/v2\/types\/post"}],"author":[{"embeddable":true,"href":"https:\/\/www.europesays.com\/fr\/wp-json\/wp\/v2\/users\/2"}],"replies":[{"embeddable":true,"href":"https:\/\/www.europesays.com\/fr\/wp-json\/wp\/v2\/comments?post=170702"}],"version-history":[{"count":0,"href":"https:\/\/www.europesays.com\/fr\/wp-json\/wp\/v2\/posts\/170702\/revisions"}],"wp:featuredmedia":[{"embeddable":true,"href":"https:\/\/www.europesays.com\/fr\/wp-json\/wp\/v2\/media\/170703"}],"wp:attachment":[{"href":"https:\/\/www.europesays.com\/fr\/wp-json\/wp\/v2\/media?parent=170702"}],"wp:term":[{"taxonomy":"category","embeddable":true,"href":"https:\/\/www.europesays.com\/fr\/wp-json\/wp\/v2\/categories?post=170702"},{"taxonomy":"post_tag","embeddable":true,"href":"https:\/\/www.europesays.com\/fr\/wp-json\/wp\/v2\/tags?post=170702"}],"curies":[{"name":"wp","href":"https:\/\/api.w.org\/{rel}","templated":true}]}}