{"id":170718,"date":"2025-06-12T11:53:22","date_gmt":"2025-06-12T11:53:22","guid":{"rendered":"https:\/\/www.europesays.com\/fr\/170718\/"},"modified":"2025-06-12T11:53:22","modified_gmt":"2025-06-12T11:53:22","slug":"les-premieres-oeuvres-de-la-grande-exposition-cezanne-a-aix-ont-ete-accrochees-au-musee-granet","status":"publish","type":"post","link":"https:\/\/www.europesays.com\/fr\/170718\/","title":{"rendered":"Les premi\u00e8res \u0153uvres de la grande exposition Cezanne \u00e0 Aix ont \u00e9t\u00e9 accroch\u00e9es au mus\u00e9e Granet"},"content":{"rendered":"<p>Pour le grand public, il faudra patienter jusqu&rsquo;au 28\u00a0juin, jour de l&rsquo;ouverture de \u00ab\u00a0<a href=\"https:\/\/www.laprovence.com\/article\/culture-loisirs\/44013505329457\/a-aix-en-provence-deja-20-000-entrees-ont-ete-vendues-pour-lexposition-cezanne-au-jas-de-bouffan\" target=\"_blank\" rel=\"noopener\">Cezanne au Jas de Bouffan<\/a>\u00ab\u00a0, pour voir toutes les \u0153uvres r\u00e9unies pour la grande exposition du mus\u00e9e Granet. Mais derri\u00e8re les murs de l&rsquo;institution culturelle aixoise, l&rsquo;heure est aux grandes man\u0153uvres. Et une certaine agitation r\u00e8gne depuis que les premiers tableaux sont arriv\u00e9s, il y a une dizaine de jours. 50% d&rsquo;entre eux sont l\u00e0, sortis au fil des jours de leurs caisses protectrices ultra-s\u00e9curis\u00e9es.<\/p>\n<p>Ce mercredi, les \u00e9quipes de <a href=\"https:\/\/www.laprovence.com\/article\/region\/26447650566496\/a-qui-va-profiter-lexposition-cezanne-au-musee-granet-daix-en-provence\" target=\"_blank\" rel=\"noopener\">Granet<\/a> et celles d&rsquo;Orsay ont proc\u00e9d\u00e9 \u00e0 l&rsquo;installation des toiles pr\u00eat\u00e9es par le mus\u00e9e parisien. Parmi elles, \u00ab\u00a0des chefs-d&rsquo;\u0153uvre absolus\u00a0\u00bb, dixit Bruno Ely, directeur et conservateur en chef du mus\u00e9e Granet. C&rsquo;est le cas du Portrait de l&rsquo;artiste au fond rose, d\u00e9ball\u00e9 avec la plus grande minutie dans une salle du rez-de-chauss\u00e9e, soit une des premi\u00e8res sections de l&rsquo;exposition. Dans cette peinture, <a href=\"https:\/\/www.laprovence.com\/article\/culture-loisirs\/9633067146927714\/au-tholonet-lesprit-de-paul-cezanne-expose-grace-a-cinq-artistes-aux-styles-differents\" target=\"_blank\" rel=\"noopener\">Cezanne <\/a>introduit \u00ab\u00a0des \u00e9l\u00e9ments de d\u00e9cor comme ce papier peint qui ouvrent la voie \u00e0 l&rsquo;abstraction\u00a0\u00bb, souligne Bruno Ely.<\/p>\n<p>Cezanne, p\u00e8re de l&rsquo;art moderne<\/p>\n<p>Voil\u00e0 pourquoi Cezanne a \u00e9t\u00e9 consid\u00e9r\u00e9 par Picasso ou Matisse comme le p\u00e8re de l&rsquo;art moderne, et pourquoi il reste encore aujourd&rsquo;hui une des r\u00e9f\u00e9rences mondiales de la peinture. Forc\u00e9ment, les \u0153uvres inestimables qui arrivent au <a href=\"https:\/\/www.laprovence.com\/article\/culture-loisirs\/1069220121383415\/le-musee-granet-d-aix-rend-l-art-accessible-aux-personnes-deficientes-visuelles-lors-de-visites-adaptees\" target=\"_blank\" rel=\"noopener\">mus\u00e9e Granet <\/a>sont trait\u00e9es avec la plus grande prudence. Avant que l&rsquo;autoportrait ne soit accroch\u00e9 au mur, Matthieu Leverrier, r\u00e9gisseur d&rsquo;\u0153uvres d&rsquo;art au mus\u00e9e d&rsquo;Orsay, lunettes grossissantes et lampe \u00e0 la main, le scrute sous toutes les coutures. \u00ab\u00a0On va voir s&rsquo;il y a des alt\u00e9rations qui ont pu \u00e9voluer pendant le transport\u00a0\u00bb, explique-t-il. Gr\u00e2ce aux multiples couches de mousse protectrice, l&rsquo;\u0153uvre est en parfait \u00e9tat, et peut \u00eatre accroch\u00e9e sur un pan de mur qui rappelle d&rsquo;ailleurs la teinte dominante de cet autoportrait.<\/p>\n<p><img alt=\"Environ 50% des \u0153uvres sont arriv\u00e9es, mais pas toutes ne sont encore install\u00e9es.\" loading=\"lazy\" decoding=\"async\" data-nimg=\"fill\" class=\" TwicCore_img__i9TC1 undefined  undefined\" style=\"position:absolute;height:100%;width:100%;left:0;top:0;right:0;bottom:0;color:transparent;background-size:cover;background-position:50% 50%;background-repeat:no-repeat;background-image:url(&quot;data:image\/svg+xml;charset=utf-8,%3Csvg xmlns='http:\/\/www.w3.org\/2000\/svg' %3E%3Cfilter id='b' color-interpolation-filters='sRGB'%3E%3CfeGaussianBlur stdDeviation='20'\/%3E%3CfeColorMatrix values='1 0 0 0 0 0 1 0 0 0 0 0 1 0 0 0 0 0 100 -1' result='s'\/%3E%3CfeFlood x='0' y='0' width='100%25' height='100%25'\/%3E%3CfeComposite operator='out' in='s'\/%3E%3CfeComposite in2='SourceGraphic'\/%3E%3CfeGaussianBlur stdDeviation='20'\/%3E%3C\/filter%3E%3Cimage width='100%25' height='100%25' x='0' y='0' preserveAspectRatio='none' style='filter: url(%23b);' href='https:\/\/pictures.laprovence.com\/cdn-cgi\/image\/blur=250\/media\/melody\/2025\/06\/11\/musee-granet-a-aix-en-provence-accrochage-de-l-exposition-paul-cezanne-exposition-paul-cezanne-11062-1749666608_1edddbf2b948622eddbf2b948f5eddv_.jpg'\/%3E%3C\/svg%3E&quot;)\"   src=\"https:\/\/www.europesays.com\/fr\/wp-content\/uploads\/2025\/06\/musee-granet-a-aix-en-provence-accrochage-de-l-exposition-paul-cezanne-exposition-paul-cezanne-11062.jpeg\"\/>Environ 50% des \u0153uvres sont arriv\u00e9es, mais pas toutes ne sont encore install\u00e9es. \/ PHOTO N.V.<\/p>\n<p>Tr\u00e8s attentif, Bruno Ely fait descendre de quelques millim\u00e8tres la partie sup\u00e9rieure droite de l&rsquo;\u0153uvre, pourtant positionn\u00e9e au niveau \u00e0 bulle apr\u00e8s une premi\u00e8re vis\u00e9e au laser. \u00ab\u00a0Parfois le niveau \u00e0 bulle tombe juste, mais les cadres sont irr\u00e9guliers et \u00e7a demande d&rsquo;\u00eatre r\u00e9gl\u00e9 \u00e0 l&rsquo;\u0153il. L\u00e0, \u00e7a me para\u00eet mieux\u00a0\u00bb, lance-t-il aux deux installateurs qui manient ce tr\u00e9sor avec moult pr\u00e9cautions.<\/p>\n<p>\u00ab\u00a0L&rsquo;accrochage, un moment capital\u00a0\u00bb<\/p>\n<p>L&rsquo;accrochage, \u00ab\u00a0ce sont des journ\u00e9es extr\u00eamement particuli\u00e8res, et c&rsquo;est un moment capital, nous pr\u00e9cise-t-il. C&rsquo;est l\u00e0 que l&rsquo;on va voir si ce qu&rsquo;on a r\u00e9ellement imagin\u00e9, ce qu&rsquo;on a pens\u00e9, fonctionne. En g\u00e9n\u00e9ral, \u00e7a fonctionne, mais parfois, on peut avoir des surprises, et il faut s&rsquo;adapter.\u00a0\u00bb Durant cette p\u00e9riode, le rythme est soutenu, et il faut savoir garder la t\u00eate froide alors que l&rsquo;on bascule de la pr\u00e9paration \u00e0 une phase bien plus concr\u00e8te. \u00ab\u00a0Nous devons donner toute notre attention, toute notre \u00e9nergie. Il faut \u00eatre toujours pr\u00eat \u00e0 r\u00e9agir, assez vite. C&rsquo;est \u00e0 la fois exaltant, passionnant, mais il ne faut pas se laisser emporter par sa passion et rester concentr\u00e9 sur son sujet. C&rsquo;est toujours difficile avec <a href=\"https:\/\/www.laprovence.com\/article\/region\/1183584648001615\/meprise-a-aix-en-provence-de-son-vivant-paul-cezanne-sera-enfin-maitre-chez-lui-en-2025\" target=\"_blank\" rel=\"noopener\">Cezanne<\/a>, parce qu&rsquo;on a envie de s&rsquo;approcher, de voir l&rsquo;\u0153uvre, mais en r\u00e9alit\u00e9 il faut voir tout ce qui est technique\u00a0\u00bb, explique le directeur du mus\u00e9e Granet.<\/p>\n<p>R\u00e9fl\u00e9chi bien en amont, l&rsquo;<\/p>\n<p>accrochage vise \u00e0 respecter et mettre le plus possible en valeur les \u0153uvres, tout en offrant la meilleure exp\u00e9rience au public, avec une fluidit\u00e9 de circulation notamment. Indispensable, alors qu&rsquo;entre 350\u00a0000 et 400\u00a0000 visiteurs sont attendus dans le mus\u00e9e aixois durant la centaine de jours que va durer l&rsquo;exposition, du 28\u00a0juin au 12\u00a0octobre.<\/p>\n<p>Huit sections et des tableaux iconiques<\/p>\n<p>\u00c0 Granet, huit sections \u00e0 la fois chronologiques et th\u00e9matiques vont nous plonger dans l&rsquo;\u0153uvre de Cezanne, autour des 40 ann\u00e9es pass\u00e9es dans la bastide familiale, au <a href=\"https:\/\/www.laprovence.com\/article\/culture-loisirs\/2138011581098914\/cezanne-au-jas-de-bouffan-lexposition-evenement-de-cet-ete\" target=\"_blank\" rel=\"noopener\">Jas de Bouffan<\/a>. Peintures du grand salon, o\u00f9 le jeune peintre a fait ses premi\u00e8res armes, proches pris pour mod\u00e8les, paysages, et ses th\u00e8mes f\u00e9tiches, comme les baigneurs-baigneuses et les natures mortes\u00a0: l&rsquo;iconographie cezannienne est pass\u00e9e en revue. Au fil des salles, on peut imaginer \u00e0 quoi ressemblera cette exposition majuscule, alors que 15% des \u0153uvres seulement sont install\u00e9es.<\/p>\n<p>Et quand Les Joueurs de cartes sortent de leur caisse, pour trouver leur place sur un mur d&rsquo;une des derni\u00e8res salles de l&rsquo;expo, on retient son souffle presque inconsciemment. \u00ab\u00a0Il fait partie des grands th\u00e8mes de Cezanne\u00a0\u00bb, confie Bruno Ely. Les Joueurs de cartes sont iconiques, m\u00eame. En\u00a02011, la plus grande de cette s\u00e9rie de trois peintures avec ces deux joueurs face \u00e0 face a \u00e9t\u00e9 achet\u00e9e plus de 250\u00a0millions de dollars par la famille r\u00e9gnante du Qatar, lors d&rsquo;une vente aux ench\u00e8res priv\u00e9e.<\/p>\n<p><img alt=\"L'\u00e9tat des peinture est minutieusement \u00e9tudi\u00e9 avant l'accrochage.\" loading=\"lazy\" decoding=\"async\" data-nimg=\"fill\" class=\" TwicCore_img__i9TC1 undefined  undefined\" style=\"position:absolute;height:100%;width:100%;left:0;top:0;right:0;bottom:0;color:transparent;background-size:cover;background-position:50% 50%;background-repeat:no-repeat;background-image:url(&quot;data:image\/svg+xml;charset=utf-8,%3Csvg xmlns='http:\/\/www.w3.org\/2000\/svg' %3E%3Cfilter id='b' color-interpolation-filters='sRGB'%3E%3CfeGaussianBlur stdDeviation='20'\/%3E%3CfeColorMatrix values='1 0 0 0 0 0 1 0 0 0 0 0 1 0 0 0 0 0 100 -1' result='s'\/%3E%3CfeFlood x='0' y='0' width='100%25' height='100%25'\/%3E%3CfeComposite operator='out' in='s'\/%3E%3CfeComposite in2='SourceGraphic'\/%3E%3CfeGaussianBlur stdDeviation='20'\/%3E%3C\/filter%3E%3Cimage width='100%25' height='100%25' x='0' y='0' preserveAspectRatio='none' style='filter: url(%23b);' href='https:\/\/pictures.laprovence.com\/cdn-cgi\/image\/blur=250\/media\/melody\/2025\/06\/11\/musee-granet-a-aix-en-provence-accrochage-de-l-exposition-paul-cezanne-exposition-paul-cezanne-11062-1749666609_4e25b092b94863235b092b9480635bv_.jpg'\/%3E%3C\/svg%3E&quot;)\"   src=\"https:\/\/www.europesays.com\/fr\/wp-content\/uploads\/2025\/06\/1749729202_842_musee-granet-a-aix-en-provence-accrochage-de-l-exposition-paul-cezanne-exposition-paul-cezanne-11062.jpeg\"\/>L&rsquo;\u00e9tat des peinture est minutieusement \u00e9tudi\u00e9 avant l&rsquo;accrochage. \/ PHOTO N.V.<\/p>\n<p>Un tr\u00e9sor pareil, il faut en prendre soin, et l\u00e0 encore, l&rsquo;\u0153uvre est longuement scrut\u00e9e, avant d&rsquo;\u00eatre install\u00e9e \u00e0 sa place. Autour d&rsquo;elle, il y aura d&rsquo;autres paysans, mais aussi La femme \u00e0 la cafeti\u00e8re. Bref, tout ce peuple du Jas, qui travaillait \u00e0 la bastide, et que Cezanne a peint, en les payant parfois cinq francs pour qu&rsquo;ils acceptent d&rsquo;\u00eatre ses mod\u00e8les\u00a0!<\/p>\n<p>Au total, ce sont 135 \u0153uvres qui doivent \u00eatre install\u00e9es d&rsquo;ici au 28\u00a0juin. Des chefs-d&rsquo;\u0153uvre en provenance de 15 pays diff\u00e9rents, c\u00e9d\u00e9s pour trois mois par 75 pr\u00eateurs, parmi lesquels les plus grandes institutions culturelles mondiales. Ce qui conf\u00e8re de facto \u00e0 ce grand \u00e9v\u00e9nement le statut d&rsquo;exposition internationale&#8230;<\/p>\n<p><strong>Retrouvez en kiosque notre magazine sp\u00e9cial consacr\u00e9 \u00e0 l&rsquo;ann\u00e9e Cezanne \u00e0 Aix.<\/strong><\/p>\n","protected":false},"excerpt":{"rendered":"Pour le grand public, il faudra patienter jusqu&rsquo;au 28\u00a0juin, jour de l&rsquo;ouverture de \u00ab\u00a0Cezanne au Jas de Bouffan\u00ab\u00a0,&hellip;\n","protected":false},"author":2,"featured_media":170719,"comment_status":"","ping_status":"","sticky":false,"template":"","format":"standard","meta":{"footnotes":""},"categories":[1358],"tags":[17,2835,1348,1384,1385,5649,251,1386,58,59,3293,1011,27,4027,151,13813,30527],"class_list":{"0":"post-170718","1":"post","2":"type-post","3":"status-publish","4":"format-standard","5":"has-post-thumbnail","7":"category-arts-et-design","8":"tag-17","9":"tag-aix","10":"tag-arts","11":"tag-arts-and-design","12":"tag-arts-et-design","13":"tag-cezanne","14":"tag-culture","15":"tag-design","16":"tag-divertissement","17":"tag-entertainment","18":"tag-exposition","19":"tag-fr","20":"tag-france","21":"tag-grande","22":"tag-les","23":"tag-oeuvres","24":"tag-premieres"},"share_on_mastodon":{"url":"https:\/\/pubeurope.com\/@fr\/114670259668942167","error":""},"_links":{"self":[{"href":"https:\/\/www.europesays.com\/fr\/wp-json\/wp\/v2\/posts\/170718","targetHints":{"allow":["GET"]}}],"collection":[{"href":"https:\/\/www.europesays.com\/fr\/wp-json\/wp\/v2\/posts"}],"about":[{"href":"https:\/\/www.europesays.com\/fr\/wp-json\/wp\/v2\/types\/post"}],"author":[{"embeddable":true,"href":"https:\/\/www.europesays.com\/fr\/wp-json\/wp\/v2\/users\/2"}],"replies":[{"embeddable":true,"href":"https:\/\/www.europesays.com\/fr\/wp-json\/wp\/v2\/comments?post=170718"}],"version-history":[{"count":0,"href":"https:\/\/www.europesays.com\/fr\/wp-json\/wp\/v2\/posts\/170718\/revisions"}],"wp:featuredmedia":[{"embeddable":true,"href":"https:\/\/www.europesays.com\/fr\/wp-json\/wp\/v2\/media\/170719"}],"wp:attachment":[{"href":"https:\/\/www.europesays.com\/fr\/wp-json\/wp\/v2\/media?parent=170718"}],"wp:term":[{"taxonomy":"category","embeddable":true,"href":"https:\/\/www.europesays.com\/fr\/wp-json\/wp\/v2\/categories?post=170718"},{"taxonomy":"post_tag","embeddable":true,"href":"https:\/\/www.europesays.com\/fr\/wp-json\/wp\/v2\/tags?post=170718"}],"curies":[{"name":"wp","href":"https:\/\/api.w.org\/{rel}","templated":true}]}}