{"id":170724,"date":"2025-06-12T11:56:16","date_gmt":"2025-06-12T11:56:16","guid":{"rendered":"https:\/\/www.europesays.com\/fr\/170724\/"},"modified":"2025-06-12T11:56:16","modified_gmt":"2025-06-12T11:56:16","slug":"on-etait-sous-le-coup-des-hormones-on-avait-envie-dexister-video","status":"publish","type":"post","link":"https:\/\/www.europesays.com\/fr\/170724\/","title":{"rendered":"\u00ab\u00a0On \u00e9tait sous le coup des hormones, on avait envie d&rsquo;exister\u00a0\u00bb (VIDEO)"},"content":{"rendered":"<p>Le rappeur et com\u00e9dien Joey Starr \u00e9tait l&rsquo;invit\u00e9 d&rsquo;Anne-\u00c9lisabeth Lemoine dans \u00ab\u00a0C \u00e0 vous\u00a0\u00bb  sur France 5 pour \u00e9voquer la troisi\u00e8me saison de <a href=\"https:\/\/www.programme-television.org\/news\/series\/series-comiques\/le-remplacant-tf1-joeystarr-jouer-c-est-surtout-une-facon-d-envoyer-un-message-subliminal-a-mon-pere-4728920\" rel=\"nofollow noopener\" target=\"_blank\" data-ylk=\"slk:sa s\u00e9rie \u00e0 succ\u00e8s &quot;Le Rempla\u00e7ant&quot;;elm:context_link;itc:0;sec:content-canvas\" class=\"link \">sa s\u00e9rie \u00e0 succ\u00e8s \u00ab\u00a0Le Rempla\u00e7ant\u00a0\u00bb <\/a>, qui d\u00e9bute ce lundi 9 juin sur TF1. L&rsquo;occasion pour l&rsquo;ancien membre de <a href=\"https:\/\/www.programme-television.org\/news\/cinema\/casting\/supremes-canal-joeystarr-c-est-tres-bizarre-de-voir-son-histoire-racontee-dans-un-film-4688497\" rel=\"nofollow noopener\" target=\"_blank\" data-ylk=\"slk:NTM;elm:context_link;itc:0;sec:content-canvas\" class=\"link \">NTM <\/a> de revenir sur ses d\u00e9buts artistiques.<\/p>\n<p>Des festivals de rock aux plateaux de t\u00e9l\u00e9vision : l&rsquo;\u00e9volution de Joey Starr<\/p>\n<p>Lorsqu&rsquo;on \u00e9voque les d\u00e9buts de NTM, <a href=\"https:\/\/www.programme-television.org\/news\/people\/vie-privee\/je-la-rencontre-et-je-la-reconnais-tout-de-suite-joey-starr-revient-sur-ses-retrouvailles-avec-sa-mere-25-ans-apres-4701207\" rel=\"nofollow noopener\" target=\"_blank\" data-ylk=\"slk:Joey Starr;elm:context_link;itc:0;sec:content-canvas\" class=\"link \">Joey Starr <\/a> ne cache pas la spontan\u00e9it\u00e9 qui animait le groupe \u00e0 l&rsquo;\u00e9poque. \u00ab\u00a0Je pense que NTM, on \u00e9tait sous le coup des hormones. Surtout, on avait envie d&rsquo;exister\u00a0\u00bb , confie-t-il avec une franchise d\u00e9sarmante. Cette soif d&rsquo;existence, cette volont\u00e9 de s&rsquo;imposer dans le paysage musical fran\u00e7ais des ann\u00e9es 90, transpire dans chacun de ses mots.<\/p>\n<p>L&rsquo;artiste se souvient de cette \u00e9poque o\u00f9 le rap fran\u00e7ais cherchait encore sa place : \u00a0\u00bb Donc on vient de banlieue, on voulait \u00e9carter les murs et faire sauter le plafond, quoi. Donc c&rsquo;\u00e9tait un truc de jeunesse, au d\u00e9part, qui s&rsquo;est muscl\u00e9 avec le temps, mais voil\u00e0, donc on se projetait pas du tout.\u00a0\u00bb <\/p>\n<p>Ce qui frappe dans le t\u00e9moignage de Joey Starr, c&rsquo;est l&rsquo;\u00e9vocation de ces premiers concerts dans des festivals de rock, quand la sc\u00e8ne rap fran\u00e7aise n&rsquo;existait pas encore vraiment. \u00ab\u00a0Et puis nous, surtout, notre vrai truc, c&rsquo;\u00e9tait de faire du live. C&rsquo;est pour \u00e7a que, quand on a commenc\u00e9, il n&rsquo;y avait pas de sc\u00e8ne rap. Donc on se retrouvait dans des festivals de rock.\u00a0\u00bb  Une \u00e9poque pionni\u00e8re o\u00f9 NTM d\u00e9frichait un terrain musical encore vierge.<\/p>\n<p>Entre boue et baskets blanches : les d\u00e9buts \u00e9piques de NTM<\/p>\n<p>L&rsquo;image qu&rsquo;il dresse de ces premi\u00e8res apparitions sc\u00e9niques est saisissante de r\u00e9alisme. \u00a0\u00bb D&rsquo;ailleurs, la presse disait, on \u00e9tait le groupe de rap le plus rock du moment. On arrivait avec nos baskets blanches dans les festivals. Il y avait de la boue et nous, on \u00e9tait habill\u00e9s comme dans les Experts pour ne pas salir les baskets\u00a0\u00bb <\/p>\n<p>Il ajoute : \u00ab\u00a0Et puis, surtout, il fallait pas enlever tous les instruments de la sc\u00e8ne. Il y avait juste un DJ, donc les mecs se disaient, mais ils vont faire quoi, les gars ? On est vraiment arriv\u00e9s au d\u00e9but du truc.\u00a0\u00bb <\/p>\n<p>Joey Starr conclut ce retour sur ses origines par une phrase qui r\u00e9sume l&rsquo;esprit de l&rsquo;\u00e9poque : \u00ab\u00a0Donc voil\u00e0, c&rsquo;\u00e9tait une envie d&rsquo;exister, surtout au d\u00e9part.\u00a0\u00bb <\/p>\n<p>Cette m\u00eame \u00e9nergie, cette m\u00eame authenticit\u00e9, on la retrouve aujourd&rsquo;hui dans son interpr\u00e9tation de Nicolas Valeyre, ce professeur de fran\u00e7ais atypique qui ne laisse personne indiff\u00e9rent.<\/p>\n<p>Cap sur la Bretagne : \u00ab\u00a0Le Rempla\u00e7ant\u00a0\u00bb pose ses valises \u00e0 Brest<\/p>\n<p>La troisi\u00e8me saison de \u00ab\u00a0Le Rempla\u00e7ant\u00a0\u00bb d\u00e9bute ce lundi 9 juin 2025 \u00e0 21h10 sur TF1, emmenant les t\u00e9l\u00e9spectateurs sur les c\u00f4tes bretonnes. Apr\u00e8s avoir explor\u00e9 les Landes, Nicolas Valeyre, toujours incarn\u00e9 avec justesse par Joey Starr, d\u00e9barque cette fois dans un lyc\u00e9e de Brest pour veiller sur son p\u00e8re tomb\u00e9 dans le coma.<\/p>\n<p><a href=\"https:\/\/www.programme-television.org\/news\/tv\/sequences-tele\/joey-starr-se-confie-sur-les-debuts-de-ntm-on-etait-sous-le-coup-des-hormones-on-avait-envie-d-exister-video-4742088\" rel=\"nofollow noopener\" target=\"_blank\" data-ylk=\"slk:Voir l&#039;article original sur T\u00e9l\u00e9 7 jours;elm:context_link;itc:0;sec:content-canvas\" class=\"link \">Voir l&rsquo;article original sur T\u00e9l\u00e9 7 jours<\/a><\/p>\n","protected":false},"excerpt":{"rendered":"Le rappeur et com\u00e9dien Joey Starr \u00e9tait l&rsquo;invit\u00e9 d&rsquo;Anne-\u00c9lisabeth Lemoine dans \u00ab\u00a0C \u00e0 vous\u00a0\u00bb sur France 5 pour&hellip;\n","protected":false},"author":2,"featured_media":170725,"comment_status":"","ping_status":"","sticky":false,"template":"","format":"standard","meta":{"footnotes":""},"categories":[1355],"tags":[58,59,30529,1011,27,30528,1361,873,30531,30530,3661,199],"class_list":{"0":"post-170724","1":"post","2":"type-post","3":"status-publish","4":"format-standard","5":"has-post-thumbnail","7":"category-musique","8":"tag-divertissement","9":"tag-entertainment","10":"tag-festivals-de-rock","11":"tag-fr","12":"tag-france","13":"tag-joey-starr","14":"tag-music","15":"tag-musique","16":"tag-ntm","17":"tag-plateaux-de-television","18":"tag-rap-francais","19":"tag-tf1"},"share_on_mastodon":{"url":"https:\/\/pubeurope.com\/@fr\/114670271461430413","error":""},"_links":{"self":[{"href":"https:\/\/www.europesays.com\/fr\/wp-json\/wp\/v2\/posts\/170724","targetHints":{"allow":["GET"]}}],"collection":[{"href":"https:\/\/www.europesays.com\/fr\/wp-json\/wp\/v2\/posts"}],"about":[{"href":"https:\/\/www.europesays.com\/fr\/wp-json\/wp\/v2\/types\/post"}],"author":[{"embeddable":true,"href":"https:\/\/www.europesays.com\/fr\/wp-json\/wp\/v2\/users\/2"}],"replies":[{"embeddable":true,"href":"https:\/\/www.europesays.com\/fr\/wp-json\/wp\/v2\/comments?post=170724"}],"version-history":[{"count":0,"href":"https:\/\/www.europesays.com\/fr\/wp-json\/wp\/v2\/posts\/170724\/revisions"}],"wp:featuredmedia":[{"embeddable":true,"href":"https:\/\/www.europesays.com\/fr\/wp-json\/wp\/v2\/media\/170725"}],"wp:attachment":[{"href":"https:\/\/www.europesays.com\/fr\/wp-json\/wp\/v2\/media?parent=170724"}],"wp:term":[{"taxonomy":"category","embeddable":true,"href":"https:\/\/www.europesays.com\/fr\/wp-json\/wp\/v2\/categories?post=170724"},{"taxonomy":"post_tag","embeddable":true,"href":"https:\/\/www.europesays.com\/fr\/wp-json\/wp\/v2\/tags?post=170724"}],"curies":[{"name":"wp","href":"https:\/\/api.w.org\/{rel}","templated":true}]}}