{"id":170740,"date":"2025-06-12T12:04:09","date_gmt":"2025-06-12T12:04:09","guid":{"rendered":"https:\/\/www.europesays.com\/fr\/170740\/"},"modified":"2025-06-12T12:04:09","modified_gmt":"2025-06-12T12:04:09","slug":"une-photographe-du-rn-multiplie-les-propos-racistes-sur-x-liberation","status":"publish","type":"post","link":"https:\/\/www.europesays.com\/fr\/170740\/","title":{"rendered":"Une photographe du RN multiplie les propos racistes sur X \u2013 Lib\u00e9ration"},"content":{"rendered":"<p class=\"sc-ksZaOG ehjQrN text-element\">Il n\u2019y a pas que sur sc\u00e8ne, au meeting europ\u00e9en du RN, lundi dans le Loiret, que s\u2019est d\u00e9vers\u00e9e la parole raciste.<a href=\"https:\/\/www.liberation.fr\/politique\/elections\/dans-le-loiret-bardella-et-le-pen-sentourent-deuropeens-reacs-et-xenophobes-unis-comme-les-doigts-de-la-main-20250609_BTXIYDJXZVDCJMZPJOBSC5MK34\/\" target=\"_blank\" rel=\"noreferrer nofollow noopener\" title=\"https:\/\/www.liberation.fr\/politique\/elections\/dans-le-loiret-bardella-et-le-pen-sentourent-deuropeens-reacs-et-xenophobes-unis-comme-les-doigts-de-la-main-20250609_BTXIYDJXZVDCJMZPJOBSC5MK34\/\"> Si les chefs de partis alli\u00e9s de Marine Le Pen expliquaient<\/a> que pour \u00eatre Fran\u00e7ais il faut \u00abque les os de vos anc\u00eatres [soient] en France\u00bb, ou que l\u2019immigration consiste en fait en \u00abun \u00e9change organis\u00e9 de populations pour remplacer le socle culturel de l\u2019Europe\u00bb, les petites mains r\u00e9tribu\u00e9es de l\u2019organisation n\u2019en pensaient pas moins. Voire carr\u00e9ment plus.<\/p>\n<p class=\"sc-ksZaOG ehjQrN text-element\">C\u2019est le cas Lauren K., photographe r\u00e9guli\u00e8re du parti d\u2019extr\u00eame droite, que Lib\u00e9 a crois\u00e9e notamment aux meetings de la place Vauban \u00e0 Paris en avril, et de Tonneins (Lot-et-Garonne), en novembre. Sur une vid\u00e9o post\u00e9e par Marine Le Pen elle-m\u00eame, montrant les deux leaders du RN mettre la derni\u00e8re main \u00e0 leur discours en coulisse, on voit la prestataire s\u2019affairer derri\u00e8re, un badge \u00abcommunication\u00bb autour du cou. Sur X sous le pseudonyme \u00abLoreine Les Asiatiques \u00e0 Droite\u00bb, elle fait profiter ses 26 300 abonn\u00e9s de sa haine obsessionnelle de l\u2019immigration <\/p>\n","protected":false},"excerpt":{"rendered":"Il n\u2019y a pas que sur sc\u00e8ne, au meeting europ\u00e9en du RN, lundi dans le Loiret, que s\u2019est&hellip;\n","protected":false},"author":2,"featured_media":170741,"comment_status":"","ping_status":"","sticky":false,"template":"","format":"standard","meta":{"footnotes":""},"categories":[4],"tags":[11,1076,1011,27,12,10162,25,2848],"class_list":{"0":"post-170740","1":"post","2":"type-post","3":"status-publish","4":"format-standard","5":"has-post-thumbnail","7":"category-france","8":"tag-actualites","9":"tag-extreme-droite","10":"tag-fr","11":"tag-france","12":"tag-news","13":"tag-racisme","14":"tag-republique-francaise","15":"tag-rn"},"share_on_mastodon":{"url":"https:\/\/pubeurope.com\/@fr\/114670302887810597","error":""},"_links":{"self":[{"href":"https:\/\/www.europesays.com\/fr\/wp-json\/wp\/v2\/posts\/170740","targetHints":{"allow":["GET"]}}],"collection":[{"href":"https:\/\/www.europesays.com\/fr\/wp-json\/wp\/v2\/posts"}],"about":[{"href":"https:\/\/www.europesays.com\/fr\/wp-json\/wp\/v2\/types\/post"}],"author":[{"embeddable":true,"href":"https:\/\/www.europesays.com\/fr\/wp-json\/wp\/v2\/users\/2"}],"replies":[{"embeddable":true,"href":"https:\/\/www.europesays.com\/fr\/wp-json\/wp\/v2\/comments?post=170740"}],"version-history":[{"count":0,"href":"https:\/\/www.europesays.com\/fr\/wp-json\/wp\/v2\/posts\/170740\/revisions"}],"wp:featuredmedia":[{"embeddable":true,"href":"https:\/\/www.europesays.com\/fr\/wp-json\/wp\/v2\/media\/170741"}],"wp:attachment":[{"href":"https:\/\/www.europesays.com\/fr\/wp-json\/wp\/v2\/media?parent=170740"}],"wp:term":[{"taxonomy":"category","embeddable":true,"href":"https:\/\/www.europesays.com\/fr\/wp-json\/wp\/v2\/categories?post=170740"},{"taxonomy":"post_tag","embeddable":true,"href":"https:\/\/www.europesays.com\/fr\/wp-json\/wp\/v2\/tags?post=170740"}],"curies":[{"name":"wp","href":"https:\/\/api.w.org\/{rel}","templated":true}]}}