{"id":170755,"date":"2025-06-12T12:12:10","date_gmt":"2025-06-12T12:12:10","guid":{"rendered":"https:\/\/www.europesays.com\/fr\/170755\/"},"modified":"2025-06-12T12:12:10","modified_gmt":"2025-06-12T12:12:10","slug":"le-senateur-hussein-bourgi-se-range-sur-la-ligne-ferme-du-prefet","status":"publish","type":"post","link":"https:\/\/www.europesays.com\/fr\/170755\/","title":{"rendered":"le s\u00e9nateur Hussein Bourgi se range sur la ligne ferme du pr\u00e9fet"},"content":{"rendered":"<p>            Par<br \/>\n        <strong><br \/>\n            <a href=\"https:\/\/actu.fr\/auteur\/jm-aubert\" title=\"Consulter tous les articles de Jean-Marc Aubert\" rel=\"nofollow noopener\" target=\"_blank\">Jean-Marc Aubert<\/a><br \/>\n        <\/strong><\/p>\n<p>        Publi\u00e9 le<\/p>\n<p>            12 juin 2025 \u00e0 13h24        <\/p>\n<p>Ce dernier long week-end de Pentec\u00f4te, l\u2019H\u00e9rault a \u00e9t\u00e9 le th\u00e9\u00e2tre d\u2019une nouvelle\u00a0<strong>rave party ill\u00e9gale<\/strong> ayant attir\u00e9 <a href=\"https:\/\/actu.fr\/occitanie\/nizas_34184\/herault-rave-party-de-nizas-j-ai-les-noms-des-organisateurs-revele-le-prefet-de-l-herault_62752038.html\" rel=\"nofollow noopener\" target=\"_blank\">pr\u00e8s de 3 000 teufeurs<\/a> sur l\u2019ancien a\u00e9rodrome, sur le causse de <strong>Nizas<\/strong>, au nord de P\u00e9zenas. Ce mardi 10 juin 2025 en matin\u00e9e, le <strong>pr\u00e9fet de l\u2019H\u00e9rault<\/strong>, Fran\u00e7ois-Xavier Lauch venu sur place, a fermement d\u00e9nonc\u00e9 \u00ab\u00a0l\u2019organisation de ce rassemblement volontairement dissimul\u00e9 aux autorit\u00e9s, bravant l\u2019arr\u00eat\u00e9 d\u2019interdiction en vigueur qui doit \u00eatre respect\u00e9\u00a0\u00bb.<\/p>\n<p class=\" wall-content\">Le s\u00e9nateur PS de l\u2019H\u00e9rault, <strong>Hussein Bourgi<\/strong> r\u00e9agit et condamne \u00e0 son tour cet \u00e9v\u00e9nement festif sauvage. Il se range sur la ligne du pr\u00e9fet en soutenant et en appuyant son combat. Nous lui avons pos\u00e9 quatre questions.<\/p>\n<p class=\" wall-content\"><strong>M\u00e9tropolitain<\/strong> :<strong> Pourquoi cette prise de position ?<\/strong><\/p>\n<p class=\" wall-content\"><strong>Hussein Bourgi :<\/strong> \u00ab\u00a0Pendant trois jours, les habitants de Nizas et des communes voisines ont subi des nuisances sonores et des d\u00e9sagr\u00e9ments qui ont troubl\u00e9 leur tranquillit\u00e9 et leur sommeil.\u00a0Je veux les assurer de ma sollicitude et de mon soutien.Pendant trois jours et trois nuits, \u00a0les gendarmes et les services de l\u2019Etat, du Sdis, du Smur-Samu, de la Protection civile et de la Croix Rouge ont \u00e9t\u00e9 mobilis\u00e9s pour r\u00e9duire l\u2019impact de cette manifestation. Je salue l\u2019engagement et l\u2019abn\u00e9gation de ces professionnels et de ces b\u00e9n\u00e9voles.\u00a0Quant \u00e0 cette \u00e9nieme rave party, je la d\u00e9nonce et je la condamne avec force.<\/p>\n<blockquote class=\"ac-article-quote wall-content\">\n<p>\u00ab\u00a0Ces \u00ab commer\u00e7ants \u00bb ont sciemment choisi d\u2019aller vendre leurs marchandises sur le site d\u2019une manifestation ill\u00e9gale. Ils sont donc en infraction.\u00a0Par ailleurs il serait int\u00e9ressant que l\u2019Inspection du travail, les services des finances publiques et les douanes s\u2019int\u00e9ressent aux conditions de travail de leur personnel et \u00e0 leur tr\u00e9sorerie\u00a0\u00bb.<\/p>\n<p>    <strong>Hussein Bourgi <\/strong><br \/>\n        S\u00e9nateur PS de l&rsquo;H\u00e9rault    <\/p><\/blockquote>\n<p class=\" wall-content\"><strong>Quel est votre constat ?<\/strong><\/p>\n<p class=\" wall-content\">Je ne me r\u00e9signe pas \u00e0 ce que chaque ann\u00e9e, d\u00e8s les beaux jours, des communes de notre d\u00e9partement subissent l\u2019afflux de populations ind\u00e9sirables \u00e0 l\u2019occasion de ces rave party.\u00a0Ces manifestations occasionnent de longues files de circulation sur nos routes, elles contribuent \u00e0 d\u00e9truire nos voiries et nos espaces naturels, elles provoquent des amoncellements de d\u00e9tritus.\u00a0Pire encore, des participants sont r\u00e9guli\u00e8rement secourus pour consommation excessive d\u2019alcool et de drogues. Et ils sont parfois conduits aux urgences saturant un peu plus un service hospitalier en sous effectif et en tension notamment en \u00e9t\u00e9, comme ce fut le cas le week-end de Pentec\u00f4te.\u00a0Cette situation n\u2019est ni acceptable, ni tenable.<\/p>\n<p>Vid\u00e9os : en ce moment sur Actu<br \/>\n    <img   decoding=\"async\" loading=\"lazy\" src=\"https:\/\/www.europesays.com\/fr\/wp-content\/uploads\/2025\/06\/0-55-6-960x640.jpeg\" alt=\"Mardi, pr\u00e8s de 200 teufeurs \u00e9taient encore sur le causse \u00e0 NIzas\" width=\"960\" height=\"640\"\/><br \/>\n    Mardi, pr\u00e8s de 200 teufeurs \u00e9taient encore sur le causse \u00e0 NIzas (\u00a9JMA \/ M\u00e9tropolitain)<\/p>\n<p class=\" wall-content\"><strong>Que comptez-vous faire en tant que parlementaire ?<\/strong><\/p>\n<p class=\" wall-content\">Je compte tout mettre en \u0153uvre pour durcir la r\u00e9glementation et la l\u00e9gislation en vigueur pour sanctionner encore plus durement les organisateurs et les personnes fr\u00e9quentant ces rave party.\u00a0Je m\u2019int\u00e9resse en particulier \u00e0 la l\u00e9gislation italienne qui appara\u00eet comme la plus s\u00e9v\u00e8re en la mati\u00e8re et donc la plus dissuasive.\u00a0Je tiens \u00e0 remercier le pr\u00e9fet de l\u2019H\u00e9rault qui est le premier pr\u00e9fet en poste dans notre d\u00e9partement \u00e0 avoir t\u00e9moign\u00e9 de l\u2019attention, de l\u2019int\u00e9r\u00eat et des moyens pour lutter contre les rave party. Je lui en sais gr\u00e9.\u00a0Je tiens \u00e0 remercier \u00e9galement le procureur de la R\u00e9publique de B\u00e9ziers, M.Rapha\u00ebl Balland qui a fait preuve d\u2019une exemplaire fermet\u00e9 \u00e0 l\u2019\u00e9gard des organisateurs d\u2019une rave party ill\u00e9gale \u00e0 Castanet-le-Haut en octobre 2024.\u00a0Je l\u2019encourage \u00e0 faire preuve de la m\u00eame s\u00e9v\u00e9rit\u00e9 \u00e0 l\u2019\u00e9gard des organisateurs de la rave party de Nizas. Il sait pouvoir compter sur mon ind\u00e9fectible soutien dans l\u2019action judiciaire exemplaire qu\u2019il m\u00e8ne dans l\u2019arrondissement de B\u00e9ziers.\u00a0Je l\u2019invite \u00e0 ne pas limiter les seules poursuites judiciaires aux organisateurs de la rave party, mais \u00e0 les \u00e9tendre aussi aux foodtrucks et aux boutiques de v\u00eatements.<\/p>\n<p class=\" wall-content\"><strong>Y a t-il d\u2019autres mesures, voire sanctions \u00e0 prendre ?<\/strong><\/p>\n<p class=\" wall-content\">Ces \u00ab commer\u00e7ants \u00bb ont sciemment choisi d\u2019aller vendre leurs marchandises sur le site d\u2019une manifestation ill\u00e9gale. Ils sont donc en infraction.\u00a0Par ailleurs il serait int\u00e9ressant que l\u2019Inspection du travail, les services des finances publiques et les douanes s\u2019int\u00e9ressent aux conditions de travail de leur personnel et \u00e0 leur tr\u00e9sorerie.\u00a0Je veux conclure en saluant le maire de Nizas et plus largement les \u00e9lus municipaux qui mettent tout en \u0153uvre semaine apr\u00e8s semaine pour lutter contre ces manifestations ind\u00e9sirables et g\u00e9n\u00e9ratrices de nuisances et de risques. Quand la rave party finit, ces \u00e9lus municipaux se retrouvent souvent seuls pour en effacer les stigmates. Je veux les assurer de ma totale solidarit\u00e9.<\/p>\n<p>Plaintes contre X, mais\u2026<\/p>\n<p class=\" wall-content\">Des plaintes contre X vont \u00eatre d\u00e9pos\u00e9es, mais le pr\u00e9fet de l\u2019H\u00e9rault a r\u00e9v\u00e9l\u00e9 mardi qu\u2019ils connaissait l\u2019identit\u00e9 des organisateurs -\u00ab\u00a0J\u2019ai les noms\u00a0\u00bb- et qu\u2019il allait faire un signalement au procureur de B\u00e9ziers. La compagnie de<strong> gendarmerie<\/strong> de P\u00e9zenas m\u00e8ne une enqu\u00eate pr\u00e9liminaire, tandis que les <strong>policiers<\/strong> du Renseignement territorial -RT, ex-RG- de la DIPN de l\u2019H\u00e9rault, pr\u00e9sents sur le site ce mardi diligente \u00e9galement de discr\u00e8tes investigations pour remonter aux organisateurs et \u00e9ventuellement \u00e0 un noyau de militants d\u2019extr\u00eame-gauche qui se retrouveraient dans les raves parties, \u00a0ce qui reste \u00e0 \u00e9tablir.<\/p>\n<p class=\" wall-content\">Suivez toute l\u2019actualit\u00e9 de vos villes et m\u00e9dias favoris en vous inscrivant \u00e0 <a href=\"https:\/\/moncompte.actu.fr\" title=\"D\u00e9couvez Mon Actu\" rel=\"nofollow noopener\" data-trk=\"{&quot;cta&quot;:{&quot;action&quot;:&quot;https:\\\/\\\/moncompte.actu.fr&quot;,&quot;category&quot;:&quot;mon compte&quot;,&quot;from&quot;:&quot;article footer&quot;,&quot;name&quot;:&quot;Mon actu&quot;,&quot;type&quot;:&quot;cta&quot;}}\" target=\"_blank\">Mon Actu<\/a>.<\/p>\n","protected":false},"excerpt":{"rendered":"Par Jean-Marc Aubert Publi\u00e9 le 12 juin 2025 \u00e0 13h24 Ce dernier long week-end de Pentec\u00f4te, l\u2019H\u00e9rault a&hellip;\n","protected":false},"author":2,"featured_media":170756,"comment_status":"","ping_status":"","sticky":false,"template":"","format":"standard","meta":{"footnotes":""},"categories":[9599],"tags":[1111,11,1777,674,1011,27,3381,303,2208,12,2680,1072,25,104],"class_list":{"0":"post-170755","1":"post","2":"type-post","3":"status-publish","4":"format-standard","5":"has-post-thumbnail","7":"category-montpellier","8":"tag-actu","9":"tag-actualites","10":"tag-eu","11":"tag-europe","12":"tag-fr","13":"tag-france","14":"tag-gendarmerie","15":"tag-justice","16":"tag-montpellier","17":"tag-news","18":"tag-occitanie","19":"tag-police","20":"tag-republique-francaise","21":"tag-societe"},"share_on_mastodon":{"url":"https:\/\/pubeurope.com\/@fr\/114670334412099088","error":""},"_links":{"self":[{"href":"https:\/\/www.europesays.com\/fr\/wp-json\/wp\/v2\/posts\/170755","targetHints":{"allow":["GET"]}}],"collection":[{"href":"https:\/\/www.europesays.com\/fr\/wp-json\/wp\/v2\/posts"}],"about":[{"href":"https:\/\/www.europesays.com\/fr\/wp-json\/wp\/v2\/types\/post"}],"author":[{"embeddable":true,"href":"https:\/\/www.europesays.com\/fr\/wp-json\/wp\/v2\/users\/2"}],"replies":[{"embeddable":true,"href":"https:\/\/www.europesays.com\/fr\/wp-json\/wp\/v2\/comments?post=170755"}],"version-history":[{"count":0,"href":"https:\/\/www.europesays.com\/fr\/wp-json\/wp\/v2\/posts\/170755\/revisions"}],"wp:featuredmedia":[{"embeddable":true,"href":"https:\/\/www.europesays.com\/fr\/wp-json\/wp\/v2\/media\/170756"}],"wp:attachment":[{"href":"https:\/\/www.europesays.com\/fr\/wp-json\/wp\/v2\/media?parent=170755"}],"wp:term":[{"taxonomy":"category","embeddable":true,"href":"https:\/\/www.europesays.com\/fr\/wp-json\/wp\/v2\/categories?post=170755"},{"taxonomy":"post_tag","embeddable":true,"href":"https:\/\/www.europesays.com\/fr\/wp-json\/wp\/v2\/tags?post=170755"}],"curies":[{"name":"wp","href":"https:\/\/api.w.org\/{rel}","templated":true}]}}