{"id":170759,"date":"2025-06-12T12:14:43","date_gmt":"2025-06-12T12:14:43","guid":{"rendered":"https:\/\/www.europesays.com\/fr\/170759\/"},"modified":"2025-06-12T12:14:43","modified_gmt":"2025-06-12T12:14:43","slug":"a-rouen-il-mene-sa-propre-enquete-pour-retrouver-les-voleurs-des-velos","status":"publish","type":"post","link":"https:\/\/www.europesays.com\/fr\/170759\/","title":{"rendered":"\u00c0 Rouen, il m\u00e8ne sa propre enqu\u00eate pour retrouver les voleurs des v\u00e9los"},"content":{"rendered":"<p>            Par<br \/>\n        <strong><br \/>\n            <a href=\"https:\/\/actu.fr\/auteur\/thomas-rideau\" title=\"Consulter tous les articles de Thomas Rideau\" rel=\"nofollow noopener\" target=\"_blank\">Thomas Rideau<\/a><br \/>\n        <\/strong><\/p>\n<p>        Publi\u00e9 le<\/p>\n<p>            12 juin 2025 \u00e0 11h54        <\/p>\n<p>Il a suivi sa propre piste pour retrouver<strong> ceux qui l\u2019avaient arnaqu\u00e9<\/strong>. Une enqu\u00eate qui a trouv\u00e9 son aboutissement ce mercredi 11\u00a0juin 2025, dans la soir\u00e9e et sur un parking de <a href=\"https:\/\/actu.fr\/normandie\/le-grand-quevilly_76322\" rel=\"nofollow noopener\" target=\"_blank\">Grand-Quevilly (Seine-Maritime)<\/a>, apprend-on de source polici\u00e8re.<\/p>\n<p class=\" wall-content\">Quelques jours plus t\u00f4t, le g\u00e9rant d\u2019une <a href=\"https:\/\/actu.fr\/tag\/velo\" rel=\"nofollow noopener\" target=\"_blank\">boutique de v\u00e9los<\/a> de l\u2019agglo de Rouen (Seine-Maritime) pense faire une bonne affaire en vendant certains de ses engins. Mais apr\u00e8s la vente, le patron se rend compte que l\u2019achat a \u00e9t\u00e9 effectu\u00e9 avec des ch\u00e8ques vol\u00e9s.\u00a0<\/p>\n<p>Pi\u00e9g\u00e9s par le commer\u00e7ant et la police<\/p>\n<p class=\" wall-content\">Il m\u00e8ne alors sa propre enqu\u00eate et ne tarde pas \u00e0 voir les malfrats (pas si rus\u00e9s) mettre en vente,<strong> sur un site Internet<\/strong>, les deux v\u00e9los de sa boutique. Il leur donne rendez-vous et invite la police \u00e0 la rencontre qui se pr\u00e9sente sans uniforme <strong>sur le parking de Grand-Quevilly<\/strong> o\u00f9 la vente doit avoir lieu.<\/p>\n<p class=\" wall-content\">Les deux voleurs arrivent avec un fourgon et pr\u00e9sentent les deux v\u00e9los dans leur coffre. \u00ab\u2009Ils indiquent que les v\u00e9los sont neufs\u2009\u00bb, nous pr\u00e9cise la police. <strong>Le commer\u00e7ant reconna\u00eet<\/strong> formellement les v\u00e9los et l\u2019un des deux individus. La police proc\u00e8de alors \u00e0 leur interpellation. Ils ont \u00e9t\u00e9 ramen\u00e9s \u00e0 l\u2019h\u00f4tel de police et mis en garde \u00e0 vue.<\/p>\n<p>Suivez l\u2019actualit\u00e9 de Rouen <a href=\"https:\/\/www.whatsapp.com\/channel\/0029VaKfnf99hXF2ddApFB1D\" rel=\"nofollow noopener\" target=\"_blank\">sur notre cha\u00eene WhatsApp<\/a> et <a href=\"https:\/\/www.tiktok.com\/@76actu.fr?lang=fr\" rel=\"nofollow noopener\" target=\"_blank\">sur notre compte TikTok<\/a>Vid\u00e9os : en ce moment sur Actu<\/p>\n<p class=\" wall-content\">Suivez toute l\u2019actualit\u00e9 de vos villes et m\u00e9dias favoris en vous inscrivant \u00e0 <a href=\"https:\/\/moncompte.actu.fr\" title=\"D\u00e9couvez Mon Actu\" rel=\"nofollow noopener\" data-trk=\"{&quot;cta&quot;:{&quot;action&quot;:&quot;https:\\\/\\\/moncompte.actu.fr&quot;,&quot;category&quot;:&quot;mon compte&quot;,&quot;from&quot;:&quot;article footer&quot;,&quot;name&quot;:&quot;Mon actu&quot;,&quot;type&quot;:&quot;cta&quot;}}\" target=\"_blank\">Mon Actu<\/a>.<\/p>\n<p>                    <script async src=\"\/\/www.tiktok.com\/embed.js\"><\/script><\/p>\n","protected":false},"excerpt":{"rendered":"Par Thomas Rideau Publi\u00e9 le 12 juin 2025 \u00e0 11h54 Il a suivi sa propre piste pour retrouver&hellip;\n","protected":false},"author":2,"featured_media":170760,"comment_status":"","ping_status":"","sticky":false,"template":"","format":"standard","meta":{"footnotes":""},"categories":[9587],"tags":[1111,11,215,1777,674,118,1011,27,12,5161,1072,25,9590,208],"class_list":{"0":"post-170759","1":"post","2":"type-post","3":"status-publish","4":"format-standard","5":"has-post-thumbnail","7":"category-rouen","8":"tag-actu","9":"tag-actualites","10":"tag-commerce","11":"tag-eu","12":"tag-europe","13":"tag-faits-divers","14":"tag-fr","15":"tag-france","16":"tag-news","17":"tag-normandie","18":"tag-police","19":"tag-republique-francaise","20":"tag-rouen","21":"tag-velo"},"share_on_mastodon":{"url":"https:\/\/pubeurope.com\/@fr\/114670342248570343","error":""},"_links":{"self":[{"href":"https:\/\/www.europesays.com\/fr\/wp-json\/wp\/v2\/posts\/170759","targetHints":{"allow":["GET"]}}],"collection":[{"href":"https:\/\/www.europesays.com\/fr\/wp-json\/wp\/v2\/posts"}],"about":[{"href":"https:\/\/www.europesays.com\/fr\/wp-json\/wp\/v2\/types\/post"}],"author":[{"embeddable":true,"href":"https:\/\/www.europesays.com\/fr\/wp-json\/wp\/v2\/users\/2"}],"replies":[{"embeddable":true,"href":"https:\/\/www.europesays.com\/fr\/wp-json\/wp\/v2\/comments?post=170759"}],"version-history":[{"count":0,"href":"https:\/\/www.europesays.com\/fr\/wp-json\/wp\/v2\/posts\/170759\/revisions"}],"wp:featuredmedia":[{"embeddable":true,"href":"https:\/\/www.europesays.com\/fr\/wp-json\/wp\/v2\/media\/170760"}],"wp:attachment":[{"href":"https:\/\/www.europesays.com\/fr\/wp-json\/wp\/v2\/media?parent=170759"}],"wp:term":[{"taxonomy":"category","embeddable":true,"href":"https:\/\/www.europesays.com\/fr\/wp-json\/wp\/v2\/categories?post=170759"},{"taxonomy":"post_tag","embeddable":true,"href":"https:\/\/www.europesays.com\/fr\/wp-json\/wp\/v2\/tags?post=170759"}],"curies":[{"name":"wp","href":"https:\/\/api.w.org\/{rel}","templated":true}]}}