{"id":170775,"date":"2025-06-12T12:22:10","date_gmt":"2025-06-12T12:22:10","guid":{"rendered":"https:\/\/www.europesays.com\/fr\/170775\/"},"modified":"2025-06-12T12:22:10","modified_gmt":"2025-06-12T12:22:10","slug":"je-veux-creer-de-lemotion-chez-les-gens-comment-cette-photographe-a-parcouru-14-000-kilometres-en-train-pour-le-sommet-des-oceans","status":"publish","type":"post","link":"https:\/\/www.europesays.com\/fr\/170775\/","title":{"rendered":"\u00ab\u00a0Je veux cr\u00e9er de l&rsquo;\u00e9motion chez les gens\u00a0\u00bb: comment cette photographe a parcouru 14.000 kilom\u00e8tres en train pour le Sommet des Oc\u00e9ans"},"content":{"rendered":"<p>Si vous vous rendez au Palais des Expositions de Nice cette semaine, vous croiserez peut-\u00eatre Anissa Maille d\u00e9ambulant sur la moquette indigo des all\u00e9es de La Baleine.\u00a0<\/p>\n<p>La jeune femme de 24 ans est arriv\u00e9e d\u00e8s l&rsquo;ouverture des portes\u00a0le 2 juin dernier, apr\u00e8s un p\u00e9riple de 29 jours en train depuis Kuala Lumpur, capitale de la Malaisie. Tous les jours, Anissa, alias @6nissa sur les r\u00e9seaux sociaux, assiste \u00e0 des tables rondes, interroge scientifiques et experts, et poste des vid\u00e9os sur TikTok et Instagram, o\u00f9 elle est suivie par pr\u00e8s d&rsquo;un million d\u2019abonn\u00e9s.<\/p>\n<p>Tout commence en septembre 2024, quand elle\u00a0d\u00e9cide de quitter Paris pour voyager, sans avion. Et se consacrer \u00e0 la photographie. En Malaisie, Anissa\u00a0<a href=\"https:\/\/www.instagram.com\/reel\/DIwhTSDI0L8\/?utm_source=ig_web_copy_link&amp;igsh=MzRlODBiNWFlZA==\" target=\"_blank\" rel=\"noopener nofollow\">publie une vid\u00e9o<\/a> annon\u00e7ant son intention de travailler sur les questions environnementales. Et, en tant que femme franco-alg\u00e9rienne, \u00ab\u00a0d&rsquo;ouvrir le mouvement climatique et montrer que l&rsquo;\u00e9cologie appartient \u00e0 tout le monde\u00a0\u00bb.\u00a0<\/p>\n<p>Dans la foul\u00e9e, elle re\u00e7oit une invitation pour l&rsquo;Unoc-3. Elle ne r\u00e9fl\u00e9chit pas longtemps: \u00ab\u00a0C&rsquo;\u00e9tait une \u00e9vidence\u00a0\u00bb, sourit-t-elle. <\/p>\n<blockquote>\n<p>14.000 kilom\u00e8tres en train et 29 jours de voyage pour porter le message de la protection des oc\u00e9ans.<\/p>\n<\/blockquote>\n<p><b>\u00c0 Hong-Kong, t\u00e9moin du combat contre la chasse aux requins<\/b><\/p>\n<p>Depuis Kuala Lumpur, en Malaisie, Anissa file en train jusqu&rsquo;en Tha\u00eflande, puis traverse le Laos, avant de rejoindre la Chine, o\u00f9 elle fait une halte de trois jours \u00e0 Hong Kong. L\u00e0, elle collabore avec\u00a0la Hong Kong Shark Foundation, une association qui lutte contre la chasse aux requins pour leurs ailerons, dont elle documente le travail. Elle reprend la route fissa, traverse la Mongolie, la Russie, puis arrive en Lettonie. Et trace directement\u00a0en France, jusqu&rsquo;\u00e0 Nice.<\/p>\n<p>Ses inspirations ? L&rsquo;ONG de d\u00e9fense des oc\u00e9ans Bloom et <a href=\"https:\/\/www.nicematin.com\/environnement\/pourquoi-claire-nouvian-fondatrice-de-l-ong-bloom-estime-que-l-unoc-est-une-vaste-operation-d-enfumage-sous-influence-des-lobbys-de-la-peche-et-des-energies-fossiles--989675\" rel=\"nofollow noopener\" target=\"_blank\">sa fondatrice Claire Nouvian<\/a>.\u00a0<\/p>\n<p>\u00ab\u00a0Je pense que le probl\u00e8me de la p\u00eache industrielle me touche davantage parce que c&rsquo;est \u00e0 travers ce sujet-l\u00e0 que je me suis vraiment int\u00e9ress\u00e9e \u00e0 l&rsquo;\u00e9cologie et \u00e0 la protection des oc\u00e9ans et que je suis devenue v\u00e9g\u00e9tarienne.\u00a0\u00bb\u00a0D&rsquo;ailleurs au sommet de l&rsquo;Oc\u00e9an, elle a eu l&rsquo;opportunit\u00e9 de rencontrer des figures de la lutte environnementale et d&rsquo;interviewer la militante \u00e9cologiste Claire Nouvian pour<a href=\"https:\/\/www.nicematin.com\/environnement\/l-ong-bloom-denonce-l-escroquerie-des-annonces-du-gouvernement-lors-de-l-unoc-le-label-d-aire-marine-protegee-est-attribue-a-des-zones-deja-interdites-au-chalutage-de-fond--989769\" rel=\"nofollow noopener\" target=\"_blank\"> interpeller sur le sujet des aires marines prot\u00e9g\u00e9es.<\/a><\/p>\n<p><b>\u00ab\u00a0Quitter Paris pour d\u00e9couvrir le monde, sans le d\u00e9truire\u00a0\u00bb<\/b><\/p>\n<p>C\u2019est entre le 13e arrondissement de Paris, seule avec sa m\u00e8re originaire d\u2019Alg\u00e9rie et d\u00e9l\u00e9gu\u00e9e syndicale depuis 35 ans, et parfois Nice, o\u00f9 vit une partie de sa famille, qu&rsquo;Anissa Maille passe son enfance. Politis\u00e9e tr\u00e8s jeune gr\u00e2ce aux d\u00e9bats familiaux et aux manifs CGT, elle poursuit des \u00e9tudes de droit \u00e0 Paris apr\u00e8s le lyc\u00e9e, puis se sp\u00e9cialise en droit p\u00e9nal international.\u00a0<\/p>\n<p>Anissa se fait conna\u00eetre en postant des vid\u00e9os sur TikTok, d&rsquo;abord pour ses amis. Puis, elle aborde des sujets comme le f\u00e9minisme ou la sant\u00e9 mentale. \u00ab\u00a0C&rsquo;\u00e9tait lunaire, avoue-t-elle, en l&rsquo;espace de sept mois, j&rsquo;avais 700.000 abonn\u00e9s.\u00a0\u00bb <\/p>\n<p>Plus tard, elle s&rsquo;appuie sur sa visibilit\u00e9 pour aborder un sujet qui la touche :\u00a0les violences sexuelles en colonies de vacances, o\u00f9 elle travaille en parall\u00e8le de ses \u00e9tudes.\u00a0En 2022, elle lance le #MeTooAnimation. Deux ans plus tard, entre ses publications sur les r\u00e9seaux sociaux, les collaborations avec des associations f\u00e9ministes et les interventions dans les \u00e9coles et les colonies, elle fait un burn-out. \u201cC&rsquo;\u00e9tait tr\u00e8s dur de travailler sur des sujets aussi violents tout le temps.\u201d<\/p>\n<p>Alors, en septembre dernier Anissa d\u00e9cide de faire une pause. Cela faisait longtemps qu&rsquo;elle en r\u00eavait: quitter Paris pour se reconnecter \u00e0 la nature et voyager, sans avion. Elle s&rsquo;ach\u00e8te un appareil photo, et part pour le Laos en train. \u00ab\u00a0\u00c7a m&rsquo;a pris environ un mois et demi\u00a0\u00bb, raconte-t-elle. \u00ab\u00a0J&rsquo;avais envie de d\u00e9couvrir le monde, certes, mais sans le d\u00e9truire en voyageant.\u00a0\u00bb<\/p>\n<p><b>Faire passer des messages par l<\/b><b>&lsquo;<\/b><b>image<\/b><\/p>\n<p>Laos, Turquie, Chine\u2026 Le parcours d&rsquo;Anissa se dessine au gr\u00e9 des rencontres. En avril, elle propose \u00e0 l&rsquo;ONG Marine Conservation Cambodia de suivre leur travail pendant une semaine. Elle les rejoint au Cambodge, et les photographie alors qu&rsquo;ils posent des blocs de b\u00e9ton pour bloquer les chalutiers et patrouillent la nuit pour prot\u00e9ger les zones marines du pays.\u00a0<\/p>\n<p>\u00ab\u00a0\u00c7a a \u00e9t\u00e9 un d\u00e9clic\u00a0\u00bb, explique-t-elle. <\/p>\n<blockquote>\n<p>Depuis, je veux utiliser mon regard pour raconter ce qui compte vraiment et cr\u00e9er de l&rsquo;\u00e9motion chez les gens.<\/p>\n<\/blockquote>\n<p>La photographie, c&rsquo;est selon elle un moyen de faire \u00e9voluer les mentalit\u00e9s sur des sujets alarmants. \u201c\u00c0 travers la photo, tu peux atteindre tellement de gens, faire passer tellement de messages avec juste un clich\u00e9\u201d, nous raconte Anissa, le regard brillant. \u00ab\u00a0Moi, je suis l&rsquo;exemple typique: j&rsquo;ai grandi \u00e0 Paris intra-muros. Quand tu es enferm\u00e9 dans une ville comme Paris, le changement climatique, tu ne le ressens pas de la m\u00eame mani\u00e8re.\u00a0\u00bb<\/p>\n<p>La suite ? Anissa Maille pr\u00e9voit de repartir en septembre, et de continuer \u00e0 poster des vid\u00e9os de ses voyages en train. Mais \u00e0 terme, elle l&rsquo;assure: \u00ab\u00a0\u00c7a sera photographie \u00e0 fond un jour, c&rsquo;est s\u00fbr.\u00a0\u00bb<\/p>\n<p><script async src=\"\/\/www.instagram.com\/embed.js\"><\/script><\/p>\n","protected":false},"excerpt":{"rendered":"Si vous vous rendez au Palais des Expositions de Nice cette semaine, vous croiserez peut-\u00eatre Anissa Maille d\u00e9ambulant&hellip;\n","protected":false},"author":2,"featured_media":170776,"comment_status":"","ping_status":"","sticky":false,"template":"","format":"standard","meta":{"footnotes":""},"categories":[2819],"tags":[1111,11,436,1777,674,1011,27,12,2401,882,25],"class_list":{"0":"post-170775","1":"post","2":"type-post","3":"status-publish","4":"format-standard","5":"has-post-thumbnail","7":"category-nice","8":"tag-actu","9":"tag-actualites","10":"tag-environnement","11":"tag-eu","12":"tag-europe","13":"tag-fr","14":"tag-france","15":"tag-news","16":"tag-nice","17":"tag-provence-alpes-cote-dazur","18":"tag-republique-francaise"},"share_on_mastodon":{"url":"https:\/\/pubeurope.com\/@fr\/114670373675374033","error":""},"_links":{"self":[{"href":"https:\/\/www.europesays.com\/fr\/wp-json\/wp\/v2\/posts\/170775","targetHints":{"allow":["GET"]}}],"collection":[{"href":"https:\/\/www.europesays.com\/fr\/wp-json\/wp\/v2\/posts"}],"about":[{"href":"https:\/\/www.europesays.com\/fr\/wp-json\/wp\/v2\/types\/post"}],"author":[{"embeddable":true,"href":"https:\/\/www.europesays.com\/fr\/wp-json\/wp\/v2\/users\/2"}],"replies":[{"embeddable":true,"href":"https:\/\/www.europesays.com\/fr\/wp-json\/wp\/v2\/comments?post=170775"}],"version-history":[{"count":0,"href":"https:\/\/www.europesays.com\/fr\/wp-json\/wp\/v2\/posts\/170775\/revisions"}],"wp:featuredmedia":[{"embeddable":true,"href":"https:\/\/www.europesays.com\/fr\/wp-json\/wp\/v2\/media\/170776"}],"wp:attachment":[{"href":"https:\/\/www.europesays.com\/fr\/wp-json\/wp\/v2\/media?parent=170775"}],"wp:term":[{"taxonomy":"category","embeddable":true,"href":"https:\/\/www.europesays.com\/fr\/wp-json\/wp\/v2\/categories?post=170775"},{"taxonomy":"post_tag","embeddable":true,"href":"https:\/\/www.europesays.com\/fr\/wp-json\/wp\/v2\/tags?post=170775"}],"curies":[{"name":"wp","href":"https:\/\/api.w.org\/{rel}","templated":true}]}}