{"id":170779,"date":"2025-06-12T12:24:09","date_gmt":"2025-06-12T12:24:09","guid":{"rendered":"https:\/\/www.europesays.com\/fr\/170779\/"},"modified":"2025-06-12T12:24:09","modified_gmt":"2025-06-12T12:24:09","slug":"un-hommage-organise-a-nantes-par-les-syndicats","status":"publish","type":"post","link":"https:\/\/www.europesays.com\/fr\/170779\/","title":{"rendered":"un hommage organis\u00e9 \u00e0 Nantes par les syndicats"},"content":{"rendered":"<p>            Par<br \/>\n        <strong><br \/>\n            <a href=\"https:\/\/actu.fr\/auteur\/laure-gentil\" title=\"Consulter tous les articles de Laure Gentil\" rel=\"nofollow noopener\" target=\"_blank\">Laure Gentil<\/a><br \/>\n        <\/strong><\/p>\n<p>        Publi\u00e9 le<\/p>\n<p>            12 juin 2025 \u00e0 14h12        <\/p>\n<p>La mort d\u2019une surveillante, <a href=\"https:\/\/actu.fr\/grand-est\/nogent_52353\/haute-marne-agressee-au-couteau-par-un-collegien-la-surveillante-de-31-ans-est-decedee_62750297.html\" rel=\"nofollow noopener\" target=\"_blank\">poignard\u00e9e mardi par un \u00e9l\u00e8ve de 14\u00a0ans lors d\u2019un contr\u00f4le des sacs<\/a> devant un coll\u00e8ge \u00e0 Nogent (Haute-Marne), a choqu\u00e9 la France. La ministre de l\u2019\u00c9ducation nationale<a href=\"https:\/\/actu.fr\/faits-divers\/surveillante-tuee-a-nogent-elisabeth-borne-demande-une-minute-de-silence-dans-les-etablissements-scolaires_62754587.html\" rel=\"nofollow noopener\" target=\"_blank\"> \u00c9lisabeth Borne a demand\u00e9 \u00e0 ce que soit observ\u00e9e une minute de silence<\/a> dans tous les \u00e9tablissements scolaires ce jeudi 12\u00a0juin 2025 \u00e0 midi, \u00e0 la suite de cette attaque mortelle au couteau.<\/p>\n<p class=\" wall-content\">\u00c0 <strong>Nantes<\/strong>, les syndicats enseignants ont d\u00e9cid\u00e9 d\u2019organiser un rassemblement<strong> place Royale<\/strong> \u00e0 18\u2009h pour rendre hommage \u00e0 M\u00e9lanie G., la surveillante d\u00e9c\u00e9d\u00e9e.<\/p>\n<p>La garde \u00e0 vue a pris fin<\/p>\n<p class=\" wall-content\"><strong>Mardi 10\u00a0juin 2025<\/strong>, entre 8\u2009h\u200915 et 8\u2009h\u200930, devant le portail du <strong>coll\u00e8ge Fran\u00e7oise-Dolto<\/strong> \u00e0 Nogent, M\u00e9lanie G., une surveillante de 31\u00a0ans, a \u00e9t\u00e9 poignard\u00e9e mortellement par un \u00e9l\u00e8ve de 14\u00a0ans lors d\u2019un contr\u00f4le des sacs effectu\u00e9 par la gendarmerie.<\/p>\n<p class=\" wall-content\">Ce mercredi, <strong>Denis Devallois<\/strong>, procureur de la R\u00e9publique de Chaumont, a fait un point sur l\u2019enqu\u00eate, <a href=\"https:\/\/actu.fr\/grand-est\/nogent_52353\/surveillante-tuee-en-haute-marne-le-collegien-ne-ciblait-pas-melanie-en-particulier-selon-le-procureur_62758750.html\" rel=\"nofollow noopener\" target=\"_blank\">rapporte Lorraine actu<\/a>.<\/p>\n<blockquote class=\"ac-article-quote wall-content\">\n<p>Le mis en cause a sorti un couteau de son sac et a port\u00e9 plusieurs coups violents \u00e0 la surveillante qui se tenait \u00e0 l\u2019entr\u00e9e.\u2009<\/p>\n<p>    <strong>Denis Devallois<\/strong><br \/>\n        Procureur de la R\u00e9publique de Chaumont    <\/p><\/blockquote>\n<p>Vid\u00e9os : en ce moment sur Actu<\/p>\n<p class=\" wall-content wall-content\">Selon le magistrat, l\u2019\u00e9l\u00e8ve \u00e9tait arm\u00e9 d\u2019\u00ab<strong>\u2009un couteau de cuisine de 34\u00a0cm<\/strong> avec une lame d\u2019une longueur de 20\u00a0cm\u2009\u00bb. Il a \u00e9t\u00e9 \u00ab\u2009imm\u00e9diatement ma\u00eetris\u00e9 par un gendarme qui a \u00e9t\u00e9 bless\u00e9 \u00e0 la main et qui pr\u00e9sente une incapacit\u00e9 totale de travail de 10\u00a0jours\u2009\u00bb.<\/p>\n<p class=\" wall-content\">Durant sa garde \u00e0 vue le coll\u00e9gien n\u2019a, toujours selon le parquet, exprim\u00e9 aucun regret \u00ab<strong>\u2009ni aucune compassion pour les victimes<\/strong>\u2009\u00bb.<\/p>\n<p class=\" wall-content\">\u00ab\u2009Il appara\u00eet en perte de rep\u00e8res quant \u00e0 la valeur de la vie humaine \u00e0 laquelle il ne semble pas attacher une importance particuli\u00e8re\u2009\u00bb, indique M. Devallois.<\/p>\n<p class=\" wall-content\">La garde \u00e0 vue du coll\u00e9gien a pris fin ce jeudi matin, il a \u00e9t\u00e9<strong> transport\u00e9 \u00e0 Dijon<\/strong> pour \u00ab\u2009compara\u00eetre devant un juge du p\u00f4le de l\u2019instruction\u2009\u00bb.<\/p>\n<p class=\" wall-content\">Suivez toute l\u2019actualit\u00e9 de vos villes et m\u00e9dias favoris en vous inscrivant \u00e0 <a href=\"https:\/\/moncompte.actu.fr\" title=\"D\u00e9couvez Mon Actu\" rel=\"nofollow noopener\" data-trk=\"{&quot;cta&quot;:{&quot;action&quot;:&quot;https:\\\/\\\/moncompte.actu.fr&quot;,&quot;category&quot;:&quot;mon compte&quot;,&quot;from&quot;:&quot;article footer&quot;,&quot;name&quot;:&quot;Mon actu&quot;,&quot;type&quot;:&quot;cta&quot;}}\" target=\"_blank\">Mon Actu<\/a>.<\/p>\n","protected":false},"excerpt":{"rendered":"Par Laure Gentil Publi\u00e9 le 12 juin 2025 \u00e0 14h12 La mort d\u2019une surveillante, poignard\u00e9e mardi par un&hellip;\n","protected":false},"author":2,"featured_media":122213,"comment_status":"","ping_status":"","sticky":false,"template":"","format":"standard","meta":{"footnotes":""},"categories":[2818],"tags":[1111,11,1777,674,118,1011,27,777,766,12,2636,25,3427],"class_list":{"0":"post-170779","1":"post","2":"type-post","3":"status-publish","4":"format-standard","5":"has-post-thumbnail","7":"category-nantes","8":"tag-actu","9":"tag-actualites","10":"tag-eu","11":"tag-europe","12":"tag-faits-divers","13":"tag-fr","14":"tag-france","15":"tag-meurtre","16":"tag-nantes","17":"tag-news","18":"tag-pays-de-la-loire","19":"tag-republique-francaise","20":"tag-syndicats"},"share_on_mastodon":{"url":"https:\/\/pubeurope.com\/@fr\/114670381659989012","error":""},"_links":{"self":[{"href":"https:\/\/www.europesays.com\/fr\/wp-json\/wp\/v2\/posts\/170779","targetHints":{"allow":["GET"]}}],"collection":[{"href":"https:\/\/www.europesays.com\/fr\/wp-json\/wp\/v2\/posts"}],"about":[{"href":"https:\/\/www.europesays.com\/fr\/wp-json\/wp\/v2\/types\/post"}],"author":[{"embeddable":true,"href":"https:\/\/www.europesays.com\/fr\/wp-json\/wp\/v2\/users\/2"}],"replies":[{"embeddable":true,"href":"https:\/\/www.europesays.com\/fr\/wp-json\/wp\/v2\/comments?post=170779"}],"version-history":[{"count":0,"href":"https:\/\/www.europesays.com\/fr\/wp-json\/wp\/v2\/posts\/170779\/revisions"}],"wp:featuredmedia":[{"embeddable":true,"href":"https:\/\/www.europesays.com\/fr\/wp-json\/wp\/v2\/media\/122213"}],"wp:attachment":[{"href":"https:\/\/www.europesays.com\/fr\/wp-json\/wp\/v2\/media?parent=170779"}],"wp:term":[{"taxonomy":"category","embeddable":true,"href":"https:\/\/www.europesays.com\/fr\/wp-json\/wp\/v2\/categories?post=170779"},{"taxonomy":"post_tag","embeddable":true,"href":"https:\/\/www.europesays.com\/fr\/wp-json\/wp\/v2\/tags?post=170779"}],"curies":[{"name":"wp","href":"https:\/\/api.w.org\/{rel}","templated":true}]}}