{"id":170786,"date":"2025-06-12T12:28:09","date_gmt":"2025-06-12T12:28:09","guid":{"rendered":"https:\/\/www.europesays.com\/fr\/170786\/"},"modified":"2025-06-12T12:28:09","modified_gmt":"2025-06-12T12:28:09","slug":"toulouse-aziz-mokhtari-ferme-son-restaurant-les-ptits-fayots-cest-une-excellente-nouvelle","status":"publish","type":"post","link":"https:\/\/www.europesays.com\/fr\/170786\/","title":{"rendered":"Toulouse. Aziz Mokhtari ferme son restaurant Les P&rsquo;tits Fayots : \u00ab\u00a0C&rsquo;est une excellente nouvelle\u00a0\u00bb"},"content":{"rendered":"<p>            Par<br \/>\n        <strong><br \/>\n            <a href=\"https:\/\/actu.fr\/auteur\/lucie-2\" title=\"Consulter tous les articles de Lucie Fraisse\" target=\"_blank\" rel=\"noopener\">Lucie Fraisse<\/a><br \/>\n        <\/strong><\/p>\n<p>        Publi\u00e9 le<\/p>\n<p>            12 juin 2025 \u00e0 13h18        <\/p>\n<p>La fin d\u2019<strong>une institution \u00e0 Toulouse<\/strong>. Ceux qui ont eu au moins une fois la chance de d\u00eener au restaurant <a href=\"https:\/\/actu.fr\/occitanie\/toulouse_31555\/toulouse-ce-chef-repute-va-cuisiner-sans-gaz-ni-electricite-pour-un-diner-aux-chandelles_60495664.html\" target=\"_blank\" rel=\"noopener\">les P\u2019tits fayots<\/a> s\u2019en souviennent forc\u00e9ment. La petite salle ouverte sur la cuisine, les assiettes soign\u00e9es, surprenantes et d\u00e9licieuses et, bien s\u00fbr, la personnalit\u00e9 solaire de son chef Aziz Mokhtari. Une exp\u00e9rience qui appartient au pass\u00e9\u2009: le restaurant a d\u00e9sormais portes closes et son chef va s\u2019envoler vers de nouvelles aventures.<\/p>\n<p>\u00ab\u2009Fier et heureux\u2009\u00bb<\/p>\n<p class=\" wall-content\">\u00ab\u2009Je viens tout juste de rendre les clefs, confie Aziz Mokhtari. Et c\u2019est une excellente nouvelle. <strong>\u00c7a a \u00e9t\u00e9 une grande aventure qui a dur\u00e9 quatorze ans<\/strong>, je ne pensais d\u2019ailleurs pas que \u00e7a prendrait une telle ampleur, j\u2019en suis fier et heureux. Mais j\u2019ai besoin de changements et de nouveaux horizons.\u2009\u00bb<\/p>\n<p class=\" wall-content\">Distingu\u00e9 par <a href=\"https:\/\/actu.fr\/occitanie\/toulouse_31555\/toulouse-distingue-par-gault-millau-chef-ptits-fayots-va-ouvrir-nouveau-resto_29818571.html\" target=\"_blank\" rel=\"noopener\">le Gault et Millau<\/a>, meilleur espoir du prix Lucien-Vanel, r\u00e9guli\u00e8rement sollicit\u00e9 par <a href=\"https:\/\/actu.fr\/occitanie\/toulouse_31555\/toulouse-a-l-honneur-de-l-emission-des-racines-et-des-ailes-diffusee-sur-france-3_45392784.html\" target=\"_blank\" rel=\"noopener\">des \u00e9missions de t\u00e9l\u00e9vision nationale<\/a>, <a href=\"https:\/\/actu.fr\/occitanie\/toulouse_31555\/toulouse-le-chef-aziz-mokhtari-publie-son-premier-livre-de-recettes-inspire-du-confinement_42781024.html\" target=\"_blank\" rel=\"noopener\">auteur de livres de recettes<\/a>, Aziz Mokhtari a \u00e9t\u00e9 pendant toutes ces ann\u00e9es l\u2019un des chefs embl\u00e9matiques de la Ville rose.<\/p>\n<p>D\u00e9velopper un autre projet<\/p>\n<p class=\" wall-content\">Il aspire d\u00e9sormais \u00e0 autre chose. \u00c0 commencer par du repos\u2009: \u00ab\u2009Je vais prendre deux mois de vacances\u2009\u00bb. Pour mieux revenir en septembre, avec un projet bien diff\u00e9rent.<\/p>\n<p class=\" wall-content\">\u00ab\u2009Je veux d\u00e9velopper <strong>ma gamme d\u2019assaisonnement<\/strong>, confie-t-il \u00e0 Actu Toulouse. Dans la gastronomie fran\u00e7aise, il y a trois choses importantes \u00e0 mon sens\u2009: la qualit\u00e9 des produits, la cuisson et donc les assaisonnements. \u00c7a fait dix ans que je travaille sur le dossier.\u2009\u00bb<\/p>\n<p class=\" wall-content\">Un dossier auquel il veut d\u00e9sormais se consacrer \u00ab\u2009\u00e0 300\u2009%\u2009\u00bb, d\u2019o\u00f9 sa d\u00e9cision de mettre fin \u00e0 l\u2019aventure des P\u2019tits fayots.<\/p>\n<p>Vid\u00e9os : en ce moment sur Actu<\/p>\n<p class=\" wall-content\">\u00ab\u2009Il faut aller voir les investisseurs, communiquer\u2026 c\u2019est du boulot. Je veux le faire \u00e0 fond.\u2009\u00bb<\/p>\n<p>\u00ab\u2009Je reviendrai forc\u00e9ment\u2009\u00bb<\/p>\n<p class=\" wall-content\">Pour autant, Aziz Mokhtari ne ferme pas la porte \u00e0 une nouvelle aventure dans la restauration \u00e0 Toulouse.<\/p>\n<p class=\" wall-content\">\u00ab\u2009Je reviendrai forc\u00e9ment. Mais sans doute avec <strong>un projet plus grand public<\/strong>, moins \u00e9litiste.\u2009\u00bb<\/p>\n<p class=\" wall-content\">Et si l\u2019aventure des P\u2019tits Fayots est termin\u00e9e, d\u2019autres horizons gastronomiques se dessinent d\u00e9j\u00e0 du c\u00f4t\u00e9 du 8 rue de l\u2019Esquile, o\u00f9 se tenait l\u2019\u00e9tablissement. Un chef pass\u00e9 par de prestigieuses adresses compte en effet y ouvrir un restaurant dans un horizon proche.<\/p>\n<p class=\" wall-content\">Suivez toute l\u2019actualit\u00e9 de vos villes et m\u00e9dias favoris en vous inscrivant \u00e0 <a href=\"https:\/\/moncompte.actu.fr\" title=\"D\u00e9couvez Mon Actu\" rel=\"nofollow noopener\" data-trk=\"{&quot;cta&quot;:{&quot;action&quot;:&quot;https:\\\/\\\/moncompte.actu.fr&quot;,&quot;category&quot;:&quot;mon compte&quot;,&quot;from&quot;:&quot;article footer&quot;,&quot;name&quot;:&quot;Mon actu&quot;,&quot;type&quot;:&quot;cta&quot;}}\" target=\"_blank\">Mon Actu<\/a>.<\/p>\n","protected":false},"excerpt":{"rendered":"Par Lucie Fraisse Publi\u00e9 le 12 juin 2025 \u00e0 13h18 La fin d\u2019une institution \u00e0 Toulouse. Ceux qui&hellip;\n","protected":false},"author":2,"featured_media":170787,"comment_status":"","ping_status":"","sticky":false,"template":"","format":"standard","meta":{"footnotes":""},"categories":[2816],"tags":[1111,11,1777,674,1011,27,12,2680,25,2850,104,2312],"class_list":{"0":"post-170786","1":"post","2":"type-post","3":"status-publish","4":"format-standard","5":"has-post-thumbnail","7":"category-toulouse","8":"tag-actu","9":"tag-actualites","10":"tag-eu","11":"tag-europe","12":"tag-fr","13":"tag-france","14":"tag-news","15":"tag-occitanie","16":"tag-republique-francaise","17":"tag-restaurants-de-toulouse","18":"tag-societe","19":"tag-toulouse"},"share_on_mastodon":{"url":"https:\/\/pubeurope.com\/@fr\/114670397227221403","error":""},"_links":{"self":[{"href":"https:\/\/www.europesays.com\/fr\/wp-json\/wp\/v2\/posts\/170786","targetHints":{"allow":["GET"]}}],"collection":[{"href":"https:\/\/www.europesays.com\/fr\/wp-json\/wp\/v2\/posts"}],"about":[{"href":"https:\/\/www.europesays.com\/fr\/wp-json\/wp\/v2\/types\/post"}],"author":[{"embeddable":true,"href":"https:\/\/www.europesays.com\/fr\/wp-json\/wp\/v2\/users\/2"}],"replies":[{"embeddable":true,"href":"https:\/\/www.europesays.com\/fr\/wp-json\/wp\/v2\/comments?post=170786"}],"version-history":[{"count":0,"href":"https:\/\/www.europesays.com\/fr\/wp-json\/wp\/v2\/posts\/170786\/revisions"}],"wp:featuredmedia":[{"embeddable":true,"href":"https:\/\/www.europesays.com\/fr\/wp-json\/wp\/v2\/media\/170787"}],"wp:attachment":[{"href":"https:\/\/www.europesays.com\/fr\/wp-json\/wp\/v2\/media?parent=170786"}],"wp:term":[{"taxonomy":"category","embeddable":true,"href":"https:\/\/www.europesays.com\/fr\/wp-json\/wp\/v2\/categories?post=170786"},{"taxonomy":"post_tag","embeddable":true,"href":"https:\/\/www.europesays.com\/fr\/wp-json\/wp\/v2\/tags?post=170786"}],"curies":[{"name":"wp","href":"https:\/\/api.w.org\/{rel}","templated":true}]}}