{"id":170799,"date":"2025-06-12T12:35:10","date_gmt":"2025-06-12T12:35:10","guid":{"rendered":"https:\/\/www.europesays.com\/fr\/170799\/"},"modified":"2025-06-12T12:35:10","modified_gmt":"2025-06-12T12:35:10","slug":"un-maire-de-lain-veut-retirer-de-sa-commune-les-panneaux-de-la-region-et-attaque-laurent-wauquiez","status":"publish","type":"post","link":"https:\/\/www.europesays.com\/fr\/170799\/","title":{"rendered":"un maire de l\u2019Ain veut retirer de sa commune les panneaux de la r\u00e9gion et attaque Laurent Wauquiez"},"content":{"rendered":"<p>Le maire de Saint-Bernard (Ain), au nord de Lyon a annonc\u00e9 son intention de retirer les petits panneaux impos\u00e9s par la r\u00e9gion dans le cadre du partenariat avec les communes.<\/p>\n<p class=\"fig-paragraph\">\u00abSans argent, j\u2019enl\u00e8ve les panneaux\u00bb. Le maire de la petite commune de Saint-Bernard (<a href=\"http:\/\/www.lefigaro.fr\/lyon\/ain-l-odeur-de-cannabis-met-les-douaniers-sur-la-piste-d-une-demi-tonne-de-drogue-cachee-dans-le-faux-plafond-d-une-remorque-20250604\" data-fig-type=\"NewsFlash\" data-gtm-custom-categorie=\"navigation\" data-gtm-custom-action=\"crossclick\" data-gtm-custom-label=\"Contextuel\" data-gtm-event=\"customEventSPE\" data-fig-domain=\"LEFIGARO\" rel=\"nofollow noopener\" target=\"_blank\">Ain<\/a>), situ\u00e9 \u00e0 25 kilom\u00e8tres au nord de\u00a0<a href=\"http:\/\/www.lefigaro.fr\/lyon\/serie-d-accidents-mortels-a-lyon-les-trottinettes-sont-elles-vraiment-plus-dangereuses-que-les-velos-20250611\" data-fig-type=\"NewsFlash\" data-gtm-custom-categorie=\"navigation\" data-gtm-custom-action=\"crossclick\" data-gtm-custom-label=\"Contextuel\" data-gtm-event=\"customEventSPE\" data-fig-domain=\"LEFIGARO\" rel=\"nofollow noopener\" target=\"_blank\">Lyon<\/a>\u00a0dans le\u00a0<a href=\"http:\/\/www.lefigaro.fr\/lyon\/lyon-une-nouvelle-ligne-de-transport-fluvial-sur-la-saone-baptisee-navigone-20240621\" data-fig-type=\"NewsFlash\" data-gtm-custom-categorie=\"navigation\" data-gtm-custom-action=\"crossclick\" data-gtm-custom-label=\"Contextuel\" data-gtm-event=\"customEventSPE\" data-fig-domain=\"LEFIGARO\" rel=\"nofollow noopener\" target=\"_blank\">val de Sa\u00f4ne<\/a>, est remont\u00e9 contre la r\u00e9gion. Son dossier d\u2019aide au financement de la requalification du centre-bourg a \u00e9t\u00e9 retoqu\u00e9 par la direction g\u00e9n\u00e9rale des services, selon une information du Progr\u00e8s confirm\u00e9e au\u00a0<a href=\"https:\/\/c.leprogres.fr\/faits-divers-justice\/2025\/06\/06\/en-colere-ce-maire-veut-rendre-ses-panneaux-a-la-region-auvergne-rhone-alpes\" target=\"_blank\" rel=\"nofollow noopener\" data-gtm-custom-categorie=\"navigation\" data-gtm-custom-action=\"crossclick\" data-gtm-custom-label=\"Contextuel\" data-gtm-event=\"customEventSPE\">Figaro<\/a> . Il avait d\u00e9j\u00e0 essuy\u00e9 un refus sur une autre demande, l\u2019an pass\u00e9. Face \u00e0 cette d\u00e9cision et aux arguments avanc\u00e9s par la r\u00e9gion, Bernard Rey (Agir) menace d\u00e9sormais de retirer les petits panneaux floqu\u00e9s du logo du conseil r\u00e9gional qui fleurissent dans les communes auralpines depuis 2015 et l\u2019\u00e9lection de\u00a0<a href=\"http:\/\/www.lefigaro.fr\/lyon\/laurent-wauquiez-demissionne-de-la-presidence-de-la-region-auvergne-rhone-alpes-20240823\" data-fig-type=\"Article\" data-gtm-custom-categorie=\"navigation\" data-gtm-custom-action=\"crossclick\" data-gtm-custom-label=\"Contextuel\" data-gtm-event=\"customEventSPE\" data-fig-domain=\"LEFIGARO\" rel=\"nofollow noopener\" target=\"_blank\">Laurent Waquiez<\/a>\u00a0(LR).<\/p>\n<p class=\"fig-paragraph\">\u00abQuand Laurent Wauquiez a mis en place cette convention avec les communes, il nous a dit de solliciter la r\u00e9gion pour des projets structurants, rejoue l\u2019ex-macroniste pass\u00e9 chez Agir en 2019. C\u2019est gonfl\u00e9 de dire \u201con va vous accompagner\u201d et d\u2019avoir ces r\u00e9ponses ensuite, alors que les finances des communes sont exsangues. Il n\u2019est que sur le discours, avec des effets d\u2019annonce sur lesquels il communique tr\u00e8s largement. Mais apr\u00e8s le temps des \u00e9lections, il y a le temps du travail\u00bb. Pour l\u2019heure le maire de Saint-Bernard pourra compter sur les subsides du d\u00e9partement de l\u2019Ain et de l\u2019\u00c9tat dans son projet de requalification du centre-ville.<\/p>\n<p class=\"fig-paragraph\">De son c\u00f4t\u00e9 la r\u00e9gion motive son refus en rappelant les crit\u00e8res de validation des dossiers, avec une \u00abpriorit\u00e9 donn\u00e9e aux communes qui font une premi\u00e8re demande\u00bb. \u00abCe n\u2019est pas le cas ici, puisqu\u2019au global, la commune de Saint-Bernard a b\u00e9n\u00e9fici\u00e9 de 128.729 euros de subventions r\u00e9gionales au titre des politiques territoriales\u00bb, pr\u00e9cise au Figaro l\u2019entourage du pr\u00e9sident de r\u00e9gion,\u00a0<a href=\"http:\/\/www.lefigaro.fr\/lyon\/savoyard-monsieur-jo-2030-qui-est-fabrice-pannekoucke-le-nouveau-president-d-auvergne-rhone-alpes-20240906\" data-fig-type=\"NewsFlash\" data-gtm-custom-categorie=\"navigation\" data-gtm-custom-action=\"crossclick\" data-gtm-custom-label=\"Contextuel\" data-gtm-event=\"customEventSPE\" data-fig-domain=\"LEFIGARO\" rel=\"nofollow noopener\" target=\"_blank\">Fabrice Pannekoucke<\/a>, successeur de Laurent Wauquiez depuis son \u00e9lection comme\u00a0<a href=\"http:\/\/www.lefigaro.fr\/lyon\/la-haute-loire-a-fait-entendre-sa-voix-en-haute-loire-laurent-wauquiez-en-tete-au-1er-tour-des-legislatives-20240630\" data-fig-type=\"NewsFlash\" data-gtm-custom-categorie=\"navigation\" data-gtm-custom-action=\"crossclick\" data-gtm-custom-label=\"Contextuel\" data-gtm-event=\"customEventSPE\" data-fig-domain=\"LEFIGARO\" rel=\"nofollow noopener\" target=\"_blank\">d\u00e9put\u00e9 de Haute-Loire<\/a>.<\/p>\n<p>\u00abSeigneur des panneaux\u00bb<\/p>\n<p class=\"fig-paragraph\">\u00abEffectivement, ce n\u2019est pas une premi\u00e8re demande, nous avions d\u00e9j\u00e0 eu 9000 euros pour l\u2019extension du skate park\u00a0!, fulmine Bernard Rey en retour. Et des toilettes municipales pour la salle municipale lors du dernier mandat, l\u00e0 pas de probl\u00e8me on laissera les panneaux de la r\u00e9gion\u00bb. Concernant la pose de ces panneaux justement, la r\u00e9gion pr\u00e9cise qu\u2019elle \u00abfait partie de la convention qui lie la R\u00e9gion \u00e0 la commune b\u00e9n\u00e9ficiaire\u00bb. Qui dit pr\u00e9sence de panneaux dit, donc, aide pass\u00e9e.<\/p>\n<p>    Depuis son \u00e9lection \u00e0 la t\u00eate de la r\u00e9gion en 2015, Laurent Wauquiez a pris l\u2019habitude d\u2019imposer l\u2019affichage de panneaux aux collectivit\u00e9s aid\u00e9s par la r\u00e9gion.<br \/>\n                Wikimedia\/Chabe01<\/p>\n<p class=\"fig-paragraph\">Depuis son \u00e9lection \u00e0 la t\u00eate de la r\u00e9gion en 2015, Laurent Wauquiez a pris l\u2019habitude d\u2019imposer l\u2019affichage de panneaux aux collectivit\u00e9s aid\u00e9s par la r\u00e9gion. Une fr\u00e9n\u00e9sie de pancartes en entr\u00e9es de communes frapp\u00e9es du nouveau logo Auvergne-Rh\u00f4ne-Alpes, qui lui a valu le surnom moqueur de \u00abseigneur des panneaux\u00bb de la part de l\u2019opposition de gauche. Fabrice Pannekoucke, le successeur de celui qui est toujours conseiller sp\u00e9cial et tr\u00e8s actif dans la r\u00e9gion a poursuivi sur la m\u00eame voie depuis son \u00e9lection en septembre 2024.<\/p>\n<p class=\"fig-body-link\">\n            \u00c0 lire aussi<br \/>\n        <a class=\"fig-body-link__link\" href=\"http:\/\/www.lefigaro.fr\/lyon\/un-observatoire-du-wauquisme-lance-par-l-opposition-ecologiste-a-la-region-auvergne-rhone-alpes-20240321\" data-fig-type=\"NewsFlash\" data-gtm-custom-categorie=\"navigation\" data-gtm-custom-action=\"crossclick\" data-gtm-custom-label=\"Contextuel\" data-gtm-event=\"customEventSPE\" data-fig-domain=\"LEFIGARO\" rel=\"nofollow noopener\" target=\"_blank\">Un \u00abobservatoire du Wauquisme\u00bb lanc\u00e9 par l&rsquo;opposition \u00e9cologiste \u00e0 la r\u00e9gion Auvergne-Rh\u00f4ne-Alpes<br \/>\n    <\/a>\n<\/p>\n<p class=\"fig-paragraph\">\u00abCes panneaux co\u00fbtent cher, d\u00e9nonce au passage Bernard Rey, plusieurs maires le disent, moi j\u2019en parle, mais il y en a d\u2019autres qui les ont retir\u00e9s. La r\u00e9gion demande de commencer par poser les panneaux, les cl\u00f4tures de chantier et d\u2019envoyer des photos pour avoir l\u2019argent. Moi je dis que sans argent il n\u2019y a pas de panneaux, je veux leur dire qu\u2019ils se sont foutus de nous\u00bb. Le d\u00e9but d\u2019une fronde\u00a0? Rien n\u2019est moins s\u00fbr dans ce d\u00e9partement tr\u00e8s ancr\u00e9 \u00e0 droite.<\/p>\n","protected":false},"excerpt":{"rendered":"Le maire de Saint-Bernard (Ain), au nord de Lyon a annonc\u00e9 son intention de retirer les petits panneaux&hellip;\n","protected":false},"author":2,"featured_media":170800,"comment_status":"","ping_status":"","sticky":false,"template":"","format":"standard","meta":{"footnotes":""},"categories":[1889],"tags":[1111,11,5273,2430,5299,5272,5312,5296,5285,1777,674,5293,1011,27,5303,5311,5301,5279,5275,5313,5276,5300,5302,5280,5298,5281,5306,5639,5305,5308,5309,5284,5294,5297,5269,5271,5268,5270,5267,2428,5295,5307,5277,5304,5283,12,978,5274,25,2431,5314,5288,5292,5289,5291,5290,5315,5282,5286,10522,5310,5287,5278],"class_list":{"0":"post-170799","1":"post","2":"type-post","3":"status-publish","4":"format-standard","5":"has-post-thumbnail","7":"category-lyon","8":"tag-actu","9":"tag-actualites","10":"tag-ainay","11":"tag-auvergne-rhone-alpes","12":"tag-bellecombe","13":"tag-bellecour","14":"tag-champvert-nord","15":"tag-champvert-sud","16":"tag-clos-jouve","17":"tag-eu","18":"tag-europe","19":"tag-fourviere","20":"tag-fr","21":"tag-france","22":"tag-gerland","23":"tag-gorge-de-loup","24":"tag-jean-mace","25":"tag-la-buire","26":"tag-la-confluence","27":"tag-la-duchere","28":"tag-la-guillotiere-nord-prefecture","29":"tag-la-guillotiere-sud","30":"tag-la-mouche","31":"tag-la-part-dieu","32":"tag-la-tete-dor","33":"tag-la-villette","34":"tag-laennec","35":"tag-laurent-wauquiez","36":"tag-le-bachut","37":"tag-le-grand-trou","38":"tag-le-moulin-a-vent","39":"tag-le-plateau-de-la-croix-rousse","40":"tag-le-point-du-jour","41":"tag-les-brotteaux","42":"tag-les-chartreux","43":"tag-les-cordeliers","44":"tag-les-pentes-de-la-croix-rousse","45":"tag-les-terreaux","46":"tag-les-traboules","47":"tag-lyon","48":"tag-menival","49":"tag-mermoz","50":"tag-moncey","51":"tag-monplaisir","52":"tag-montchat","53":"tag-news","54":"tag-olympique-lyonnais","55":"tag-perrache","56":"tag-republique-francaise","57":"tag-rhone-alpes","58":"tag-rochecardon-industrie","59":"tag-saint-georges","60":"tag-saint-irenee","61":"tag-saint-jean","62":"tag-saint-just","63":"tag-saint-paul","64":"tag-saint-rambert-lile-barbe","65":"tag-sans-souci-dauphine","66":"tag-serin-saint-charles","67":"tag-subventions","68":"tag-vaise","69":"tag-vieux-lyon","70":"tag-voltaire"},"share_on_mastodon":{"url":"","error":"Validation failed: Text character limit of 500 exceeded"},"_links":{"self":[{"href":"https:\/\/www.europesays.com\/fr\/wp-json\/wp\/v2\/posts\/170799","targetHints":{"allow":["GET"]}}],"collection":[{"href":"https:\/\/www.europesays.com\/fr\/wp-json\/wp\/v2\/posts"}],"about":[{"href":"https:\/\/www.europesays.com\/fr\/wp-json\/wp\/v2\/types\/post"}],"author":[{"embeddable":true,"href":"https:\/\/www.europesays.com\/fr\/wp-json\/wp\/v2\/users\/2"}],"replies":[{"embeddable":true,"href":"https:\/\/www.europesays.com\/fr\/wp-json\/wp\/v2\/comments?post=170799"}],"version-history":[{"count":0,"href":"https:\/\/www.europesays.com\/fr\/wp-json\/wp\/v2\/posts\/170799\/revisions"}],"wp:featuredmedia":[{"embeddable":true,"href":"https:\/\/www.europesays.com\/fr\/wp-json\/wp\/v2\/media\/170800"}],"wp:attachment":[{"href":"https:\/\/www.europesays.com\/fr\/wp-json\/wp\/v2\/media?parent=170799"}],"wp:term":[{"taxonomy":"category","embeddable":true,"href":"https:\/\/www.europesays.com\/fr\/wp-json\/wp\/v2\/categories?post=170799"},{"taxonomy":"post_tag","embeddable":true,"href":"https:\/\/www.europesays.com\/fr\/wp-json\/wp\/v2\/tags?post=170799"}],"curies":[{"name":"wp","href":"https:\/\/api.w.org\/{rel}","templated":true}]}}