{"id":170805,"date":"2025-06-12T12:39:09","date_gmt":"2025-06-12T12:39:09","guid":{"rendered":"https:\/\/www.europesays.com\/fr\/170805\/"},"modified":"2025-06-12T12:39:09","modified_gmt":"2025-06-12T12:39:09","slug":"massy-sengage-dans-un-duel-pour-accueillir-le-futur-stade-du-psg","status":"publish","type":"post","link":"https:\/\/www.europesays.com\/fr\/170805\/","title":{"rendered":"Massy s&rsquo;engage dans un duel pour accueillir le futur stade du PSG"},"content":{"rendered":"<p>            Par<br \/>\n        <strong><br \/>\n            <a href=\"https:\/\/actu.fr\/auteur\/glenn-gillet\" title=\"Consulter tous les articles de Glenn Gillet\" rel=\"nofollow noopener\" target=\"_blank\">Glenn Gillet<\/a><br \/>\n        <\/strong><\/p>\n<p>        Publi\u00e9 le<\/p>\n<p>            12 juin 2025 \u00e0 13h38        <\/p>\n<p>C\u2019est avec la sobri\u00e9t\u00e9 qu\u2019on lui conna\u00eet sur le sujet que la mairie de <strong>Massy<\/strong> a communiqu\u00e9 sur la <strong>d\u00e9cision<\/strong> du <a href=\"https:\/\/actu.fr\/tag\/paris-saint-germain-psg\" rel=\"nofollow noopener\" target=\"_blank\">PSG<\/a>. Le club de la capitale a <a href=\"https:\/\/actu.fr\/ile-de-france\/paris_75056\/depart-du-psg-du-parc-des-princes-les-deux-villes-selectionnees-par-le-club-pour-son-futur-stade_62753708.html\" rel=\"nofollow noopener\" target=\"_blank\">annonc\u00e9 ce mardi 10\u00a0juin 2025 avoir s\u00e9lectionn\u00e9<\/a> la troisi\u00e8me ville la plus peupl\u00e9e de l\u2019Essonne (plus de 50\u2009000\u00a0habitants en 2021) mais aussi <strong>Poissy<\/strong>, dans les Yvelines, pour \u00ab\u2009<strong>poursuivre ses \u00e9tudes exploratoires<\/strong>\u2009\u00bb en lien avec son <a href=\"https:\/\/actu.fr\/ile-de-france\/ris-orangis_91521\/nouveau-stade-psg-en-essonne-ris-orangis-montre-ses-atouts-pour-accueillir-le-club_62638547.html\" rel=\"nofollow noopener\" target=\"_blank\">projet de futur stade<\/a> hors de Paris. \u00ab\u2009Cette annonce est une <strong>fiert\u00e9<\/strong> pour Massy\u2009; elle t\u00e9moigne du dynamisme sportif et \u00e9conomique de notre ville\u2009\u00bb, a r\u00e9agi la municipalit\u00e9.<\/p>\n<p>Des nombreux atouts<\/p>\n<p class=\" wall-content\">Les dirigeants du club champion d\u2019Europe ont salu\u00e9 \u00ab\u2009la qualit\u00e9 de la <strong>desserte multimodale<\/strong> de Massy, connect\u00e9e \u00e0 Paris, \u00e0 l\u2019\u00cele-de-France\u2009\u00bb par les RER B et C, tram T12, le transilien V et bient\u00f4t la ligne 18 du m\u00e9tro du Grand Paris Express, ainsi qu\u2019\u00ab\u2009aux grandes m\u00e9tropoles fran\u00e7aises et aux capitales europ\u00e9ennes\u2009\u00bb par les autoroutes A6, A10 et par le TGV. Ces acc\u00e8s pl\u00e9thoriques en transports en commun \u00ab\u2009ont constitu\u00e9 un <strong>crit\u00e8re d\u00e9terminan<\/strong>t dans l\u2019analyse\u2009\u00bb, pr\u00e9cise le club, soulignant par ailleurs que \u00ab\u2009ce territoire pr\u00e9sente en outre un fort potentiel de d\u00e9veloppement urbain et \u00e9conomique, en lien avec le p\u00f4le scientifique de Saclay\u2009\u00bb.<\/p>\n<p class=\" wall-content\">Autant d\u2019atouts qui ont permis \u00e0 Massy de se d\u00e9marquer d\u2019autres villes candidates, notamment <strong>l\u2019autre Essonnienne, Ris-Orangis<\/strong>, mais aussi Saint-Quentin-en-Yvelines ou encore Aulnay-sous-Bois.<\/p>\n<p class=\" wall-content\">Au sein de la ville, c\u2019est pr\u00e9cis\u00e9ment la <strong>zone artisanale et commerciale de la Tuilerie<\/strong> qui int\u00e9resse les dirigeants du PSG. Plus 20 hectares de terrain notamment occup\u00e9s par une galerie commerciale d\u00e9su\u00e8te, qui faisait d\u00e9j\u00e0 l\u2019objet d\u2019un projet de r\u00e9habilitation.<\/p>\n<p class=\" wall-content\">Ce site et celui retenu \u00e0 Poissy, \u00ab\u2009avaient d\u00e9j\u00e0 envisag\u00e9 de travailler \u00e0 la reconfiguration de leurs activit\u00e9s, souhaitaient pouvoir accueillir un projet de territoire et sont artificialis\u00e9s ce qui constitue un crit\u00e8re cl\u00e9 pour le Paris Saint-Germain\u2009\u00bb, souligne le club, qui a act\u00e9 sa volont\u00e9 de quitter son jardin du Parc des Princes suite \u00e0 des <strong>d\u00e9saccords avec la mairie de Paris<\/strong>, notamment sur la possibilit\u00e9 de racheter le site, actuellement propri\u00e9t\u00e9 municipale.<\/p>\n<p>Vid\u00e9os : en ce moment sur Actu<\/p>\n<p class=\" wall-content\">\u00ab\u2009Il s\u2019agit d\u00e9sormais pour le PSG de mener les \u00e9tudes n\u00e9cessaires pour concevoir un projet \u00e0 la hauteur de ses ambitions sportives, mais aussi \u00e0 la hauteur des ambitions de la Ville en mati\u00e8re d\u2019am\u00e9nagement urbain et de <strong>qualit\u00e9 de vie<\/strong> des Massicois\u2009\u00bb, explique la municipalit\u00e9 dans un communiqu\u00e9 publi\u00e9 mercredi.<\/p>\n<p>La mairie promet une \u00ab\u2009concertation tr\u00e8s approfondie\u2009\u00bb avec les habitants<\/p>\n<p class=\" wall-content\">La question de l\u2019acceptabilit\u00e9 du projet par la population s\u2019av\u00e8re en effet crucial\u2009: compliqu\u00e9 d\u2019accueillir un des plus grands stades d\u2019Europe si les habitants n\u2019en veulent pas, que ce soit pour des raisons de <strong>nuisances diverses<\/strong> li\u00e9es \u00e0 la construction de l\u2019infrastructure o\u00f9 \u00e0 son exploitation (bruit les soirs de matchs, congestion des axes de transport, gestion de la foule, risques de d\u00e9bordements \u00e0 l\u2019image des <a href=\"https:\/\/actu.fr\/ile-de-france\/paris_75056\/un-mort-des-violences-des-blesses-des-magasins-pilles-lourd-bilan-a-paris-apres-la-victoire-du-psg_62713482.html\" rel=\"nofollow noopener\" target=\"_blank\">d\u00e9gradations apr\u00e8s le sacre en Ligue des Champions<\/a>).<\/p>\n<p class=\" wall-content\">Dans un communiqu\u00e9, le groupe d\u2019opposition municipale de gauche Nous Sommes Massy d\u00e9nonce un projet qui avance \u00ab\u2009sans prise en compte des habitants\u2009\u00bb et interroge \u00ab\u2009la pertinence m\u00eame d\u2019un projet de stade <strong>surdimensionn\u00e9 pour Massy\u2009<\/strong>\u00bb. Le groupe porte depuis plusieurs mois l\u2019id\u00e9e d\u2019organiser un <strong>r\u00e9f\u00e9rendum local<\/strong> qui permettrait aux Massicois de donner leur avis sur l\u2019installation du stade.<\/p>\n<p class=\" wall-content\">La municipalit\u00e9 a organis\u00e9 le 17\u00a0mai une premi\u00e8re r\u00e9union publique afin d\u2019\u00e9voquer l\u2019accueil du futur du stade du PSG. Ce mardi, le maire Nicolas Samsoen (UDI) a affirm\u00e9 qu\u2019\u00ab\u2009un projet de cette ampleur sera une r\u00e9ussite s\u2019il est con\u00e7u d\u00e8s le d\u00e9part avec les Massicoises et Massicois. Il se r\u00e9alisera en \u00e9tant une opportunit\u00e9 pour le territoire et celles et ceux qui l\u2019habitent. Cela suppose de prendre le temps d\u2019une concertation tr\u00e8s approfondie, pour <strong>r\u00e9pondre aux interrogations l\u00e9gitimes des habitants<\/strong> et d\u2019imaginer un projet respectueux de leur cadre de vie\u2009\u00bb.<\/p>\n<p class=\" wall-content\">Les modalit\u00e9s de cette concertation n\u2019ont pas \u00e9t\u00e9 <strong>communiqu\u00e9es<\/strong> \u00e0 ce stade. Contact\u00e9e par Actu Essonne pour obtenir des pr\u00e9cisions \u00e0 ce sujet, la mairie de Massy n\u2019a pas donn\u00e9 suite \u00e0 notre sollicitation.<\/p>\n<p class=\" wall-content\">Suivez toute l\u2019actualit\u00e9 de vos villes et m\u00e9dias favoris en vous inscrivant \u00e0 <a href=\"https:\/\/moncompte.actu.fr\" title=\"D\u00e9couvez Mon Actu\" rel=\"nofollow noopener\" data-trk=\"{&quot;cta&quot;:{&quot;action&quot;:&quot;https:\\\/\\\/moncompte.actu.fr&quot;,&quot;category&quot;:&quot;mon compte&quot;,&quot;from&quot;:&quot;article footer&quot;,&quot;name&quot;:&quot;Mon actu&quot;,&quot;type&quot;:&quot;cta&quot;}}\" target=\"_blank\">Mon Actu<\/a>.<\/p>\n","protected":false},"excerpt":{"rendered":"Par Glenn Gillet Publi\u00e9 le 12 juin 2025 \u00e0 13h38 C\u2019est avec la sobri\u00e9t\u00e9 qu\u2019on lui conna\u00eet sur&hellip;\n","protected":false},"author":2,"featured_media":170806,"comment_status":"","ping_status":"","sticky":false,"template":"","format":"standard","meta":{"footnotes":""},"categories":[1888],"tags":[1111,1928,11,1927,1777,674,63,1011,27,10118,12,1926,626,1925,2332,25,517,60],"class_list":{"0":"post-170805","1":"post","2":"type-post","3":"status-publish","4":"format-standard","5":"has-post-thumbnail","7":"category-paris","8":"tag-actu","9":"tag-actu-paris","10":"tag-actualites","11":"tag-actualites-paris","12":"tag-eu","13":"tag-europe","14":"tag-football","15":"tag-fr","16":"tag-france","17":"tag-massy","18":"tag-news","19":"tag-news-paris","20":"tag-paris","21":"tag-paris-news","22":"tag-paris-saint-germain-psg","23":"tag-republique-francaise","24":"tag-sport","25":"tag-sports"},"share_on_mastodon":{"url":"https:\/\/pubeurope.com\/@fr\/114670440600135088","error":""},"_links":{"self":[{"href":"https:\/\/www.europesays.com\/fr\/wp-json\/wp\/v2\/posts\/170805","targetHints":{"allow":["GET"]}}],"collection":[{"href":"https:\/\/www.europesays.com\/fr\/wp-json\/wp\/v2\/posts"}],"about":[{"href":"https:\/\/www.europesays.com\/fr\/wp-json\/wp\/v2\/types\/post"}],"author":[{"embeddable":true,"href":"https:\/\/www.europesays.com\/fr\/wp-json\/wp\/v2\/users\/2"}],"replies":[{"embeddable":true,"href":"https:\/\/www.europesays.com\/fr\/wp-json\/wp\/v2\/comments?post=170805"}],"version-history":[{"count":0,"href":"https:\/\/www.europesays.com\/fr\/wp-json\/wp\/v2\/posts\/170805\/revisions"}],"wp:featuredmedia":[{"embeddable":true,"href":"https:\/\/www.europesays.com\/fr\/wp-json\/wp\/v2\/media\/170806"}],"wp:attachment":[{"href":"https:\/\/www.europesays.com\/fr\/wp-json\/wp\/v2\/media?parent=170805"}],"wp:term":[{"taxonomy":"category","embeddable":true,"href":"https:\/\/www.europesays.com\/fr\/wp-json\/wp\/v2\/categories?post=170805"},{"taxonomy":"post_tag","embeddable":true,"href":"https:\/\/www.europesays.com\/fr\/wp-json\/wp\/v2\/tags?post=170805"}],"curies":[{"name":"wp","href":"https:\/\/api.w.org\/{rel}","templated":true}]}}