{"id":170817,"date":"2025-06-12T12:45:14","date_gmt":"2025-06-12T12:45:14","guid":{"rendered":"https:\/\/www.europesays.com\/fr\/170817\/"},"modified":"2025-06-12T12:45:14","modified_gmt":"2025-06-12T12:45:14","slug":"etats-unis-apres-des-tensions-elon-musk-et-donald-trump-semblent-apaiser-le-jeu-linfo-re","status":"publish","type":"post","link":"https:\/\/www.europesays.com\/fr\/170817\/","title":{"rendered":"\u00c9tats-Unis : apr\u00e8s des tensions, Elon Musk et Donald Trump semblent apaiser le jeu &#8211; LINFO.re"},"content":{"rendered":"<p>Elon Musk reconna\u00eet avoir d\u00e9pass\u00e9 les bornes dans ses critiques contre Donald Trump. Sa prise de recul a \u00e9t\u00e9 salu\u00e9e par la Maison-Blanche.<\/p>\n<p>\t\t\t\t\t\t<strong>Elon Musk a claqu\u00e9 la porte de la Maison-Blanche<\/strong><\/p>\n<p>Le 28 mai, apr\u00e8s seulement 130 jours pass\u00e9s \u00e0 la Maison-Blanche, <a href=\"https:\/\/www.linfo.re\/tags\/elon-musk\" target=\"_blank\" rel=\"noopener\"><strong>Elon Musk<\/strong><\/a> a quitt\u00e9 son r\u00f4le de chef du d\u00e9partement de l\u2019efficacit\u00e9 gouvernementale. Il avait pour mission de r\u00e9duire les d\u00e9penses publiques, mais les r\u00e9sultats sont rest\u00e9s mitig\u00e9s. Peu apr\u00e8s son d\u00e9part, il a vivement critiqu\u00e9 <a href=\"https:\/\/www.linfo.re\/tags\/donald-trump\" target=\"_blank\" rel=\"noopener\"><strong>Donald Trump<\/strong><\/a>, <a href=\"https:\/\/www.linfo.re\/monde\/amerique\/etats-unis-elon-musk-s-insurge-contre-le-projet-de-loi-budgetaire-de-donald-trump\" target=\"_blank\" rel=\"noopener\">qualifiant son projet de loi budg\u00e9taire d\u2019\u00a0\u00bbabomination r\u00e9pugnante\u00a0\u00bb<\/a>. Cette attaque a d\u00e9clench\u00e9 <a href=\"https:\/\/www.linfo.re\/monde\/amerique\/entre-attaques-personnelles-et-sous-entendus-la-tension-monte-entre-elon-musk-et-donald-trump\" target=\"_blank\" rel=\"noopener\">un \u00e9change public tendu entre les deux hommes<\/a>, marquant une rupture dans leur relation.<\/p>\n<p><strong>Le milliardaire am\u00e9ricain reconna\u00eet avoir d\u00e9pass\u00e9 les bornes<\/strong><\/p>\n<p>Apr\u00e8s plusieurs attaques virulentes, <a href=\"https:\/\/www.linfo.re\/monde\/amerique\/elon-musk-revient-sur-ses-propos-et-presente-ses-excuses-a-donald-trump\" target=\"_blank\" rel=\"noopener\"><strong>Elon Musk<\/strong> est revenu sur ses propos<\/a>, admettant avoir franchi la ligne. \u00ab\u00a0Je regrette certains de mes messages sur le pr\u00e9sident&#8230; la semaine derni\u00e8re. Ils sont all\u00e9s trop loin\u00a0\u00bb, a-t-il \u00e9crit mercredi sur le r\u00e9seau X. Tr\u00e8s impliqu\u00e9 dans la r\u00e9cente campagne de <strong>Donald Trump<\/strong>, Musk n\u2019a en revanche pas pr\u00e9cis\u00e9 quels messages il visait exactement.<\/p>\n<p><strong>Le point final au clash entre Donald Trump et Elon Musk\u00a0?<\/strong><\/p>\n<p>Ce revirement de ton marque un tournant dans les relations entre <strong>Elon Musk<\/strong> et <strong>Donald Trump<\/strong>. La Maison-Blanche n\u2019a pas tard\u00e9 \u00e0 r\u00e9agir \u00e0 ce mea culpa. Le mercredi 11 juin, sa porte-parole, Karoline Leavitt, a indiqu\u00e9 que le pr\u00e9sident avait pris connaissance du communiqu\u00e9 de M.\u00a0Musk et en \u00e9tait \u00ab\u00a0reconnaissant\u00a0\u00bb. Elle a \u00e9galement pr\u00e9cis\u00e9 qu\u2019aucun audit n\u2019\u00e9tait en cours sur les contrats liant les entreprises du milliardaire \u00e0 l\u2019\u00c9tat f\u00e9d\u00e9ral.<\/p>\n<p>Sources\u00a0: RTL, 20 Minutes, Lib\u00e9ration\u00a0<\/p>\n","protected":false},"excerpt":{"rendered":"Elon Musk reconna\u00eet avoir d\u00e9pass\u00e9 les bornes dans ses critiques contre Donald Trump. Sa prise de recul a&hellip;\n","protected":false},"author":2,"featured_media":170818,"comment_status":"","ping_status":"","sticky":false,"template":"","format":"standard","meta":{"footnotes":""},"categories":[1589],"tags":[47,11,4707,75,46,73,1866,1922,74,12,1864,1865,1863,308],"class_list":{"0":"post-170817","1":"post","2":"type-post","3":"status-publish","4":"format-standard","5":"has-post-thumbnail","7":"category-etats-unis","8":"tag-actualite","9":"tag-actualites","10":"tag-amerique","11":"tag-donald-trump","12":"tag-elon-musk","13":"tag-etats-unis","14":"tag-etats-unis-damerique","15":"tag-info","16":"tag-monde","17":"tag-news","18":"tag-united-states","19":"tag-united-states-of-america","20":"tag-us","21":"tag-usa"},"share_on_mastodon":{"url":"https:\/\/pubeurope.com\/@fr\/114670464236506081","error":""},"_links":{"self":[{"href":"https:\/\/www.europesays.com\/fr\/wp-json\/wp\/v2\/posts\/170817","targetHints":{"allow":["GET"]}}],"collection":[{"href":"https:\/\/www.europesays.com\/fr\/wp-json\/wp\/v2\/posts"}],"about":[{"href":"https:\/\/www.europesays.com\/fr\/wp-json\/wp\/v2\/types\/post"}],"author":[{"embeddable":true,"href":"https:\/\/www.europesays.com\/fr\/wp-json\/wp\/v2\/users\/2"}],"replies":[{"embeddable":true,"href":"https:\/\/www.europesays.com\/fr\/wp-json\/wp\/v2\/comments?post=170817"}],"version-history":[{"count":0,"href":"https:\/\/www.europesays.com\/fr\/wp-json\/wp\/v2\/posts\/170817\/revisions"}],"wp:featuredmedia":[{"embeddable":true,"href":"https:\/\/www.europesays.com\/fr\/wp-json\/wp\/v2\/media\/170818"}],"wp:attachment":[{"href":"https:\/\/www.europesays.com\/fr\/wp-json\/wp\/v2\/media?parent=170817"}],"wp:term":[{"taxonomy":"category","embeddable":true,"href":"https:\/\/www.europesays.com\/fr\/wp-json\/wp\/v2\/categories?post=170817"},{"taxonomy":"post_tag","embeddable":true,"href":"https:\/\/www.europesays.com\/fr\/wp-json\/wp\/v2\/tags?post=170817"}],"curies":[{"name":"wp","href":"https:\/\/api.w.org\/{rel}","templated":true}]}}