{"id":170824,"date":"2025-06-12T12:49:10","date_gmt":"2025-06-12T12:49:10","guid":{"rendered":"https:\/\/www.europesays.com\/fr\/170824\/"},"modified":"2025-06-12T12:49:10","modified_gmt":"2025-06-12T12:49:10","slug":"les-menaces-de-lewandowski-ont-eu-raison-du-selectionneur-polonais-international-pologne","status":"publish","type":"post","link":"https:\/\/www.europesays.com\/fr\/170824\/","title":{"rendered":"Les menaces de Lewandowski ont eu raison du s\u00e9lectionneur polonais &#8211; International &#8211; Pologne"},"content":{"rendered":"<p>D\u00e9saprobierz.<\/p>\n<p>Alors que le torchon br\u00fblait entre Micha\u0142 Probierz et Robert Lewandowski, <strong>le second a finalement eu raison du premier<\/strong>. Le coach avait d\u00e9cid\u00e9 dimanche de lui retirer le brassard, <a target=\"_blank\" href=\"https:\/\/www.sofoot.com\/breves\/robert-lewandowski-met-en-pause-sa-carriere-internationale-pour-protester-contre-le-selectionneur\" rel=\"nofollow noopener\">poussant l\u2019attaquant du Bar\u00e7a \u00e0 claquer la porte<\/a>. \u00ab\u202fJe ne jouerai plus en s\u00e9lection tant que Probierz sera en poste\u202f\u00bb, avait lanc\u00e9 le 9 sur X.<\/p>\n<p>Et ce jeudi, patatras. <strong>L\u2019entra\u00eeneur de 52 ans a d\u00e9missionn\u00e9<\/strong>, <a target=\"_blank\" href=\"https:\/\/www.pzpn.pl\/federacja\/aktualnosci\/2025-06-12\/oswiadczenie-selekcjonera-michala-probierza\" rel=\"nofollow noopener\">comme indiqu\u00e9 sur le site de la s\u00e9lection<\/a>, deux jours apr\u00e8s une d\u00e9faite 2-1 contre la Finlande en \u00e9liminatoires du Mondial 2026. Ce revers laisse les Polonais \u00e0 la troisi\u00e8me place du groupe G.<\/p>\n<p>Une d\u00e9cision \u00e9trange alors que le groupe semblait valider les choix de son coach<\/p>\n<p>Lewandowski, malgr\u00e9 ses 36 ans, reste un joueur qui compte pour cette s\u00e9lection avec ses 158 capes et 85 buts avec les Aigles. Pourtant, son statut semblait vaciller alors que <a target=\"_blank\" href=\"https:\/\/www.sofoot.com\/breves\/en-guerre-contre-robert-lewandowski-le-selectionneur-polonais-michal-probierz-est-soutenu-par-ses-joueurs\" rel=\"nofollow noopener\">ses co\u00e9quipiers auraient grandement salu\u00e9 le choix de Probierz de l\u2019\u00e9carter du port du brassard<\/a>, selon les m\u00e9dias polonais. De quoi <strong>questionner sur l\u2019ambiance g\u00e9n\u00e9rale<\/strong> au sein des Bia\u0142o-czerwoni.<\/p>\n<p>L\u2019ancien milieu de terrain devenu entra\u00eeneur avait pris la t\u00eate de son pays en 2023 et aura tenu 21 matchs \u00e0 la t\u00eate des Blanc et Rouge, pour 10 victoires, 4 nuls et 7 d\u00e9faites. Son Euro 2024 s\u2019\u00e9tait d\u00e9j\u00e0 arr\u00eat\u00e9 d\u00e8s les phases de poules. Dans un message d\u2019adieu publi\u00e9 sur les r\u00e9seaux, <strong>il a parl\u00e9 d\u2019un \u00ab\u202fchoix difficile mais n\u00e9cessaire pour le bien de la s\u00e9lection\u202f\u00bb<\/strong>.<\/p>\n<p>Un mea-culpa bien \u00e9trange.<\/p>\n<p>\t\t\t\t\t\t\t\t\t\t<a class=\"lien-connexe\" href=\"https:\/\/www.sofoot.com\/breves\/euro-espoirs-litalie-et-la-georgie-reussissent-leur-entree-en-lice\" rel=\"nofollow noopener\" target=\"_blank\">Euro espoirs\u202f: L\u2019Italie et la G\u00e9orgie r\u00e9ussissent leur entr\u00e9e en lice<\/a>\t\t\t\t\t<\/p>\n","protected":false},"excerpt":{"rendered":"D\u00e9saprobierz. Alors que le torchon br\u00fblait entre Micha\u0142 Probierz et Robert Lewandowski, le second a finalement eu raison&hellip;\n","protected":false},"author":2,"featured_media":170825,"comment_status":"","ping_status":"","sticky":false,"template":"","format":"standard","meta":{"footnotes":""},"categories":[1586],"tags":[47,11,61,69,65,64,1777,674,1779,63,1011,27,68,66,12,62,70,25,67,1778,364],"class_list":{"0":"post-170824","1":"post","2":"type-post","3":"status-publish","4":"format-standard","5":"has-post-thumbnail","7":"category-europe","8":"tag-actualite","9":"tag-actualites","10":"tag-actus-football","11":"tag-bundesliga","12":"tag-championnats-europeens","13":"tag-equipe-de-france","14":"tag-eu","15":"tag-europe","16":"tag-european-union","17":"tag-football","18":"tag-fr","19":"tag-france","20":"tag-ligua","21":"tag-ligue-1","22":"tag-news","23":"tag-news-foot","24":"tag-premier-league","25":"tag-republique-francaise","26":"tag-serie-a","27":"tag-ue","28":"tag-union-europeenne"},"share_on_mastodon":{"url":"https:\/\/pubeurope.com\/@fr\/114670479876659991","error":""},"_links":{"self":[{"href":"https:\/\/www.europesays.com\/fr\/wp-json\/wp\/v2\/posts\/170824","targetHints":{"allow":["GET"]}}],"collection":[{"href":"https:\/\/www.europesays.com\/fr\/wp-json\/wp\/v2\/posts"}],"about":[{"href":"https:\/\/www.europesays.com\/fr\/wp-json\/wp\/v2\/types\/post"}],"author":[{"embeddable":true,"href":"https:\/\/www.europesays.com\/fr\/wp-json\/wp\/v2\/users\/2"}],"replies":[{"embeddable":true,"href":"https:\/\/www.europesays.com\/fr\/wp-json\/wp\/v2\/comments?post=170824"}],"version-history":[{"count":0,"href":"https:\/\/www.europesays.com\/fr\/wp-json\/wp\/v2\/posts\/170824\/revisions"}],"wp:featuredmedia":[{"embeddable":true,"href":"https:\/\/www.europesays.com\/fr\/wp-json\/wp\/v2\/media\/170825"}],"wp:attachment":[{"href":"https:\/\/www.europesays.com\/fr\/wp-json\/wp\/v2\/media?parent=170824"}],"wp:term":[{"taxonomy":"category","embeddable":true,"href":"https:\/\/www.europesays.com\/fr\/wp-json\/wp\/v2\/categories?post=170824"},{"taxonomy":"post_tag","embeddable":true,"href":"https:\/\/www.europesays.com\/fr\/wp-json\/wp\/v2\/tags?post=170824"}],"curies":[{"name":"wp","href":"https:\/\/api.w.org\/{rel}","templated":true}]}}