{"id":170826,"date":"2025-06-12T12:50:12","date_gmt":"2025-06-12T12:50:12","guid":{"rendered":"https:\/\/www.europesays.com\/fr\/170826\/"},"modified":"2025-06-12T12:50:12","modified_gmt":"2025-06-12T12:50:12","slug":"le-pere-de-famille-filme-par-la-camera-du-chalet-du-sire","status":"publish","type":"post","link":"https:\/\/www.europesays.com\/fr\/170826\/","title":{"rendered":"le p\u00e8re de famille film\u00e9 par la cam\u00e9ra du Chalet du Sire"},"content":{"rendered":"<p>L\u2019enqu\u00eate progresse en ce qui concerne <a href=\"https:\/\/www.ledauphine.com\/faits-divers-justice\/2025\/06\/11\/on-garde-espoir-mais-c-est-tres-dur-malgre-l-angoisse-les-proches-de-vincent-prat-toujours-mobilises\" target=\"_blank\" rel=\"noopener\">la disparition de Vincent Prat.<\/a> Le p\u00e8re de famille, originaire de Lyon, a \u00e9t\u00e9 film\u00e9 par la cam\u00e9ra du Chalet du Sire, lundi 9\u00a0juin \u00e0 15 h 45.<\/p>\n<p>On peut voir qu\u2019il porte un short noir, un t-shirt blanc, une casquette blanche et rouge, ainsi qu\u2019un sac de trail. Les recherches sont donc focalis\u00e9es sur ce secteur. Une quarantaine d\u2019amis et de membres de la famille sont sur place pour \u00e9pauler les gendarmes.<\/p>\n<p>Autre \u00e9l\u00e9ment de taille, l\u2019homme de 43 ans a t\u00e9l\u00e9charg\u00e9 le parcours du trail Nivolet\/Revard sur sa montre connect\u00e9e peu avant son d\u00e9part. Un parcours de 52 kilom\u00e8tres qui passe par le Chalet du Sire.<\/p>\n<p>Ce contenu est bloqu\u00e9 car vous n&rsquo;avez pas accept\u00e9 les cookies et autres traceurs.<\/p>\n<p>En cliquant sur \u00ab J\u2019accepte \u00bb, les cookies et autres traceurs seront d\u00e9pos\u00e9s et vous pourrez visualiser les contenus  (<a href=\"\" class=\"consentModule_policy\" target=\"_blank\" title=\"Consulter la politique de protection des donn\u00e9es du fournisseur\">plus d&rsquo;informations<\/a>).<\/p>\n<p>En cliquant sur \u00ab J\u2019accepte tous les cookies \u00bb, vous autorisez des d\u00e9p\u00f4ts de cookies et autres traceurs pour le stockage de vos donn\u00e9es sur nos sites et applications \u00e0 des fins de personnalisation et de ciblage publicitaire.<\/p>\n<p class=\"consentModule_secondaryText\">Vous gardez la possibilit\u00e9 de retirer votre consentement \u00e0 tout moment en consultant notre <a href=\"https:\/\/www.ledauphine.com\/protection-des-donnees\" target=\"_blank\" title=\"Consulter notre politique de protection des donn\u00e9es\" rel=\"noopener\">politique de protection des donn\u00e9es<\/a>. <br \/>&#13;<br \/>\n            <a href=\"https:\/\/www.ledauphine.com\/faits-divers-justice\/2025\/06\/12\/javascript:Didomi.notice.show()\" class=\"consentModule_cmp\" target=\"_blank\" rel=\"noopener\">G\u00e9rer mes choix<\/a>&#13;\n        <\/p>\n<p>&#13;<br \/>\n                        J&rsquo;accepte&#13;<br \/>\n            J&rsquo;accepte tous les cookies&#13;\n        <\/p>\n<p>Pour rappel, Vincent Prat, parti randonner seul le lundi de Pentec\u00f4te depuis M\u00e9ry d\u00e8s 9h du matin, n\u2019a plus donn\u00e9 signe de vie depuis plus de 72 heures. Il est de corpulence athl\u00e9tique, mesure 1 m 90 et a les cheveux blonds. Si vous disposez d\u2019informations, contactez imm\u00e9diatement le 17.<\/p>\n","protected":false},"excerpt":{"rendered":"L\u2019enqu\u00eate progresse en ce qui concerne la disparition de Vincent Prat. Le p\u00e8re de famille, originaire de Lyon,&hellip;\n","protected":false},"author":2,"featured_media":170827,"comment_status":"","ping_status":"","sticky":false,"template":"","format":"standard","meta":{"footnotes":""},"categories":[2],"tags":[11,5509,3676,7001,274,107,1011,27,30536,12,25,5508],"class_list":{"0":"post-170826","1":"post","2":"type-post","3":"status-publish","4":"format-standard","5":"has-post-thumbnail","7":"category-actualites","8":"tag-actualites","9":"tag-chambery","10":"tag-disparition-inquietante","11":"tag-edition-chambery-aix-les-bains","12":"tag-faits-divers-justice","13":"tag-fil-info","14":"tag-fr","15":"tag-france","16":"tag-les-deserts","17":"tag-news","18":"tag-republique-francaise","19":"tag-savoie"},"share_on_mastodon":{"url":"https:\/\/pubeurope.com\/@fr\/114670483765712061","error":""},"_links":{"self":[{"href":"https:\/\/www.europesays.com\/fr\/wp-json\/wp\/v2\/posts\/170826","targetHints":{"allow":["GET"]}}],"collection":[{"href":"https:\/\/www.europesays.com\/fr\/wp-json\/wp\/v2\/posts"}],"about":[{"href":"https:\/\/www.europesays.com\/fr\/wp-json\/wp\/v2\/types\/post"}],"author":[{"embeddable":true,"href":"https:\/\/www.europesays.com\/fr\/wp-json\/wp\/v2\/users\/2"}],"replies":[{"embeddable":true,"href":"https:\/\/www.europesays.com\/fr\/wp-json\/wp\/v2\/comments?post=170826"}],"version-history":[{"count":0,"href":"https:\/\/www.europesays.com\/fr\/wp-json\/wp\/v2\/posts\/170826\/revisions"}],"wp:featuredmedia":[{"embeddable":true,"href":"https:\/\/www.europesays.com\/fr\/wp-json\/wp\/v2\/media\/170827"}],"wp:attachment":[{"href":"https:\/\/www.europesays.com\/fr\/wp-json\/wp\/v2\/media?parent=170826"}],"wp:term":[{"taxonomy":"category","embeddable":true,"href":"https:\/\/www.europesays.com\/fr\/wp-json\/wp\/v2\/categories?post=170826"},{"taxonomy":"post_tag","embeddable":true,"href":"https:\/\/www.europesays.com\/fr\/wp-json\/wp\/v2\/tags?post=170826"}],"curies":[{"name":"wp","href":"https:\/\/api.w.org\/{rel}","templated":true}]}}