{"id":170828,"date":"2025-06-12T12:51:10","date_gmt":"2025-06-12T12:51:10","guid":{"rendered":"https:\/\/www.europesays.com\/fr\/170828\/"},"modified":"2025-06-12T12:51:10","modified_gmt":"2025-06-12T12:51:10","slug":"le-terrible-accident-dune-candidate-de-secret-story","status":"publish","type":"post","link":"https:\/\/www.europesays.com\/fr\/170828\/","title":{"rendered":"le terrible accident d\u2019une candidate de \u00abSecret Story\u00bb"},"content":{"rendered":"<p>Xavier Diskeuve, p\u00e8re de Pimprenelle, a r\u00e9v\u00e9l\u00e9 que sa fille s\u2019\u00e9tait remise d\u2019une lourde op\u00e9ration en Indon\u00e9sie d\u00e9but 2023. La participante du jeu de t\u00e9l\u00e9r\u00e9alit\u00e9 en TF1 en a fait son propre secret.<\/p>\n<p class=\"fig-paragraph\">Derri\u00e8re le beau visage de <strong>Pimprenelle <\/strong>se cache un des secrets les plus forts de la saison 13 de\u00a0<a href=\"https:\/\/tvmag.lefigaro.fr\/programme-tv\/programme\/secret-story-la-quotidienne-d2079171596\" target=\"_blank\" rel=\"noopener\" data-gtm-custom-categorie=\"navigation\" data-gtm-custom-action=\"crossclick\" data-gtm-custom-label=\"Contextuel\" data-gtm-event=\"customEventSPE\"><strong>\u00ab Secret Story\u00a0\u00bb<\/strong><\/a> \u00a0: \u00ab La moiti\u00e9 de mon visage a \u00e9t\u00e9 reconstruite\u00a0\u00bb. Cette Belge de 26 ans a fait son entr\u00e9e dans le jeu produit par Endemol France dans la nuit de mardi \u00e0 mercredi en se pr\u00e9sentant comme \u00ab une femme de 2025, ind\u00e9pendante, qui sait ce qu\u2019elle vaut et qui veut affirmer sa position\u00a0\u00bb.<\/p>\n<p class=\"fig-paragraph\">Consciente de l\u2019image qu\u2019elle d\u00e9gage et de son charisme, Pimprenelle se pla\u00eet \u00e0 en rire quitte \u00e0 para\u00eetre pr\u00e9tentieuse. \u00ab C\u2019est important de se dire chaque matin qu\u2019on est belle parce que personne ne pourra m\u2019aimer plus que moi-m\u00eame\u00a0\u00bb, dit-elle dans son portrait. Une phrase pas si anodine en r\u00e9alit\u00e9. Install\u00e9e en Indon\u00e9sie depuis trois ans, Pimprenelle\u00a0<a href=\"http:\/\/tvmag.lefigaro.fr\/programme-tv\/tele-realite\/candidats-intitules-des-secrets-premieres-missions-ce-qu-il-faut-retenir-du-lancement-de-secret-story-20250611\" target=\"_blank\" data-fig-type=\"Article\" rel=\"noopener\" data-gtm-custom-categorie=\"navigation\" data-gtm-custom-action=\"crossclick\" data-gtm-custom-label=\"Contextuel\" data-gtm-event=\"customEventSPE\" data-fig-domain=\"TVMAG\">a affirm\u00e9 que son secret avait boulevers\u00e9 son existence<\/a>. \u00ab Il m\u2019a appris \u00e0 \u00eatre beaucoup plus r\u00e9silient et m\u2019a donn\u00e9 la preuve que j\u2019avais un mental d\u2019acier.\u00a0\u00bb<\/p>\n<p>    <a href=\"https:\/\/photo.lefigaro.fr\/programme-tv\/tele-realite\/secret-story-photos-des-14-candidats-de-la-saison-13-20250611\" target=\"_blank\" rel=\"noopener\"><\/p>\n<p class=\"fig-slideshow__title\">\n                    \u00ab Secret Story\u00a0\u00bb: photos des 14 candidats de la saison 13\n                <\/p>\n<p>Acc\u00e9der au diaporama (12)<\/p>\n<p>    <\/a><\/p>\n<p class=\"fig-body-link\">\n            \u00c0 lire aussi<br \/>\n        <a class=\"fig-body-link__link\" href=\"http:\/\/tvmag.lefigaro.fr\/programme-tv\/tele-realite\/900-m2-avec-vue-sur-palm-springs-nous-avons-visite-la-nouvelle-maison-de-secret-story-20250609\" target=\"_blank\" data-fig-type=\"Article\" rel=\"noopener\" data-gtm-custom-categorie=\"navigation\" data-gtm-custom-action=\"crossclick\" data-gtm-custom-label=\"Contextuel\" data-gtm-event=\"customEventSPE\" data-fig-domain=\"TVMAG\">\u00ab900 m\u00b2 avec vue sur Palm Springs\u00bb\u00a0: nous avons visit\u00e9 la nouvelle maison de \u00abSecret Story\u00bb<br \/>\n    <\/a>\n<\/p>\n<blockquote class=\"fig-quote&#10;    \">\n<p class=\"fig-quote__text\">\u00ab Sa reconstruction est bluffante puisqu\u2019elle a retrouv\u00e9 le m\u00eame visage qu\u2019avant le drame\u00a0\u00bb<\/p>\n<p>            Xavier Diskeuve, p\u00e8re de Pimprenelle de \u00ab Secret Story\u00a0\u00bb\n    <\/p><\/blockquote>\n<p class=\"fig-paragraph\">Son p\u00e8re, Xavier Diskeuve, a d\u00e9couvert sa participation la veille de son entr\u00e9e dans\u00a0<a href=\"http:\/\/tvmag.lefigaro.fr\/programme-tv\/tele-realite\/merci-de-nous-avoir-ecoutes-les-internautes-sous-le-charme-du-casting-de-secret-story-20250611\" target=\"_blank\" data-fig-type=\"Article\" rel=\"noopener\" data-gtm-custom-categorie=\"navigation\" data-gtm-custom-action=\"crossclick\" data-gtm-custom-label=\"Contextuel\" data-gtm-event=\"customEventSPE\" data-fig-domain=\"TVMAG\">\u00ab Secret Story\u00a0\u00bb<\/a>. \u00ab \u00c7a a \u00e9t\u00e9 un choc de la voir sur TF1 mais, je trouve que c\u2019est une \u00e9mission qui lui va bien. Elle a l\u2019art de bien garder les secrets\u00a0\u00bb, a-t-il d\u00e9clar\u00e9 \u00e0 nos confr\u00e8res belges de\u00a0<a href=\"https:\/\/www.dhnet.be\/regions\/namur\/dinant-ciney\/2025\/06\/12\/elle-etait-completement-defiguree-le-papa-de-pimprenelle-candidate-namuroise-revient-sur-son-secret-et-sur-sa-participation-a-secret-story-13-5BOYF5TAIFHWHKGVOLPDA3SHHE\/\" target=\"_blank\" rel=\"nofollow noopener\" data-gtm-custom-categorie=\"navigation\" data-gtm-custom-action=\"crossclick\" data-gtm-custom-label=\"Contextuel\" data-gtm-event=\"customEventSPE\">La Derni\u00e8re Heure<\/a> . S\u2019il n\u2019a pas \u00e9t\u00e9 officiellement annonc\u00e9 dans le programme, le secret de Pimprenelle est bien d\u2019avoir eu recours \u00e0 une op\u00e9ration chirurgicale au visage.<\/p>\n<p class=\"fig-paragraph\">\u00ab Cela s\u2019est pass\u00e9 en 2023 en Indon\u00e9sie. Elle a eu un accident de surf et a subi une double fracture de la m\u00e2choire, a r\u00e9v\u00e9l\u00e9 Xavier Diskeuve. Pimprenelle \u00e9tait compl\u00e8tement d\u00e9figur\u00e9e. Elle a d\u00fb boire pendant beaucoup de temps avec une paille et n\u2019a pas v\u00e9cu des moments faciles durant les jours qui ont suivi. Sa reconstruction est bluffante puisqu\u2019elle a retrouv\u00e9 le m\u00eame visage qu\u2019avant le drame.\u00a0\u00bb<\/p>\n","protected":false},"excerpt":{"rendered":"Xavier Diskeuve, p\u00e8re de Pimprenelle, a r\u00e9v\u00e9l\u00e9 que sa fille s\u2019\u00e9tait remise d\u2019une lourde op\u00e9ration en Indon\u00e9sie d\u00e9but&hellip;\n","protected":false},"author":2,"featured_media":170829,"comment_status":"","ping_status":"","sticky":false,"template":"","format":"standard","meta":{"footnotes":""},"categories":[2],"tags":[685,687,11,689,5410,683,1011,27,12,688,684,25,686,29901,682],"class_list":{"0":"post-170828","1":"post","2":"type-post","3":"status-publish","4":"format-standard","5":"has-post-thumbnail","7":"category-actualites","8":"tag-actu-tele-realite","9":"tag-actu-telerealite","10":"tag-actualites","11":"tag-candidat-tele-realite","12":"tag-christophe-beaugrand","13":"tag-emission-tele-realite","14":"tag-fr","15":"tag-france","16":"tag-news","17":"tag-news-tele-realite","18":"tag-programme-tele-realite","19":"tag-republique-francaise","20":"tag-scoop-telerealite","21":"tag-secret-story","22":"tag-tele-realite"},"share_on_mastodon":{"url":"https:\/\/pubeurope.com\/@fr\/114670487751040137","error":""},"_links":{"self":[{"href":"https:\/\/www.europesays.com\/fr\/wp-json\/wp\/v2\/posts\/170828","targetHints":{"allow":["GET"]}}],"collection":[{"href":"https:\/\/www.europesays.com\/fr\/wp-json\/wp\/v2\/posts"}],"about":[{"href":"https:\/\/www.europesays.com\/fr\/wp-json\/wp\/v2\/types\/post"}],"author":[{"embeddable":true,"href":"https:\/\/www.europesays.com\/fr\/wp-json\/wp\/v2\/users\/2"}],"replies":[{"embeddable":true,"href":"https:\/\/www.europesays.com\/fr\/wp-json\/wp\/v2\/comments?post=170828"}],"version-history":[{"count":0,"href":"https:\/\/www.europesays.com\/fr\/wp-json\/wp\/v2\/posts\/170828\/revisions"}],"wp:featuredmedia":[{"embeddable":true,"href":"https:\/\/www.europesays.com\/fr\/wp-json\/wp\/v2\/media\/170829"}],"wp:attachment":[{"href":"https:\/\/www.europesays.com\/fr\/wp-json\/wp\/v2\/media?parent=170828"}],"wp:term":[{"taxonomy":"category","embeddable":true,"href":"https:\/\/www.europesays.com\/fr\/wp-json\/wp\/v2\/categories?post=170828"},{"taxonomy":"post_tag","embeddable":true,"href":"https:\/\/www.europesays.com\/fr\/wp-json\/wp\/v2\/tags?post=170828"}],"curies":[{"name":"wp","href":"https:\/\/api.w.org\/{rel}","templated":true}]}}