{"id":170830,"date":"2025-06-12T12:52:10","date_gmt":"2025-06-12T12:52:10","guid":{"rendered":"https:\/\/www.europesays.com\/fr\/170830\/"},"modified":"2025-06-12T12:52:10","modified_gmt":"2025-06-12T12:52:10","slug":"tour-de-france-2025-christian-prudhomme-va-jouer-dans-la-serie-un-si-grand-soleil","status":"publish","type":"post","link":"https:\/\/www.europesays.com\/fr\/170830\/","title":{"rendered":"Tour de France 2025\u00a0: Christian Prudhomme va jouer dans la s\u00e9rie \u00ab\u00a0Un si grand soleil\u00a0\u00bb"},"content":{"rendered":"<p class=\"paragraph text_align_left\">Journaliste, directeur du Tour de France\u2026 Et maintenant acteur ! Alors que l\u2019\u00e9dition 2025 de la Grande Boucle se profile (5 juillet- 27 juillet), le directeur de la course <a href=\"https:\/\/www.leparisien.fr\/sports\/cyclisme\/tour-de-france\/beaucoup-de-traces-ont-commence-ici-au-salon-de-lagriculture-christian-prudhomme-lance-son-tour-de-france-28-02-2025-46MTNQVGSVA7ZPRU2PKKYP7SDM.php\" target=\"_blank\" rel=\"noreferrer nofollow noopener\">Christian Prudhomme<\/a> va faire une apparition dans la s\u00e9rie \u00ab Un si grand soleil \u00bb, annonce <a href=\"https:\/\/www.midilibre.fr\/2025\/06\/11\/info-midi-libre-christian-prudhomme-va-jouer-son-propre-role-dans-la-serie-un-si-grand-soleil-sur-france-3-12754254.php\" rel=\"nofollow noopener\" target=\"_blank\">Midi Libre<\/a>. Le quotidien r\u00e9gional ajoute qu\u2019il interpr\u00e9tera son propre r\u00f4le dans un \u00e9pisode pr\u00e9vu pour \u00eatre diffus\u00e9 sur France 3 le 21 juillet.<\/p>\n<p class=\"paragraph text_align_left\">L\u2019ancien pr\u00e9sentateur de Stade 2 &#8211; une \u00e9mission sur l\u2019actualit\u00e9 sportive diffus\u00e9e sur les antennes de France T\u00e9l\u00e9visions \u00e0 l\u2019\u00e9poque -, de 2000 \u00e0 2003, a notamment fait le parall\u00e8le entre ces deux exp\u00e9riences, qu\u2019il juge bien diff\u00e9rentes. \u00ab Ce n\u2019est pas du tout pareil que lorsque j\u2019\u00e9tais \u00e0 Stade 2 o\u00f9 il n\u2019y avait que quelques personnes sur le plateau, a-t-il expliqu\u00e9. L\u00e0, il y avait \u00e9norm\u00e9ment de monde autour des cam\u00e9ras. \u00bb<\/p>\n<p class=\"paragraph text_align_left\">Le Parisien de 64 ans ajoute avoir eu besoin \u00ab de trois heures pour faire deux s\u00e9quences de 1 minute 15. Il fallait que je sois parfaitement positionn\u00e9, mais concentr\u00e9 dans mon texte. Je masquais l\u2019acteur principal, je ne faisais pas attention \u00e0 la disposition des cam\u00e9ras, \u00e7a n\u2019a rien \u00e0 voir avec la t\u00e9l\u00e9 \u00bb.<\/p>\n","protected":false},"excerpt":{"rendered":"Journaliste, directeur du Tour de France\u2026 Et maintenant acteur ! Alors que l\u2019\u00e9dition 2025 de la Grande Boucle&hellip;\n","protected":false},"author":2,"featured_media":170831,"comment_status":"","ping_status":"","sticky":false,"template":"","format":"standard","meta":{"footnotes":""},"categories":[4],"tags":[11,207,1011,27,12,25,60,210],"class_list":{"0":"post-170830","1":"post","2":"type-post","3":"status-publish","4":"format-standard","5":"has-post-thumbnail","7":"category-france","8":"tag-actualites","9":"tag-cyclisme","10":"tag-fr","11":"tag-france","12":"tag-news","13":"tag-republique-francaise","14":"tag-sports","15":"tag-tour-de-france"},"share_on_mastodon":{"url":"https:\/\/pubeurope.com\/@fr\/114670491564744324","error":""},"_links":{"self":[{"href":"https:\/\/www.europesays.com\/fr\/wp-json\/wp\/v2\/posts\/170830","targetHints":{"allow":["GET"]}}],"collection":[{"href":"https:\/\/www.europesays.com\/fr\/wp-json\/wp\/v2\/posts"}],"about":[{"href":"https:\/\/www.europesays.com\/fr\/wp-json\/wp\/v2\/types\/post"}],"author":[{"embeddable":true,"href":"https:\/\/www.europesays.com\/fr\/wp-json\/wp\/v2\/users\/2"}],"replies":[{"embeddable":true,"href":"https:\/\/www.europesays.com\/fr\/wp-json\/wp\/v2\/comments?post=170830"}],"version-history":[{"count":0,"href":"https:\/\/www.europesays.com\/fr\/wp-json\/wp\/v2\/posts\/170830\/revisions"}],"wp:featuredmedia":[{"embeddable":true,"href":"https:\/\/www.europesays.com\/fr\/wp-json\/wp\/v2\/media\/170831"}],"wp:attachment":[{"href":"https:\/\/www.europesays.com\/fr\/wp-json\/wp\/v2\/media?parent=170830"}],"wp:term":[{"taxonomy":"category","embeddable":true,"href":"https:\/\/www.europesays.com\/fr\/wp-json\/wp\/v2\/categories?post=170830"},{"taxonomy":"post_tag","embeddable":true,"href":"https:\/\/www.europesays.com\/fr\/wp-json\/wp\/v2\/tags?post=170830"}],"curies":[{"name":"wp","href":"https:\/\/api.w.org\/{rel}","templated":true}]}}