{"id":170832,"date":"2025-06-12T12:54:21","date_gmt":"2025-06-12T12:54:21","guid":{"rendered":"https:\/\/www.europesays.com\/fr\/170832\/"},"modified":"2025-06-12T12:54:21","modified_gmt":"2025-06-12T12:54:21","slug":"lappel-du-sport-resonne-sur-les-bords-de-loire","status":"publish","type":"post","link":"https:\/\/www.europesays.com\/fr\/170832\/","title":{"rendered":"l\u2019appel du sport r\u00e9sonne sur les bords de Loire"},"content":{"rendered":"<p>Au fil des ann\u00e9es, il continue de grossir \u00ab\u00a0et donne forc\u00e9ment envie de s\u2019investir plus face au succ\u00e8s\u00a0\u00bb, pour les b\u00e9n\u00e9voles et les organisateurs. L\u2019Urban trail d\u2019Andr\u00e9zieux-Bouth\u00e9on va envahir les lieux embl\u00e9matiques de la commune, pour un exercice m\u00e9langeant la performance sportive et la d\u00e9couverte du patrimoine local.<\/p>\n<p>  La marche nordique laiss\u00e9e de c\u00f4t\u00e9, faute de participants l\u2019an dernier<\/p>\n<p>Les deux distances traditionnelles de 10,5 et 17,5 kilom\u00e8tres seront \u00e9videmment au programme, de m\u00eame que la course \u00ab\u00a0open\u00a0\u00bb de 5 kilom\u00e8tres, victime de son succ\u00e8s l\u2019an dernier pour son lancement. \u00ab\u00a0Elle est ouverte \u00e0 tous, notamment aux jeunes de 15 ans et moins, qui n\u2019ont pas le droit de courir sur les autres distances qui sont des courses chronom\u00e9tr\u00e9es\u00a0\u00bb, explique Ga\u00e9tan Favard, du service des sports, en charge de la coordination de l\u2019\u00e9v\u00e8nement.<\/p>\n<p>Les organisateurs rebondissent d\u2019ailleurs sur ce succ\u00e8s, en proposant un \u00ab\u00a0challenge de la F\u00eate des p\u00e8res\u00a0\u00bb sur cette distance. Celui-ci va se courir en bin\u00f4me compos\u00e9 d\u2019un jeune et l\u2019un de ses parents, peu importe lequel. \u00ab\u00a0Il y a aura un classement final, et l\u2019inscription sera de 10\u00a0euros pour le bin\u00f4me, au lieu de 12\u00a0euros s\u2019ils avaient couru en individuel chacun de leur c\u00f4t\u00e9\u00a0\u00bb, d\u00e9taille le responsable. Malheureusement, l\u2019une des disciplines test\u00e9es l\u2019an dernier, une marche nordique de 10,5 kilom\u00e8tres, a \u00e9t\u00e9 retir\u00e9e de la programmation. En cause, la tr\u00e8s faible participation de l\u2019an dernier.<\/p>\n<p>  265 inscrits en fin de semaine derni\u00e8re, plus de 500 participants esp\u00e9r\u00e9s<\/p>\n<p>Le parcours, qui traversera notamment le stade Roger-Baudras, le Palais des sports, les Bullieux, le parc de la mairie, le Th\u00e9\u00e2tre du Parc ou encore <a href=\"https:\/\/www.leprogres.fr\/culture-loisirs\/2023\/06\/29\/un-chateau-pour-des-siecles-d-evolution\" target=\"_blank\" rel=\"noopener\">le ch\u00e2teau de Bouth\u00e9on<\/a>. \u00ab\u00a0C\u2019est un bel outil de promotion de la commune, car il y aura forc\u00e9ment des participants venant de l\u2019ext\u00e9rieur.<\/p>\n<p>Mais surtout, cela permet de montrer que malgr\u00e9 les contraintes, notamment budg\u00e9taires, Andr\u00e9zieux-Bouth\u00e9on reste une ville de sport\u00a0\u00bb, se r\u00e9jouit Pierre-Julien Marret, l\u2019adjoint charg\u00e9 de ce domaine. Une grosse mobilisation des b\u00e9n\u00e9voles, mais aussi des agents de la Ville (qui assurent une partie de la logistique ainsi que l\u2019ouverture et la fermeture des lieux visit\u00e9s) est attendue. Ils seront plus de 90, en provenance pour beaucoup du Fac Athl\u00e9, mais aussi de la plateforme du b\u00e9n\u00e9volat et des r\u00e9seaux sociaux.<\/p>\n<p>  \u00ab\u00a0500 participants esp\u00e9r\u00e9s\u00a0\u00bb<\/p>\n<p>Cette double collaboration entre l\u2019association et la commune devrait attirer plus de participants encore cette ann\u00e9e. \u00ab\u00a0Nous avions 265 inscrits en fin de semaine, et on double toujours ce chiffre sur la derni\u00e8re semaine\u00a0\u00bb, abonde Ga\u00e9tan Favard. Avec les 500 participants esp\u00e9r\u00e9s, contre 400 en 2024 , l\u2019\u00e9v\u00e8nement se rapproche doucement des pr\u00e9c\u00e9dents scores des Eurofoul\u00e9es d\u2019il y a quelques ann\u00e9es. Avec encore un peu de marge puisque la jauge maximum pour la course est de 800 places.<\/p>\n<p>Eux devront encore pousser les murs. Dans ce week-end \u00f4 combien sportif, les adh\u00e9rents de L\u2019Entente for\u00e9zienne de volleyball dresseront les filets devant l\u2019esplanade du Cabl (Complexe d\u2019animation des bords de Loire) pour une journ\u00e9e de matchs en quatre contre quatre sur herbe.<\/p>\n<p>  Le volley promet de l\u2019amusement pour tous les niveaux<\/p>\n<p>L\u00e0 encore, \u00ab\u00a0pour que tout le monde s\u2019amuse\u00a0\u00bb, <a href=\"https:\/\/www.leprogres.fr\/magazine-sante\/2024\/06\/16\/plus-de-650-sportifs-et-deux-competitions-ont-anime-les-bords-de-loire\" target=\"_blank\" rel=\"noopener\">comme le pr\u00e9cisait d\u00e9j\u00e0 l\u2019an dernier<\/a> le pr\u00e9sident Alexis Paviet-Salomon, deux tournois sont programm\u00e9s\u00a0: l\u2019un est orient\u00e9 \u00ab\u00a0loisir\u00a0\u00bb, l\u2019autre \u00ab\u00a0comp\u00e9tition\u00a0\u00bb. Au second ont particip\u00e9, lors de l\u2019\u00e9dition pr\u00e9c\u00e9dente, quelques joueurs semi-professionnels, ce qui promet un beau niveau. L\u2019an dernier, ils \u00e9taient pr\u00e8s de 260, r\u00e9partis en 65 \u00e9quipes (le tournoi \u00e9tait complet) \u00e0 venir grossir le chiffre des sportifs pr\u00e9sents dans la commune pour une F\u00eate des p\u00e8res moins conventionnelle et plus transpirante.<\/p>\n<p class=\"note\"><a href=\"https:\/\/www.logicourse.fr\/inscriptions-3\/959-utab25.html\" target=\"_blank\" rel=\"noopener\">Urban trail\u00a0: inscriptions sur logicourse.fr<\/a>. Cl\u00f4ture des inscriptions le 13\u00a0juin \u00e0 minuit. Horaires et tarifs\u00a0: 5\u00a0km \u00e0 9 heures (6\u00a0euros en solo, 5\u00a0euros\/personne en duo)\u00a0; 10,5\u00a0km \u00e0 9\u00a0h\u00a005 (12\u00a0euros)\u00a0; 17,5\u00a0km \u00e0 9\u00a0h\u00a010 (17\u00a0euros). Volley\u00a0: 40\u00a0euros par \u00e9quipe. <a href=\"https:\/\/entente-forezienne-de-volley-ball.sporteasy.net\/collections\/31132\/checkout\/\" target=\"_blank\" rel=\"noopener\">Inscriptions uniquement en ligne sur le site de l\u2019EFVB<\/a> (via SportEasy). D\u00e9but du tournoi \u00e0 10 heures.<\/p>\n","protected":false},"excerpt":{"rendered":"Au fil des ann\u00e9es, il continue de grossir \u00ab\u00a0et donne forc\u00e9ment envie de s\u2019investir plus face au succ\u00e8s\u00a0\u00bb,&hellip;\n","protected":false},"author":2,"featured_media":170833,"comment_status":"","ping_status":"","sticky":false,"template":"","format":"standard","meta":{"footnotes":""},"categories":[1417],"tags":[5897,17136,1687,7359,1011,27,5362,2661,17137,60,1470,1469],"class_list":{"0":"post-170832","1":"post","2":"type-post","3":"status-publish","4":"format-standard","5":"has-post-thumbnail","7":"category-volley","8":"tag-activite-physique","9":"tag-andrezieux-boutheon","10":"tag-culture-loisirs","11":"tag-edition-loire-centre","12":"tag-fr","13":"tag-france","14":"tag-magazine-sante","15":"tag-patrimoine-culturel","16":"tag-saint-galmier-bassin","17":"tag-sports","18":"tag-volley","19":"tag-volleyball"},"share_on_mastodon":{"url":"https:\/\/pubeurope.com\/@fr\/114670499570292866","error":""},"_links":{"self":[{"href":"https:\/\/www.europesays.com\/fr\/wp-json\/wp\/v2\/posts\/170832","targetHints":{"allow":["GET"]}}],"collection":[{"href":"https:\/\/www.europesays.com\/fr\/wp-json\/wp\/v2\/posts"}],"about":[{"href":"https:\/\/www.europesays.com\/fr\/wp-json\/wp\/v2\/types\/post"}],"author":[{"embeddable":true,"href":"https:\/\/www.europesays.com\/fr\/wp-json\/wp\/v2\/users\/2"}],"replies":[{"embeddable":true,"href":"https:\/\/www.europesays.com\/fr\/wp-json\/wp\/v2\/comments?post=170832"}],"version-history":[{"count":0,"href":"https:\/\/www.europesays.com\/fr\/wp-json\/wp\/v2\/posts\/170832\/revisions"}],"wp:featuredmedia":[{"embeddable":true,"href":"https:\/\/www.europesays.com\/fr\/wp-json\/wp\/v2\/media\/170833"}],"wp:attachment":[{"href":"https:\/\/www.europesays.com\/fr\/wp-json\/wp\/v2\/media?parent=170832"}],"wp:term":[{"taxonomy":"category","embeddable":true,"href":"https:\/\/www.europesays.com\/fr\/wp-json\/wp\/v2\/categories?post=170832"},{"taxonomy":"post_tag","embeddable":true,"href":"https:\/\/www.europesays.com\/fr\/wp-json\/wp\/v2\/tags?post=170832"}],"curies":[{"name":"wp","href":"https:\/\/api.w.org\/{rel}","templated":true}]}}