{"id":170843,"date":"2025-06-12T13:01:11","date_gmt":"2025-06-12T13:01:11","guid":{"rendered":"https:\/\/www.europesays.com\/fr\/170843\/"},"modified":"2025-06-12T13:01:11","modified_gmt":"2025-06-12T13:01:11","slug":"interet-de-liverpool-et-reponse-du-psg-lavenir-de-barcola-est-regle","status":"publish","type":"post","link":"https:\/\/www.europesays.com\/fr\/170843\/","title":{"rendered":"Int\u00e9r\u00eat de Liverpool et r\u00e9ponse du PSG, l&rsquo;avenir de Barcola est r\u00e9gl\u00e9"},"content":{"rendered":"<p><strong>Bradley Barcola, attaquant de 22 ans recrut\u00e9 par le Paris Saint-Germain durant l\u2019\u00e9t\u00e9 2023 avec un contrat jusqu\u2019en juin 2028, a pris un peu de temps mais s\u2019est finalement impos\u00e9 dans l\u2019\u00e9quipe de Luis Enrique. Une ascension qui peut attirer des convoitises. D\u2019apr\u00e8s\u00a0BBC et The Sun, Liverpool s\u2019ajoute \u00e0 la liste des clubs int\u00e9ress\u00e9s avec le Bayern Munich.\u00a0Foot Mercato assure que la position du PSG est nette.\u00a0<\/strong><\/p>\n<p><strong>The Sun :<\/strong><\/p>\n<blockquote class=\"twitter-tweet\">\n<p dir=\"ltr\" lang=\"en\">\ud83d\udea8 Liverpool are set to swoop for PSG forward Bradley Barcola \u2013 even after completing a Premier League record deal to sign Bayer Leverkusen\u2019s Florian Wirtz.<\/p>\n<p>(Source: Sun Sport) <a href=\"https:\/\/t.co\/JbeOuRzA9J\">pic.twitter.com\/JbeOuRzA9J<\/a><\/p>\n<p>\u2014 Transfer News Live (@DeadlineDayLive) <a href=\"https:\/\/twitter.com\/DeadlineDayLive\/status\/1933035283647205619?ref_src=twsrc%5Etfw\" target=\"_blank\" rel=\"noopener\">June 12, 2025<\/a><\/p>\n<\/blockquote>\n<p><strong>BBC Sport :<\/strong><\/p>\n<blockquote class=\"twitter-tweet\">\n<p dir=\"ltr\" lang=\"en\">Liverpool are reportedly lining up a move for PSG forward Bradley Barcola \u2013 even after completing a deal for Florian Wirtz \ud83d\udc40<a href=\"https:\/\/twitter.com\/hashtag\/LFC?src=hash&amp;ref_src=twsrc%5Etfw\" target=\"_blank\" rel=\"noopener\">#LFC<\/a><\/p>\n<p>\u2014 BBC Sport (@BBCSport) <a href=\"https:\/\/twitter.com\/BBCSport\/status\/1933034026430046410?ref_src=twsrc%5Etfw\" target=\"_blank\" rel=\"noopener\">June 12, 2025<\/a><\/p>\n<\/blockquote>\n<p><strong>Foot Mercato :<\/strong><\/p>\n<blockquote class=\"twitter-tweet\">\n<p dir=\"ltr\" lang=\"fr\">\ud83d\udea8Le PSG ferme la porte \u00e0 double tour pour Bradley Barcola<\/p>\n<p>\u25aa\ufe0fint\u00e9r\u00eats du Bayern et de Liverpool \u00e9voqu\u00e9s ces derni\u00e8res heures<br \/>\u25aa\ufe0fl\u2019ailier parisien fait pleinement partie du projet et ne partira pas \u274c<br \/>\u25aa\ufe0faucune volont\u00e9 de d\u00e9part<br \/>\u25aa\ufe0fcontrat jusqu\u2019en juin 2028<br \/>\u25aa\ufe0fle club continue\u2026 <a href=\"https:\/\/t.co\/W2caUGBHla\">pic.twitter.com\/W2caUGBHla<\/a><\/p>\n<p>\u2014 Josu\u00e9 Cass\u00e9 (@CasseJosue) <a href=\"https:\/\/twitter.com\/CasseJosue\/status\/1933131916716151162?ref_src=twsrc%5Etfw\" target=\"_blank\" rel=\"noopener\">June 12, 2025<\/a><\/p>\n<\/blockquote>\n<blockquote>\n<p>\u00ab\u00a0\u2013\u00a0 Le PSG ferme la porte \u00e0 double tour pour Bradley Barcola <\/p>\n<p>\u2013\u00a0 int\u00e9r\u00eats du Bayern et de Liverpool \u00e9voqu\u00e9s ces derni\u00e8res heures <\/p>\n<p>\u2013 l\u2019ailier parisien fait pleinement partie du projet et ne partira pas <\/p>\n<p>\u2013 aucune volont\u00e9 de d\u00e9part contrat jusqu\u2019en juin 2028 <\/p>\n<p>\u2013 le club continue de travailler sur sa prolongation, volont\u00e9 r\u00e9ciproque de poursuivre l\u2019aventure ensemble\u00a0\u00bb<\/p>\n<\/blockquote>\n<p>C\u2019est l\u2019\u00e9t\u00e9, la p\u00e9riode des rumeurs un peu dans tous les sens et il y a des surprises chaque ann\u00e9e. Alors des m\u00e9dias en profitent pour lancer des pistes un peu dans tous les sens. Comme des tentatives de grands clubs de recruter Barcola. Mais les pr\u00e9cisions de Foot Mercato\u00a0semblent assez logiques.<\/p>\n<p>Il n\u2019y absolument pour penser que l\u2019attaquant est sur le d\u00e9part. Il ne s\u2019est pas plaint, sort d\u2019une belle saison et le PSG n\u2019a pas l\u2019air de penser \u00e0 le remplacer. Bien s\u00fbr, il y a parfois une offre qui vient tout changer, ou une opportunit\u00e9 de recrutement. Mais on ne va pas se perdre dans les hypoth\u00e8ses hasardeuses. Aujourd\u2019hui, l\u2019avenir de Barcola semble bien \u00eatre \u00e0 Paris.<\/p>\n<p>\t\t\t\t\t\t\t\t\t\t\t\t\t\t\t\t\t\t\t\t\t\t\t<img loading=\"lazy\" src=\"https:\/\/www.europesays.com\/fr\/wp-content\/uploads\/2025\/04\/ParisFans_Logo.png\" decoding=\"async\" class=\"lazyload\" width=\"240\" height=\"54\" data-eio-rwidth=\"240\" data-eio-rheight=\"54\"\/><\/p>\n<p>\t\t\t\t\t\t\t\t<script async src=\"https:\/\/platform.twitter.com\/widgets.js\" charset=\"utf-8\"><\/script><\/p>\n","protected":false},"excerpt":{"rendered":"Bradley Barcola, attaquant de 22 ans recrut\u00e9 par le Paris Saint-Germain durant l\u2019\u00e9t\u00e9 2023 avec un contrat jusqu\u2019en&hellip;\n","protected":false},"author":2,"featured_media":170844,"comment_status":"","ping_status":"","sticky":false,"template":"","format":"standard","meta":{"footnotes":""},"categories":[1410],"tags":[9707,63,1011,27,60,96],"class_list":{"0":"post-170843","1":"post","2":"type-post","3":"status-publish","4":"format-standard","5":"has-post-thumbnail","7":"category-football","8":"tag-bradley-barcola","9":"tag-football","10":"tag-fr","11":"tag-france","12":"tag-sports","13":"tag-une"},"share_on_mastodon":{"url":"https:\/\/pubeurope.com\/@fr\/114670527042995008","error":""},"_links":{"self":[{"href":"https:\/\/www.europesays.com\/fr\/wp-json\/wp\/v2\/posts\/170843","targetHints":{"allow":["GET"]}}],"collection":[{"href":"https:\/\/www.europesays.com\/fr\/wp-json\/wp\/v2\/posts"}],"about":[{"href":"https:\/\/www.europesays.com\/fr\/wp-json\/wp\/v2\/types\/post"}],"author":[{"embeddable":true,"href":"https:\/\/www.europesays.com\/fr\/wp-json\/wp\/v2\/users\/2"}],"replies":[{"embeddable":true,"href":"https:\/\/www.europesays.com\/fr\/wp-json\/wp\/v2\/comments?post=170843"}],"version-history":[{"count":0,"href":"https:\/\/www.europesays.com\/fr\/wp-json\/wp\/v2\/posts\/170843\/revisions"}],"wp:featuredmedia":[{"embeddable":true,"href":"https:\/\/www.europesays.com\/fr\/wp-json\/wp\/v2\/media\/170844"}],"wp:attachment":[{"href":"https:\/\/www.europesays.com\/fr\/wp-json\/wp\/v2\/media?parent=170843"}],"wp:term":[{"taxonomy":"category","embeddable":true,"href":"https:\/\/www.europesays.com\/fr\/wp-json\/wp\/v2\/categories?post=170843"},{"taxonomy":"post_tag","embeddable":true,"href":"https:\/\/www.europesays.com\/fr\/wp-json\/wp\/v2\/tags?post=170843"}],"curies":[{"name":"wp","href":"https:\/\/api.w.org\/{rel}","templated":true}]}}