{"id":170857,"date":"2025-06-12T13:08:17","date_gmt":"2025-06-12T13:08:17","guid":{"rendered":"https:\/\/www.europesays.com\/fr\/170857\/"},"modified":"2025-06-12T13:08:17","modified_gmt":"2025-06-12T13:08:17","slug":"le-risque-serait-plus-important-chez-les-millenials","status":"publish","type":"post","link":"https:\/\/www.europesays.com\/fr\/170857\/","title":{"rendered":"le risque serait plus important chez les millenials"},"content":{"rendered":"<p>             <a href=\"https:\/\/ma-sante.news\/wp-content\/uploads\/2025\/06\/augmentation-cas-cancer-appendice-millenials-jeune-adulte-symptomes-causes-Ma-Sante-.jpg\" data-caption=\"Le cancer de l&#039;appendice reste encore rare : sa pr\u00e9valence est de 0,12 cas pour un million de personnes, selon le National Cancer Institute am\u00e9ricain. \u00a9 Freepik\" rel=\"nofollow noopener\" target=\"_blank\"><img loading=\"lazy\" decoding=\"async\" width=\"696\" height=\"465\" class=\"entry-thumb td-modal-image\" src=\"data:image\/svg+xml,%3Csvg%20xmlns=\" http:=\"\" data-lazy- data-lazy- alt=\"Une millenial atteinte d'un cancer de l'appendice.\" title=\"augmentation cas cancer appendice millenials jeune adulte sympto\u0302mes causes Ma Sante\u0301\" data-lazy-src=\"https:\/\/www.europesays.com\/fr\/wp-content\/uploads\/2025\/06\/augmentation-cas-cancer-appendice-millenials-jeune-adulte-symptomes-causes-Ma-Sante--696x465.jpg\"\/><\/a>Le cancer de l&rsquo;appendice reste encore rare : sa pr\u00e9valence est de 0,12 cas pour un million de personnes, selon le National Cancer Institute am\u00e9ricain. \u00a9 Freepik                                    \t\t\t             <a class=\"gofollow\" data-track=\"MjgsMCwxLDYw\" href=\"https:\/\/ma-sante.news\/inscrivez-vous-a-notre-newsletter\/\" rel=\"nofollow noopener\" target=\"_blank\"><img loading=\"lazy\" decoding=\"async\" width=\"1068\" height=\"131\" src=\"data:image\/svg+xml,%3Csvg%20xmlns=\" http:=\"\" data-lazy-src=\"https:\/\/www.europesays.com\/fr\/wp-content\/uploads\/2025\/03\/banniere-newsletter.png\"\/><\/a> <\/p>\n<p>\u00c0 moins d\u2019avoir v\u00e9cu <a href=\"https:\/\/ma-sante.news\/mal-au-ventre-appendicite-auvergne-rhone-alpes-medecine-sante-maux-de-ventre\/\" rel=\"nofollow noopener\" target=\"_blank\">une crise d\u2019appendicite<\/a>, rares sont ceux qui savent vraiment \u00e0 quoi sert ce petit tube accroch\u00e9 au gros intestin. Pourtant, l\u2019appendice pourrait bien devenir un nouveau sujet de pr\u00e9occupation pour les moins de 45 ans. <\/p>\n<p>C\u2019est en tout cas ce que r\u00e9v\u00e8le une vaste \u00e9tude publi\u00e9e en juin 2025 dans la revue Annals of Internal Medicine, qui a analys\u00e9 plus de 50 000 cas de cancers de l\u2019appendice aux \u00c9tats-Unis sur une p\u00e9riode de 44 ans. Les conclusions sont aussi limpides qu\u2019inqui\u00e9tantes : les millennials, la g\u00e9n\u00e9ration n\u00e9e entre 1981 et 1996, pr\u00e9sentent un risque multipli\u00e9 par quatre de d\u00e9velopper cette forme de cancer par rapport aux baby-boomers (naissance entre 1946 et 1964).<\/p>\n<p>Ce bond statistique a de quoi surprendre. Jusque-l\u00e0, les cancers digestifs \u00e9taient surtout une affaire de s\u00e9niors. Mais voil\u00e0 que cette tendance s\u2019inverse, lentement mais s\u00fbrement. D\u00e9j\u00e0 point\u00e9 du doigt dans <a href=\"https:\/\/ma-sante.news\/cancer-du-colon-chez-les-jeunes-et-si-une-bacterie-en-etait-la-cause\/\" rel=\"nofollow noopener\" target=\"_blank\">la hausse des cancers colorectaux pr\u00e9coces<\/a>, le changement g\u00e9n\u00e9rationnel semble bel et bien \u00e0 l\u2019\u0153uvre dans l\u2019univers des tumeurs abdominales.<\/p>\n<p>        Cancer de l\u2019appendice : quels sont les signes ?\u00a0    <strong>Des sympt\u00f4mes discrets\u2026 et souvent ignor\u00e9s<\/strong>    <\/p>\n<p>On a longtemps cru \u00e0 une inutilit\u00e9 de l\u2019appendice et qu\u2019on pouvait facilement vivre sans. Une croyance sur laquelle on revient aujourd\u2019hui. L\u2019appendice contient en effet du tissu lympho\u00efde, ce qui lui conf\u00e8re un r\u00f4le immunitaire, et il agit comme un r\u00e9servoir de bact\u00e9ries b\u00e9n\u00e9fiques. Alors, apr\u00e8s une infection digestive, il rel\u00e2che une quantit\u00e9 de bact\u00e9ries pour restaurer le microbiote intestinale. Utile donc.<\/p>\n<p>Le vrai probl\u00e8me, en revanche, c\u2019est que lorsqu\u2019un cancer s\u2019y d\u00e9veloppe, il le fait souvent en toute discr\u00e9tion. Il \u00e9volue dans l\u2019ombre, souvent sans provoquer de sympt\u00f4mes flagrants. Ou alors, il mime d\u2019autres troubles digestifs b\u00e9nins : une g\u00eane abdominale ici, un ballonnement persistant l\u00e0, parfois une douleur vague dans le bas-ventre droit, qu\u2019on attribue volontiers \u00e0 un repas trop copieux ou \u00e0 un transit capricieux. Chez certains patients, le diagnostic ne tombe qu\u2019apr\u00e8s une appendicectomie : ce n\u2019\u00e9tait pas une simple inflammation, mais une tumeur. Surprise.<\/p>\n<p>Pour d\u2019autres,<a href=\"https:\/\/ma-sante.news\/la-fatigue-chronique-ou-lasthenie-une-vraie-maladie\/\" rel=\"nofollow noopener\" target=\"_blank\"> la fatigue chronique<\/a>, la perte d\u2019app\u00e9tit ou de poids, ou encore un inconfort digestif prolong\u00e9 auraient pu mettre la puce \u00e0 l\u2019oreille. Mais \u00e0 30 ou 40 ans, on a rarement le r\u00e9flexe de penser \u201ccancer\u201d <a href=\"https:\/\/ma-sante.news\/maux-de-ventre-et-si-cetait-lappendicite\/\" rel=\"nofollow noopener\" target=\"_blank\">quand on a mal au ventre.\u00a0<\/a><\/p>\n<p>        <strong>Pourquoi les millennials sont-ils plus touch\u00e9s que leurs a\u00een\u00e9s ?<\/strong>    <\/p>\n<p>Les scientifiques n\u2019ont pas encore toutes les r\u00e9ponses, mais plusieurs pistes s\u00e9rieuses \u00e9mergent. L\u2019\u00e9volution de notre mode de vie en est probablement l\u2019un des facteurs cl\u00e9s. L\u2019alimentation moderne, souvent<a href=\"https:\/\/ma-sante.news\/aliments-ultra-transformes-impact-maladies-chroniques\/\" rel=\"nofollow noopener\" target=\"_blank\"> trop riche en produits ultra-transform\u00e9s<\/a>, pauvre en fibres et en nutriments essentiels, n\u2019aide pas notre flore intestinale \u00e0 rester en bonne sant\u00e9.\u00a0<\/p>\n<p>\u00c0 cela s\u2019ajoutent :\u00a0<\/p>\n<p>Autant de facteurs qui, combin\u00e9s, pourraient cr\u00e9er un terrain propice au d\u00e9veloppement de tumeurs digestives. Plus globalement, cette g\u00e9n\u00e9ration grandit dans un environnement chimique tr\u00e8s diff\u00e9rent de celui de leurs grands-parents.<a href=\"https:\/\/ma-sante.news\/perturbateurs-endocriniens-comment-proteger-nos-enfants\/\" rel=\"nofollow noopener\" target=\"_blank\"> Les perturbateurs endocriniens, omnipr\u00e9sents<\/a> dans les plastiques, les cosm\u00e9tiques ou <a href=\"https:\/\/ma-sante.news\/pesticides-le-grand-retour-du-danger-dans-nos-champs\/\" rel=\"nofollow noopener\" target=\"_blank\">les pesticides<\/a>, sont aussi suspect\u00e9s de jouer un r\u00f4le dans la hausse des cancers pr\u00e9coces.<\/p>\n<p>        Un diagnostic souvent tardif, faute de d\u00e9pistage    <\/p>\n<p>Autre difficult\u00e9 : il n\u2019existe pas, \u00e0 ce jour, de d\u00e9pistage sp\u00e9cifique du cancer de l\u2019appendice. Contrairement au <a href=\"https:\/\/ma-sante.news\/mars-bleu-un-mois-de-sensibilisation-au-cancer-colorectal\/\" rel=\"nofollow noopener\" target=\"_blank\">cancer colorectal, qui b\u00e9n\u00e9ficie d\u2019un test immunologique \u00e0 partir de 50 ans en France<\/a>, cette tumeur est rarement recherch\u00e9e de mani\u00e8re proactive. Alors, dans pr\u00e8s d\u2019un cas sur deux, elle est d\u00e9tect\u00e9e \u00e0 un stade d\u00e9j\u00e0 avanc\u00e9, avec des m\u00e9tastases au niveau du p\u00e9ritoine, du foie ou des ganglions. Seule solution pour esp\u00e9rer un diagnostic plus pr\u00e9coce : rester attentif \u00e0 son corps.\u00a0<\/p>\n<p>En cas de :<\/p>\n<ul class=\"wp-block-list\">\n<li>douleurs abdominales r\u00e9currentes,\u00a0<\/li>\n<li>de troubles digestifs inhabituels\u00a0<\/li>\n<li>de perte de poids inexpliqu\u00e9e,\u00a0<\/li>\n<\/ul>\n<p>il ne faut pas h\u00e9siter \u00e0 consulter son m\u00e9decin. Un simple examen d\u2019imagerie, comme <a href=\"https:\/\/ma-sante.news\/radiologie-scanner-irm-echo-radio-difference\/\" rel=\"nofollow noopener\" target=\"_blank\">une \u00e9chographie ou un scanner<\/a>, peut parfois \u00e9viter bien des complications.<\/p>\n<p>Le cancer de l\u2019appendice reste une pathologie rare, mais sa progression chez les jeunes g\u00e9n\u00e9rations impose de ne plus le n\u00e9gliger. Si vous \u00eates un millennial, que vous mangez sur le pouce plus souvent qu\u2019\u00e0 votre tour, et que votre ventre vous envoie des signaux bizarres, prenez-le au s\u00e9rieux. Ce n\u2019est pas parce qu\u2019on a 35 ans qu\u2019on est invincible.<\/p>\n<blockquote class=\"wp-block-quote is-layout-flow wp-block-quote-is-layout-flow\">\n<p><strong>\u00c0 SAVOIR\u00a0<\/strong><\/p>\n<p>Il existe deux principaux types de cancers de l\u2019appendice : les tumeurs neuroendocrines, souvent d\u00e9couvertes par hasard et g\u00e9n\u00e9ralement peu agressives, et les ad\u00e9nocarcinomes muqueux, plus rares mais beaucoup plus dangereux. Ces derniers peuvent provoquer une accumulation de mucine dans l\u2019abdomen (pseudomyxome p\u00e9riton\u00e9al) et n\u00e9cessitent des traitements lourds comme la chirurgie combin\u00e9e \u00e0 une chimioth\u00e9rapie locale. Selon leur type et leur stade, la survie \u00e0 5 ans varie de 10 \u00e0 90\u202f% selon l\u2019Inca (Institut National du Cancer).<\/p>\n<\/blockquote>\n<p>      <a class=\"gofollow\" data-track=\"MTIsMCwxLDYw\" href=\"https:\/\/ma-sante.news\/annonceurs\/\" rel=\"nofollow noopener\" target=\"_blank\"><img loading=\"lazy\" decoding=\"async\" width=\"2560\" height=\"2133\" src=\"data:image\/svg+xml,%3Csvg%20xmlns=\" http:=\"\" data-lazy-src=\"https:\/\/www.europesays.com\/fr\/wp-content\/uploads\/2025\/03\/pub-annonceurs-4-scaled.jpg\"\/><\/a>    <img loading=\"lazy\" decoding=\"async\" width=\"755\" height=\"495\" src=\"data:image\/svg+xml,%3Csvg%20xmlns=\" http:=\"\" data-lazy-src=\"https:\/\/www.europesays.com\/fr\/wp-content\/uploads\/2025\/03\/Image1.jpg\"\/>Inscrivez-vous \u00e0 notre newsletter <br \/>Ma Sant\u00e9                      <\/p>\n","protected":false},"excerpt":{"rendered":"Le cancer de l&rsquo;appendice reste encore rare : sa pr\u00e9valence est de 0,12 cas pour un million de&hellip;\n","protected":false},"author":2,"featured_media":170858,"comment_status":"","ping_status":"","sticky":false,"template":"","format":"standard","meta":{"footnotes":""},"categories":[10],"tags":[30537,14845,1011,27,72,30538,71],"class_list":{"0":"post-170857","1":"post","2":"type-post","3":"status-publish","4":"format-standard","5":"has-post-thumbnail","7":"category-sante","8":"tag-appendicite","9":"tag-cancer-colorectal","10":"tag-fr","11":"tag-france","12":"tag-health","13":"tag-maux-de-ventre","14":"tag-sante"},"share_on_mastodon":{"url":"https:\/\/pubeurope.com\/@fr\/114670554722479889","error":""},"_links":{"self":[{"href":"https:\/\/www.europesays.com\/fr\/wp-json\/wp\/v2\/posts\/170857","targetHints":{"allow":["GET"]}}],"collection":[{"href":"https:\/\/www.europesays.com\/fr\/wp-json\/wp\/v2\/posts"}],"about":[{"href":"https:\/\/www.europesays.com\/fr\/wp-json\/wp\/v2\/types\/post"}],"author":[{"embeddable":true,"href":"https:\/\/www.europesays.com\/fr\/wp-json\/wp\/v2\/users\/2"}],"replies":[{"embeddable":true,"href":"https:\/\/www.europesays.com\/fr\/wp-json\/wp\/v2\/comments?post=170857"}],"version-history":[{"count":0,"href":"https:\/\/www.europesays.com\/fr\/wp-json\/wp\/v2\/posts\/170857\/revisions"}],"wp:featuredmedia":[{"embeddable":true,"href":"https:\/\/www.europesays.com\/fr\/wp-json\/wp\/v2\/media\/170858"}],"wp:attachment":[{"href":"https:\/\/www.europesays.com\/fr\/wp-json\/wp\/v2\/media?parent=170857"}],"wp:term":[{"taxonomy":"category","embeddable":true,"href":"https:\/\/www.europesays.com\/fr\/wp-json\/wp\/v2\/categories?post=170857"},{"taxonomy":"post_tag","embeddable":true,"href":"https:\/\/www.europesays.com\/fr\/wp-json\/wp\/v2\/tags?post=170857"}],"curies":[{"name":"wp","href":"https:\/\/api.w.org\/{rel}","templated":true}]}}