{"id":170861,"date":"2025-06-12T13:10:15","date_gmt":"2025-06-12T13:10:15","guid":{"rendered":"https:\/\/www.europesays.com\/fr\/170861\/"},"modified":"2025-06-12T13:10:15","modified_gmt":"2025-06-12T13:10:15","slug":"les-rares-photos-darnold-schwarzenegger-avec-ses-5-enfants-sur-le-tapis-rouge-californien","status":"publish","type":"post","link":"https:\/\/www.europesays.com\/fr\/170861\/","title":{"rendered":"Les rares photos d\u2019Arnold Schwarzenegger avec ses 5 enfants sur le tapis rouge californien"},"content":{"rendered":"<p>\u00c0 l\u2019occasion de l\u2019avant-premi\u00e8re de la saison 2 de la s\u00e9rie Netflix, Fubar, ce mercredi, l\u2019acteur s\u2019est avanc\u00e9 sur le tapis rouge de Los Angeles entour\u00e9 de ses cinq enfants.<\/p>\n<p class=\"fig-paragraph\">C\u2019est en famille qu\u2019Arnold Schwarzenegger a choisi de se rendre \u00e0 l\u2019avant-premi\u00e8re de Fubar.\u00a0<a href=\"http:\/\/madame.lefigaro.fr\/celebrites\/arnold-schwarzenegger-sexe-mensonges-et-gros-muscles-20240227\" data-fig-type=\"Article\" data-gtm-custom-categorie=\"navigation\" data-gtm-custom-action=\"crossclick\" data-gtm-custom-label=\"Contextuel\" data-gtm-event=\"customEventSPE\" data-fig-domain=\"MADAME\" target=\"_blank\" rel=\"noopener\">Le c\u00e9l\u00e8bre acteur<\/a>\u00a0est de retour dans la saison 2 de la s\u00e9rie Netflix. Sur le tapis rouge de l\u2019\u00e9v\u00e9nement, il \u00e9tait accompagn\u00e9 de ses cinq enfants mais a d\u2019abord pris la pose devant les photographes avec Katherine, Christina, Christopher et Patrick , issus de sa relation avec Maria Shriver. Si on entend peu parler des trois premiers, Patrick Schwarzenegger pourrait bien \u00eatre celui qui succ\u00e9dera \u00e0 son p\u00e8re.\u00a0En effet,\u00a0<a href=\"http:\/\/madame.lefigaro.fr\/celebrites\/actu-people\/terminator-junior-patrick-schwarzenegger-le-fils-de-qu-on-adore-detester-dans-the-white-lotus-20250305\" data-fig-type=\"Article\" data-gtm-custom-categorie=\"navigation\" data-gtm-custom-action=\"crossclick\" data-gtm-custom-label=\"Contextuel\" data-gtm-event=\"customEventSPE\" data-fig-domain=\"MADAME\" target=\"_blank\" rel=\"noopener\">l\u2019acteur a fait sensation dans la saison 3 de The White Lotus<\/a>, et commence \u00e0 suivre le chemin de celui qui l\u2019a \u00e9lev\u00e9.<\/p>\n<p class=\"fig-paragraph\">Mais Patrick n\u2019est pas le seul \u00e0 avoir un lien avec le cin\u00e9ma. Sa grande s\u0153ur, Katherine, qui est \u00e9crivaine, est mari\u00e9e \u00e0 l\u2019acteur Chris Pratt depuis 2019.\u00a0<a href=\"http:\/\/madame.lefigaro.fr\/celebrites\/actu-people\/katherine-la-fille-d-arnold-schwarzenegger-a-accouche-de-son-3e-enfant-avec-chris-pratt-20241113\" data-fig-type=\"Article\" data-gtm-custom-categorie=\"navigation\" data-gtm-custom-action=\"crossclick\" data-gtm-custom-label=\"Contextuel\" data-gtm-event=\"customEventSPE\" data-fig-domain=\"MADAME\" target=\"_blank\" rel=\"noopener\">Les \u00e9poux sont d\u00e9sormais parents de trois enfants<\/a>\u00a0: Lyla (4 ans), Eloise (3 ans) et Ford (7 mois). Mercredi 11 juin, l\u2019acteur des Gardiens de la galaxie \u00e9tait aussi pr\u00e9sent sur le tapis rouge aux c\u00f4t\u00e9s de sa femme et d\u2019Arnold Schwarzenegger.<\/p>\n<p class=\"fig-body-link&#10;    \">\n            \u00c0 lire aussi<br \/>\n        <a class=\"fig-body-link__link\" href=\"http:\/\/madame.lefigaro.fr\/celebrites\/actu-people\/je-n-arrivais-pas-a-y-croire-arnold-schwarzenegger-reconnait-sa-surprise-devant-la-nudite-de-son-fils-dans-the-white-lotus-20250604\" data-fig-type=\"Article\" data-gtm-custom-categorie=\"navigation\" data-gtm-custom-action=\"crossclick\" data-gtm-custom-label=\"Contextuel\" data-gtm-event=\"customEventSPE\" data-fig-domain=\"MADAME\" target=\"_blank\" rel=\"noopener\">\u00ab\u00a0Je n\u2019arrivais pas \u00e0 y croire\u00a0\u00bb\u00a0: Arnold Schwarzenegger reconna\u00eet sa surprise devant la nudit\u00e9 de son fils dans The White Lotus\u00a0<\/a>\n<\/p>\n<p>L\u2019enfant cach\u00e9<\/p>\n<p class=\"fig-paragraph\">Si la fratrie c\u00f4t\u00e9 Shriver \u00e9tait au complet ce soir-l\u00e0, le h\u00e9ros de Terminator a aussi pu compter sur la pr\u00e9sence de Joseph Baena, qui a pos\u00e9 \u00e0 ses c\u00f4t\u00e9s devant les photographes. Le cinqui\u00e8me enfant d\u2019Arnold Schwarzenegger est<a href=\"http:\/\/madame.lefigaro.fr\/celebrites\/actu-people\/joseph-baena-le-fils-illegitime-d-arnold-schwarzenegger-bodybuilder-huile-sur-les-traces-de-son-pere-20231201\" data-fig-type=\"Article\" data-gtm-custom-categorie=\"navigation\" data-gtm-custom-action=\"crossclick\" data-gtm-custom-label=\"Contextuel\" data-gtm-event=\"customEventSPE\" data-fig-domain=\"MADAME\" target=\"_blank\" rel=\"noopener\">\u00a0issu de la liaison entre l\u2019acteur de Terminator et l\u2019ancienne gouvernante de la famille, Mildred Baena<\/a>. Une infid\u00e9lit\u00e9 qui a men\u00e9 Maria Shriver et son \u00e9poux au divorce, en 2011. De son c\u00f4t\u00e9, Joseph a grandi avec sa m\u00e8re jusqu\u2019\u00e0 l\u2019\u00e2ge de 15 ans, avant de d\u00e9couvrir la v\u00e9rit\u00e9 sur sa filiation. Le jeune gar\u00e7on, qui fait aussi ses premiers pas au cin\u00e9ma, a ensuite mis du temps avant de se rapprocher de son p\u00e8re.<\/p>\n<p>    Arnold Schwarzenegger et son plus jeune fils, Joseph Baena, n\u00e9 de sa liaison avec Mildred Baena, \u00e0 l\u2019avant-premi\u00e8re de Fubar. (Los Angeles, le 11 juin 2025.)<br \/>\n                Axelle\/Bauer-Griffin \/ FilmMagic<\/p>\n<p class=\"fig-paragraph\">\u00abCela a pris un certain moment pour qu\u2019on puisse se rapprocher vraiment, pour que je puisse blaguer avec lui, parler de tout avec lui. (&#8230;) J\u2019ai grandi avec ma m\u00e8re et j\u2019\u00e9tais toujours nerveux, je ne voulais pas qu\u2019il pense \u00e0 moi en mal\u00bb, a d\u00e9clar\u00e9 Joseph Baena dans un podcast anim\u00e9 par Sophia et Sistine Stallone, en 2022,\u00a0<a href=\"https:\/\/www.parismatch.com\/People\/Le-fils-illegitime-d-Arnold-Schwarzenegger-evoque-leur-relation-Cela-a-pris-du-temps-1782463\" target=\"_blank\" rel=\"nofollow noopener\" data-gtm-custom-categorie=\"navigation\" data-gtm-custom-action=\"crossclick\" data-gtm-custom-label=\"Contextuel\" data-gtm-event=\"customEventSPE\">rapporte Paris Match<\/a> . \u00abAujourd\u2019hui c\u2019est vraiment g\u00e9nial entre nous. Je suis tellement proche de mon p\u00e8re et on blague sur tout ensemble\u00bb. Cette proximit\u00e9 a \u00e9t\u00e9 immortalis\u00e9e mercredi soir sur le tapis rouge de Fubar, r\u00e9v\u00e9lant \u00e0 nouveau la ressemblance frappante entre l\u2019ancien gouverneur de Californie et son plus jeune fils.<\/p>\n","protected":false},"excerpt":{"rendered":"\u00c0 l\u2019occasion de l\u2019avant-premi\u00e8re de la saison 2 de la s\u00e9rie Netflix, Fubar, ce mercredi, l\u2019acteur s\u2019est avanc\u00e9&hellip;\n","protected":false},"author":2,"featured_media":170862,"comment_status":"","ping_status":"","sticky":false,"template":"","format":"standard","meta":{"footnotes":""},"categories":[8],"tags":[976,7363,972,58,59,638,1011,27,977,973,975,974],"class_list":{"0":"post-170861","1":"post","2":"type-post","3":"status-publish","4":"format-standard","5":"has-post-thumbnail","7":"category-divertissement","8":"tag-actu-people","9":"tag-arnold-schwarzenegger","10":"tag-celebrite","11":"tag-divertissement","12":"tag-entertainment","13":"tag-figaro","14":"tag-fr","15":"tag-france","16":"tag-madame","17":"tag-people","18":"tag-potain-de-stars","19":"tag-star"},"share_on_mastodon":{"url":"https:\/\/pubeurope.com\/@fr\/114670562490563446","error":""},"_links":{"self":[{"href":"https:\/\/www.europesays.com\/fr\/wp-json\/wp\/v2\/posts\/170861","targetHints":{"allow":["GET"]}}],"collection":[{"href":"https:\/\/www.europesays.com\/fr\/wp-json\/wp\/v2\/posts"}],"about":[{"href":"https:\/\/www.europesays.com\/fr\/wp-json\/wp\/v2\/types\/post"}],"author":[{"embeddable":true,"href":"https:\/\/www.europesays.com\/fr\/wp-json\/wp\/v2\/users\/2"}],"replies":[{"embeddable":true,"href":"https:\/\/www.europesays.com\/fr\/wp-json\/wp\/v2\/comments?post=170861"}],"version-history":[{"count":0,"href":"https:\/\/www.europesays.com\/fr\/wp-json\/wp\/v2\/posts\/170861\/revisions"}],"wp:featuredmedia":[{"embeddable":true,"href":"https:\/\/www.europesays.com\/fr\/wp-json\/wp\/v2\/media\/170862"}],"wp:attachment":[{"href":"https:\/\/www.europesays.com\/fr\/wp-json\/wp\/v2\/media?parent=170861"}],"wp:term":[{"taxonomy":"category","embeddable":true,"href":"https:\/\/www.europesays.com\/fr\/wp-json\/wp\/v2\/categories?post=170861"},{"taxonomy":"post_tag","embeddable":true,"href":"https:\/\/www.europesays.com\/fr\/wp-json\/wp\/v2\/tags?post=170861"}],"curies":[{"name":"wp","href":"https:\/\/api.w.org\/{rel}","templated":true}]}}