{"id":170867,"date":"2025-06-12T13:13:10","date_gmt":"2025-06-12T13:13:10","guid":{"rendered":"https:\/\/www.europesays.com\/fr\/170867\/"},"modified":"2025-06-12T13:13:10","modified_gmt":"2025-06-12T13:13:10","slug":"qui-est-lev-chlosberg-opposant-a-vladimir-poutine-reste-au-pays-et-desormais-arrete","status":"publish","type":"post","link":"https:\/\/www.europesays.com\/fr\/170867\/","title":{"rendered":"Qui est Lev Chlosberg, opposant \u00e0 Vladimir Poutine rest\u00e9 au pays et d\u00e9sormais arr\u00eat\u00e9\u00a0?"},"content":{"rendered":"<p>Il est accus\u00e9 d\u2019avoir \u00ab\u00a0discr\u00e9dit\u00e9 l\u2019arm\u00e9e\u00a0\u00bb russe. Lev Chlosberg, homme politique de 61 ans et l\u2019un des rares opposants \u00e0 <a href=\"https:\/\/www.20minutes.fr\/monde\/vladimir_poutine\/\" class=\"color-ultramarine c-link\" target=\"_blank\" rel=\"noopener\">Vladimir Poutine<\/a> rest\u00e9 en Russie, a \u00e9t\u00e9 arr\u00eat\u00e9 mardi pour avoir appel\u00e9 \u00e0 un cessez-le-feu <a href=\"https:\/\/www.20minutes.fr\/monde\/ukraine\/\" class=\"color-ultramarine c-link\" target=\"_blank\" rel=\"noopener\">en Ukraine<\/a>.<\/p>\n<p><a href=\"https:\/\/www.20minutes.fr\/monde\/russie\/4072585-20240125-russie-boris-nadejdine-tient-role-opposant-vladimir-poutine-panache\" class=\"color-ultramarine c-link\" target=\"_blank\" rel=\"noopener\">L\u2019opposant<\/a> se trouve actuellement dans une prison \u00e0 Pskov, dans l\u2019attente d\u2019une audience sur son possible placement en d\u00e9tention provisoire avant un proc\u00e8s. Selon les informations communiqu\u00e9es par son parti Iabloko, il fait l\u2019objet d\u2019une proc\u00e9dure p\u00e9nale pour \u00ab\u00a0discr\u00e9dit de l\u2019arm\u00e9e\u00a0\u00bb en raison d\u2019une vid\u00e9o publi\u00e9e en janvier sur les r\u00e9seaux sociaux russes dans laquelle il d\u00e9fend la \u00ab\u00a0n\u00e9cessit\u00e9 d\u2019un <a href=\"https:\/\/www.20minutes.fr\/monde\/russie\/4153037-20250514-guerre-ukraine-fin-combats-dialogue-paix-quoi-sert-vraiment-cessez-feu\" class=\"color-ultramarine c-link\" target=\"_blank\" rel=\"noopener\">cessez-le-feu imm\u00e9diat en Ukraine\u00a0<\/a>\u00bb. Cet article de loi est r\u00e9guli\u00e8rement utilis\u00e9 pour museler les opposants \u00e0 la guerre d\u00e9clench\u00e9e par la Russie en\u00a02022.<\/p>\n<p>Une enqu\u00eate en\u00a02015<\/p>\n<p>Lev Markovich Chlosberg, de son nom complet, est membre du parti d\u2019opposition lib\u00e9ral Iabloko, \u00ab\u00a0La Pomme\u00a0\u00bb en russe, depuis\u00a01994. Deux ans plus tard, il devient le responsable de la branche de la r\u00e9gion de Pskov, dans l\u2019ouest de la Russie, puis est \u00e9lu au parlement local de\u00a02011 \u00e0\u00a02015. Il s\u2019est \u00e9galement pr\u00e9sent\u00e9 plusieurs fois aux \u00e9lections l\u00e9gislatives afin d\u2019\u00eatre \u00e9lu \u00e0 la Douma, chambre basse de l\u2019Assembl\u00e9e f\u00e9d\u00e9rale de la F\u00e9d\u00e9ration de Russie. En\u00a02021, le tribunal de Moscou annule sa candidature, notamment en raison de liens suppos\u00e9s avec la Fondation anticorruption, une ONG cr\u00e9\u00e9e par <a href=\"https:\/\/www.20minutes.fr\/monde\/alexei-navalny\/\" class=\"color-ultramarine c-link\" target=\"_blank\" rel=\"noopener\">Alexe\u00ef Navalny<\/a>. Une d\u00e9cision condamn\u00e9e trois plus tard, en septembre\u00a02024, par la Cour europ\u00e9enne des droits de l&rsquo;homme.<\/p>\n<\/p>\n<p>En\u00a02015, Chlosberg publie dans le journal local \u00ab\u00a0Pskovska\u00efa Goubernia\u00a0\u00bb des informations confidentielles sur la mort de soldats russes, pr\u00e9sum\u00e9s tu\u00e9s en combattant <a href=\"https:\/\/www.20minutes.fr\/monde\/donbass\/\" class=\"color-ultramarine c-link\" target=\"_blank\" rel=\"noopener\">dans le Donbass.<\/a> A cette \u00e9poque, Moscou avait pourtant ni\u00e9 avoir envoy\u00e9 des forces de l\u2019arm\u00e9e r\u00e9guli\u00e8re soutenir les rebelles prorusses qui se battaient en Ukraine. Lors de son enqu\u00eate, il avait \u00e9t\u00e9 violemment attaqu\u00e9 par un groupe d\u2019individus et bless\u00e9 \u00e0 la t\u00eate et aux yeux. Par ailleurs, sa d\u00e9nonciation du silence des autorit\u00e9s autour de la pr\u00e9sence de soldats russes en Ukraine lui avait valu d\u2019\u00eatre d\u00e9mis de ses fonctions par un tribunal et par un vote des d\u00e9put\u00e9s. Il retrouvera son mandat r\u00e9gional l\u2019ann\u00e9e suivante jusqu\u2019en\u00a02021.<\/p>\n<p>\u00ab\u00a0Agent de l\u2019\u00e9tranger\u00a0\u00bb<\/p>\n<p>Lev Chlosberg est l\u2019un des rares opposants au Kremlin \u00e0 s\u2019\u00eatre exprim\u00e9 publiquement contre le conflit en Ukraine tout en restant en Russie. La majorit\u00e9 d\u2019entre eux \u00e9tant d\u00e9j\u00e0 en d\u00e9tention, en exil, voire d\u00e9c\u00e9d\u00e9s. Certaines de ses positions sont cependant controvers\u00e9es\u00a0: il a notamment \u00e9t\u00e9 critiqu\u00e9 par d\u2019autres figures de l\u2019opposition pour sa d\u00e9sapprobation des <a href=\"https:\/\/www.20minutes.fr\/monde\/ukraine\/4152076-20250506-guerre-ukraine-attaque-drones-moscou-armee-russe-replique-violemment\" class=\"color-ultramarine c-link\" target=\"_blank\" rel=\"noopener\">attaques ukrainiennes<\/a> de repr\u00e9sailles sur le territoire russe.<\/p>\n<p>Ce n\u2019est pas sa premi\u00e8re proc\u00e9dure\u00a0: il avait d\u00e9j\u00e0 re\u00e7u deux amendes pour la m\u00eame accusation de \u00ab\u00a0discr\u00e9dit de l\u2019arm\u00e9e\u00a0\u00bb. Cat\u00e9goris\u00e9 comme <a href=\"https:\/\/www.20minutes.fr\/arts-stars\/medias\/2301243-20180703-russie-loi-va-obliger-certains-journalistes-declarer-comme-agents-etranger\" class=\"color-ultramarine c-link\" target=\"_blank\" rel=\"noopener\">\u00ab\u00a0agent de l\u2019\u00e9tranger\u00a0\u00bb,<\/a> une \u00e9tiquette utilis\u00e9e par le Kremlin contre toutes les voix critiques, Lev Chlosberg a \u00e9galement \u00e9t\u00e9 accus\u00e9 en octobre\u00a02024 de ne pas respecter les contraintes administratives li\u00e9es \u00e0 ce statut. Il risque jusqu\u2019\u00e0 cinq ans d\u2019emprisonnement.<\/p>\n","protected":false},"excerpt":{"rendered":"Il est accus\u00e9 d\u2019avoir \u00ab\u00a0discr\u00e9dit\u00e9 l\u2019arm\u00e9e\u00a0\u00bb russe. Lev Chlosberg, homme politique de 61 ans et l\u2019un des rares&hellip;\n","protected":false},"author":2,"featured_media":170868,"comment_status":"","ping_status":"","sticky":false,"template":"","format":"standard","meta":{"footnotes":""},"categories":[5],"tags":[47,11,1011,27,131,14,4998,74,12,17181,132,135,28],"class_list":{"0":"post-170867","1":"post","2":"type-post","3":"status-publish","4":"format-standard","5":"has-post-thumbnail","7":"category-international","8":"tag-actualite","9":"tag-actualites","10":"tag-fr","11":"tag-france","12":"tag-guerre-en-ukraine","13":"tag-international","14":"tag-kremlin","15":"tag-monde","16":"tag-news","17":"tag-opposant","18":"tag-russie","19":"tag-vladimir-poutine","20":"tag-world"},"share_on_mastodon":{"url":"https:\/\/pubeurope.com\/@fr\/114670574309848895","error":""},"_links":{"self":[{"href":"https:\/\/www.europesays.com\/fr\/wp-json\/wp\/v2\/posts\/170867","targetHints":{"allow":["GET"]}}],"collection":[{"href":"https:\/\/www.europesays.com\/fr\/wp-json\/wp\/v2\/posts"}],"about":[{"href":"https:\/\/www.europesays.com\/fr\/wp-json\/wp\/v2\/types\/post"}],"author":[{"embeddable":true,"href":"https:\/\/www.europesays.com\/fr\/wp-json\/wp\/v2\/users\/2"}],"replies":[{"embeddable":true,"href":"https:\/\/www.europesays.com\/fr\/wp-json\/wp\/v2\/comments?post=170867"}],"version-history":[{"count":0,"href":"https:\/\/www.europesays.com\/fr\/wp-json\/wp\/v2\/posts\/170867\/revisions"}],"wp:featuredmedia":[{"embeddable":true,"href":"https:\/\/www.europesays.com\/fr\/wp-json\/wp\/v2\/media\/170868"}],"wp:attachment":[{"href":"https:\/\/www.europesays.com\/fr\/wp-json\/wp\/v2\/media?parent=170867"}],"wp:term":[{"taxonomy":"category","embeddable":true,"href":"https:\/\/www.europesays.com\/fr\/wp-json\/wp\/v2\/categories?post=170867"},{"taxonomy":"post_tag","embeddable":true,"href":"https:\/\/www.europesays.com\/fr\/wp-json\/wp\/v2\/tags?post=170867"}],"curies":[{"name":"wp","href":"https:\/\/api.w.org\/{rel}","templated":true}]}}