{"id":170869,"date":"2025-06-12T13:14:10","date_gmt":"2025-06-12T13:14:10","guid":{"rendered":"https:\/\/www.europesays.com\/fr\/170869\/"},"modified":"2025-06-12T13:14:10","modified_gmt":"2025-06-12T13:14:10","slug":"un-scenario-glacant-du-changement-climatique-predit-des-hivers-a","status":"publish","type":"post","link":"https:\/\/www.europesays.com\/fr\/170869\/","title":{"rendered":"Un sc\u00e9nario gla\u00e7ant du changement climatique pr\u00e9dit des hivers \u00e0"},"content":{"rendered":"<p>Des \u00e9t\u00e9s <a href=\"https:\/\/www.20minutes.fr\/dossier\/canicule\" class=\"color-ultramarine c-link\" target=\"_blank\" rel=\"noopener\">encore plus chauds <\/a>et des <a href=\"https:\/\/www.20minutes.fr\/planete\/4138718-20250213-climat-vagues-froid-extreme-elles-definitivement-derriere\" class=\"color-ultramarine c-link\" target=\"_blank\" rel=\"noopener\">extr\u00eames hivernaux<\/a> \u00ab\u00a0beaucoup plus froids\u00a0\u00bb. C\u2019est l\u2019un des sc\u00e9narios possibles que notre plan\u00e8te pourrait conna\u00eetre avec l\u2019effondrement de l\u2019<a href=\"https:\/\/www.20minutes.fr\/planete\/2253607-20180412-circulation-courants-atlantique-plus-faible-niveau-1600-ans\" class=\"color-ultramarine c-link\" target=\"_blank\" rel=\"noopener\">Amoc, un ensemble de courants qui transporte les masses d\u2019eaux chaudes<\/a> de l\u2019\u00e9quateur vers le nord de l\u2019oc\u00e9an Atlantique, d\u00fb au <a href=\"https:\/\/www.20minutes.fr\/dossier\/changement_climatique\" class=\"color-ultramarine c-link\" target=\"_blank\" rel=\"noopener\">changement climatique<\/a>.<\/p>\n<p>Des chercheurs ont \u00e9tudi\u00e9 les cons\u00e9quences de ce sc\u00e9nario extr\u00eame dans un climat qui se serait stabilis\u00e9 \u00e0 +\u00a02\u00a0\u00b0C. Cette \u00e9tude a \u00e9t\u00e9 publi\u00e9e mercredi dans la revue scientifique <a href=\"https:\/\/agupubs.onlinelibrary.wiley.com\/doi\/10.1029\/2025GL114611\" rel=\"nofollow noopener\" target=\"_blank\" class=\"color-ultramarine c-link\">Geophysical Research Letters,<\/a> rep\u00e9r\u00e9e par <a href=\"https:\/\/www.liberation.fr\/environnement\/effondrement-de-courants-majeurs-de-latlantique-un-scenario-glacant-en-europe-du-nord-20250611_JUQP6GMU4FCFVGPM7BQXPB37AI\/?redirected=1\" rel=\"nofollow noopener\" target=\"_blank\" class=\"color-ultramarine c-link\">Lib\u00e9ration<\/a>.<\/p>\n<\/p>\n<p>\u00ab\u00a0Les r\u00e9sultats sont assez impressionnants, a comment\u00e9 pour le journal le climatologue Didier Swingedouw, du laboratoire environnements et pal\u00e9oenvironnements oc\u00e9aniques et continentaux de Bordeaux. G\u00e9n\u00e9ralement, on a tendance \u00e0 se focaliser sur le sc\u00e9nario le plus probable mais il faut aussi regarder les cas peu attendus qui pourraient avoir des cons\u00e9quences importantes.\u00a0\u00bb<\/p>\n<p>La moiti\u00e9 de l\u2019ann\u00e9e avec des temp\u00e9ratures inf\u00e9rieures \u00e0 z\u00e9ro \u00e0 Edimbourg<\/p>\n<p>Les r\u00e9sultats de l\u2019\u00e9tude montrent une Europe du nord avec des temp\u00e9ratures particuli\u00e8rement basses. Sans l\u2019Amoc, la banquise serait plus \u00e9tendue en hiver et pourrait descendre jusqu\u2019en Ecosse en janvier et couvrirait la c\u00f4te ouest de la Scandinavie.<\/p>\n<p>Ainsi, dans le sud de la Norv\u00e8ge, les temp\u00e9ratures pourraient ponctuellement atteindre pr\u00e8s de &#8211; 50\u00a0\u00b0C, soit jusqu\u2019\u00e0 25\u00a0\u00b0C plus froides que lors de la p\u00e9riode pr\u00e9industrielle. La Grande-Bretagne et les r\u00e9gions c\u00f4ti\u00e8res de la Scandinavie seraient les plus concern\u00e9es mais des villes comme Paris pourraient aussi conna\u00eetre des minimales \u00e0 -18\u00a0\u00b0C et une multiplication par trois du nombre de jours de gel.<\/p>\n<p>\u00ab\u00a0Le climat relativement doux d\u2019une ville comme Edimbourg conna\u00eetrait des changements radicaux. Par exemple, elle conna\u00eetrait 164 jours avec des temp\u00e9ratures minimales inf\u00e9rieures \u00e0 z\u00e9ro, soit pr\u00e8s de 50\u00a0% de l\u2019ann\u00e9e, et une augmentation de 133 jours par rapport au climat pr\u00e9industriel\u00a0\u00bb, d\u00e9taille dans un communiqu\u00e9 Michiel Baatsen, coauteur de l\u2019\u00e9tude, relay\u00e9 par Lib\u00e9ration.<\/p>\n<p>Les autres cons\u00e9quences d\u2019un tel sc\u00e9nario<\/p>\n<p>On parle de \u00ab\u00a0r\u00e9chauffement\u00a0\u00bb climatique mais une des cons\u00e9quences serait des hivers encore plus froids\u00a0? Oui\u00a0! Comme le rappelle Lib\u00e9ration, le changement climatique acc\u00e9l\u00e8re la fonte des calottes glaciaires, qui \u00e0 leur tour vont lib\u00e9rer de plus grandes quantit\u00e9s d\u2019eau douce dans les oc\u00e9ans qui peut ralentir l\u2019Amoc. Ce syst\u00e8me crucial qui permet d\u2019avoir des hivers plus doux, pourrait s\u2019effondrer apr\u00e8s 2100 selon certaines \u00e9tudes.<\/p>\n<p>L\u2019\u00e9tude publi\u00e9e Geophysical Research Letters pointe d\u2019ailleurs que le sc\u00e9nario analys\u00e9 entra\u00eenerait aussi d\u2019importants contrastes en fonction de la saison. \u00ab\u00a0L\u2019effondrement de l\u2019Amoc ne va pas att\u00e9nuer le changement climatique et ses effets l\u2019\u00e9t\u00e9\u00a0: les extr\u00eames seront plus chauds\u00a0\u00bb, analyse encore Didier Swingedouw pour le quotidien.<\/p>\n<p>Et le reste de la plan\u00e8te ne serait pas \u00e9pargn\u00e9 par l\u2019effondrement de l\u2019Amoc. Les auteurs de l\u2019\u00e9tude soulignent ainsi que ce sc\u00e9nario provoquerait un refroidissement \u00e9galement aux \u00c9tats-Unis, une \u00e9l\u00e9vation suppl\u00e9mentaire du niveau de la mer, un r\u00e9chauffement accru de l\u2019h\u00e9misph\u00e8re sud, de graves perturbations des syst\u00e8mes de mousson tropicaux, la lib\u00e9ration de davantage de carbone issu des oc\u00e9ans et repr\u00e9senterait de graves menaces pour les \u00e9cosyst\u00e8mes marins.<\/p>\n<p><a href=\"https:\/\/www.20minutes.fr\/dossier\/changement_climatique\" class=\"c-link c-btn c-btn--primary\" target=\"_blank\" rel=\"noopener\">Notre dossier sur le changement climatique<\/a><\/p>\n<p>Ren\u00e9 van Westen, auteur principal de l\u2019\u00e9tude, interpelle par ailleurs les \u00ab\u00a0d\u00e9cideurs politiques\u00a0\u00bb. \u00ab\u00a0Plus nous continuerons \u00e0 br\u00fbler des combustibles fossiles, plus ces probl\u00e8mes s\u2019aggraveront [\u2026] Le seul moyen d\u2019att\u00e9nuer les effets les plus catastrophiques de la crise climatique et de pr\u00e9venir les cons\u00e9quences d\u00e9vastatrices d\u2019un effondrement de l\u2019Amoc sur la soci\u00e9t\u00e9 est d\u2019effectuer des r\u00e9ductions urgentes et drastiques des \u00e9missions de gaz \u00e0 effet de serre.\u00a0\u00bb<\/p>\n","protected":false},"excerpt":{"rendered":"Des \u00e9t\u00e9s encore plus chauds et des extr\u00eames hivernaux \u00ab\u00a0beaucoup plus froids\u00a0\u00bb. C\u2019est l\u2019un des sc\u00e9narios possibles que&hellip;\n","protected":false},"author":2,"featured_media":170870,"comment_status":"","ping_status":"","sticky":false,"template":"","format":"standard","meta":{"footnotes":""},"categories":[4],"tags":[11,30539,4732,4734,9010,436,1011,27,5072,6736,662,12,10424,626,52,5140,25],"class_list":{"0":"post-170869","1":"post","2":"type-post","3":"status-publish","4":"format-standard","5":"has-post-thumbnail","7":"category-france","8":"tag-actualites","9":"tag-banquise","10":"tag-catastrophe-naturelle","11":"tag-changement-climatique","12":"tag-edimbourg","13":"tag-environnement","14":"tag-fr","15":"tag-france","16":"tag-grande-bretagne","17":"tag-hiver","18":"tag-ile-de-france","19":"tag-news","20":"tag-ocean-atlantique","21":"tag-paris","22":"tag-planete","23":"tag-rechauffement-climatique","24":"tag-republique-francaise"},"share_on_mastodon":{"url":"https:\/\/pubeurope.com\/@fr\/114670578202475343","error":""},"_links":{"self":[{"href":"https:\/\/www.europesays.com\/fr\/wp-json\/wp\/v2\/posts\/170869","targetHints":{"allow":["GET"]}}],"collection":[{"href":"https:\/\/www.europesays.com\/fr\/wp-json\/wp\/v2\/posts"}],"about":[{"href":"https:\/\/www.europesays.com\/fr\/wp-json\/wp\/v2\/types\/post"}],"author":[{"embeddable":true,"href":"https:\/\/www.europesays.com\/fr\/wp-json\/wp\/v2\/users\/2"}],"replies":[{"embeddable":true,"href":"https:\/\/www.europesays.com\/fr\/wp-json\/wp\/v2\/comments?post=170869"}],"version-history":[{"count":0,"href":"https:\/\/www.europesays.com\/fr\/wp-json\/wp\/v2\/posts\/170869\/revisions"}],"wp:featuredmedia":[{"embeddable":true,"href":"https:\/\/www.europesays.com\/fr\/wp-json\/wp\/v2\/media\/170870"}],"wp:attachment":[{"href":"https:\/\/www.europesays.com\/fr\/wp-json\/wp\/v2\/media?parent=170869"}],"wp:term":[{"taxonomy":"category","embeddable":true,"href":"https:\/\/www.europesays.com\/fr\/wp-json\/wp\/v2\/categories?post=170869"},{"taxonomy":"post_tag","embeddable":true,"href":"https:\/\/www.europesays.com\/fr\/wp-json\/wp\/v2\/tags?post=170869"}],"curies":[{"name":"wp","href":"https:\/\/api.w.org\/{rel}","templated":true}]}}